{"id":25833,"date":"2025-08-25T19:54:10","date_gmt":"2025-08-26T00:54:10","guid":{"rendered":"https:\/\/www.elamazonico.com\/portal\/?p=25833"},"modified":"2025-08-25T19:54:10","modified_gmt":"2025-08-26T00:54:10","slug":"el-ministro-john-reimberg-denuncia-a-jueza-de-zamora-por-no-dar-prision-preventiva-a-hombre-investigado-por-sicariato","status":"publish","type":"post","link":"https:\/\/www.elamazonico.com\/portal\/el-ministro-john-reimberg-denuncia-a-jueza-de-zamora-por-no-dar-prision-preventiva-a-hombre-investigado-por-sicariato\/","title":{"rendered":"El ministro John Reimberg denuncia a jueza de Zamora por no dar prisi\u00f3n preventiva a hombre investigado por sicariato"},"content":{"rendered":"<div class=\"paragraph\">\n<p>El ministro del Interior,\u00a0<b><a href=\"https:\/\/www.ecuavisa.com\/metadatos\/-\/meta\/john-reimberg\" target=\"_blank\" rel=\"noopener noreferrer\" data-mrf-link=\"https:\/\/www.ecuavisa.com\/metadatos\/-\/meta\/john-reimberg\">John Reimberg<\/a><\/b>, contin\u00faa con las denuncias a funcionarios judiciales que dejan en libertad a peligrosos delincuentes. Este 25 de agosto de 2025, cuestion\u00f3 que la\u00a0<b>jueza Ver\u00f3nica Macas<\/b>, de la Unidad Judicial Multicompetente Penal con sede en el\u00a0<b>cant\u00f3n Yantzaza (Zamora Chinchipe)<\/b>, rechaz\u00f3 el pedido de\u00a0<b><a href=\"https:\/\/www.ecuavisa.com\/metadatos\/-\/meta\/prision-preventiva\" target=\"_blank\" rel=\"noopener noreferrer\" data-mrf-link=\"https:\/\/www.ecuavisa.com\/metadatos\/-\/meta\/prision-preventiva\">prisi\u00f3n preventiva<\/a><\/b>\u00a0en contra de Rolando M., presunto sicario acusado de tentativa de homicidio y detenido por la Polic\u00eda Nacional, el jueves 21 de agosto.<\/p>\n<p>Se trata de una \u00abresoluci\u00f3n inexplicable\u00bb, expres\u00f3 el funcionario en su cuenta de X. Le otorg\u00f3\u00a0<b>\u00abrid\u00edculas medidas cautelares\u00bb<\/b>\u00a0como presentaci\u00f3n ante el<b>\u00a0fiscal de la causa\u00a0<\/b>y prohibici\u00f3n de salida del pa\u00eds.<\/p>\n<p>El funcionario pregunt\u00f3 \u00bfhasta cu\u00e1ndo la<b>\u00a0Funci\u00f3n Judicial<\/b>\u00a0del pa\u00eds tiene que tolerar este tipo de actos? \u00bfCu\u00e1ndo van a estar del lado de los\u00a0<b>ecuatorianos<\/b>\u00a0y no de los\u00a0<b>grupos delincuenciales<\/b>?<\/p>\n<p>\u00abTenemos acusado recibo de la denuncia por parte del\u00a0<b>Consejo de la Judicatura<\/b>. Esperamos el procedimiento del caso\u00bb, concluy\u00f3.<\/p>\n<p><strong>Funcionarios judiciales sancionados<\/strong><\/p>\n<\/div>\n<div class=\"paragraph\">\n<p>Hasta el pasado 10 de junio,\u00a0<b>90 servidores judiciales<\/b>\u00a0han sido\u00a0<b>destituidos<\/b>\u00a0en los \u00faltimos 11 meses por la Judicatura. Se trata de 46 jueces de 13 provincias, fiscales, asistentes administrativos, ayudantes judiciales, citadores, coordinadores provinciales, gestores de archivo, secretarios, t\u00e9cnicos de ventanilla, entre otros.<\/p>\n<p>Este es el n\u00famero de jueces sancionados:<\/p>\n<\/div>\n<ul>\n<li class=\"bullet\">Cotopaxi: 1.<\/li>\n<li class=\"bullet\">El Oro: 7.<\/li>\n<li class=\"bullet\">Tungurahua: 1.<\/li>\n<li class=\"bullet\">Los R\u00edos: 8.<\/li>\n<li class=\"bullet\">Bol\u00edvar: 2.<\/li>\n<li class=\"bullet\">Manab\u00ed: 3.<\/li>\n<li class=\"bullet\">Guayas: 8.<\/li>\n<li class=\"bullet\">Esmeraldas: 3.<\/li>\n<li class=\"bullet\">Chimborazo: 4.<\/li>\n<li class=\"bullet\">Pastaza: 1.<\/li>\n<li class=\"bullet\">Santa Elena: 1.<\/li>\n<li class=\"bullet\">Loja: 1.<\/li>\n<li class=\"bullet\">Santo Domingo: 6<\/li>\n<li class=\"bullet\">Total: 46.<\/li>\n<\/ul>\n<div class=\"paragraph\">\n<p>&nbsp;<\/p>\n<p>Los 90<b>\u00a0servidores judiciales<\/b>\u00a0destituidos corresponden a:<\/p>\n<\/div>\n<ul>\n<li class=\"bullet\">Jueces: 46.<\/li>\n<li class=\"bullet\">Fiscales: 11.<\/li>\n<li class=\"bullet\">Analistas: 2.<\/li>\n<li class=\"bullet\">Asistentes administrativos: 3.<\/li>\n<li class=\"bullet\">Ayudantes judiciales: 5.<\/li>\n<li class=\"bullet\">Citadores: 1.<\/li>\n<li class=\"bullet\">Coordinadores provinciales: 1.<\/li>\n<li class=\"bullet\">Directores provinciales: 5.<\/li>\n<li class=\"bullet\">Gestores de archivo: 2.<\/li>\n<li class=\"bullet\">Secretarios: 10.<\/li>\n<li class=\"bullet\">T\u00e9cnicos de ventanilla: 3.<\/li>\n<li class=\"bullet\">Peritos de Fiscal\u00eda: 1.<\/li>\n<li class=\"bullet\">Total: 90.\u00a0 \u00a0 <strong>Fuente: Ecuavisa<\/strong><\/li>\n<\/ul>\n","protected":false},"excerpt":{"rendered":"<p>El ministro del Interior,\u00a0John Reimberg, contin\u00faa con las denuncias a funcionarios judiciales que dejan en libertad a peligrosos delincuentes. Este 25 de agosto de 2025, cuestion\u00f3 que la\u00a0jueza Ver\u00f3nica Macas, de la Unidad Judicial Multicompetente Penal con sede en el\u00a0cant\u00f3n Yantzaza (Zamora Chinchipe), rechaz\u00f3 el pedido de\u00a0prisi\u00f3n preventiva\u00a0en contra de Rolando M., presunto sicario acusado de tentativa de homicidio y detenido por la Polic\u00eda Nacional, el jueves 21 de agosto. Se trata de una \u00abresoluci\u00f3n inexplicable\u00bb, expres\u00f3 el funcionario en su cuenta de X. Le otorg\u00f3\u00a0\u00abrid\u00edculas medidas cautelares\u00bb\u00a0como presentaci\u00f3n ante el\u00a0fiscal de la causa\u00a0y prohibici\u00f3n de salida del pa\u00eds. El funcionario pregunt\u00f3 \u00bfhasta cu\u00e1ndo la\u00a0Funci\u00f3n Judicial\u00a0del pa\u00eds tiene que tolerar este tipo de actos? \u00bfCu\u00e1ndo van a estar del lado de los\u00a0ecuatorianos\u00a0y no de los\u00a0grupos delincuenciales? \u00abTenemos acusado recibo de la denuncia por parte del\u00a0Consejo de la Judicatura. Esperamos el procedimiento del caso\u00bb, concluy\u00f3. Funcionarios judiciales sancionados Hasta el pasado 10 de junio,\u00a090 servidores judiciales\u00a0han sido\u00a0destituidos\u00a0en los \u00faltimos 11 meses por la Judicatura. Se trata de 46 jueces de 13 provincias, fiscales, asistentes administrativos, ayudantes judiciales, citadores, coordinadores provinciales, gestores de archivo, secretarios, t\u00e9cnicos de ventanilla, entre otros. Este es el n\u00famero de jueces sancionados: Cotopaxi: 1. El Oro: 7. Tungurahua: 1. Los R\u00edos: 8. Bol\u00edvar: 2. Manab\u00ed: 3. Guayas: 8. Esmeraldas: 3. Chimborazo: 4. Pastaza: 1. Santa Elena: 1. Loja: 1. Santo Domingo: 6 Total: 46. &nbsp; Los 90\u00a0servidores judiciales\u00a0destituidos corresponden a: Jueces: 46. Fiscales: 11. Analistas: 2. Asistentes administrativos: 3. Ayudantes judiciales: 5. Citadores: 1. Coordinadores provinciales: 1. Directores provinciales: 5. Gestores de archivo: 2. Secretarios: 10. T\u00e9cnicos de ventanilla: 3. Peritos de Fiscal\u00eda: 1. Total: 90.\u00a0 \u00a0 Fuente: Ecuavisa<\/p>\n","protected":false},"author":1,"featured_media":25834,"comment_status":"closed","ping_status":"closed","sticky":false,"template":"","format":"standard","meta":{"footnotes":""},"categories":[268],"tags":[],"class_list":["post-25833","post","type-post","status-publish","format-standard","has-post-thumbnail","hentry","category-nacionales"],"_links":{"self":[{"href":"https:\/\/www.elamazonico.com\/portal\/wp-json\/wp\/v2\/posts\/25833","targetHints":{"allow":["GET"]}}],"collection":[{"href":"https:\/\/www.elamazonico.com\/portal\/wp-json\/wp\/v2\/posts"}],"about":[{"href":"https:\/\/www.elamazonico.com\/portal\/wp-json\/wp\/v2\/types\/post"}],"author":[{"embeddable":true,"href":"https:\/\/www.elamazonico.com\/portal\/wp-json\/wp\/v2\/users\/1"}],"replies":[{"embeddable":true,"href":"https:\/\/www.elamazonico.com\/portal\/wp-json\/wp\/v2\/comments?post=25833"}],"version-history":[{"count":1,"href":"https:\/\/www.elamazonico.com\/portal\/wp-json\/wp\/v2\/posts\/25833\/revisions"}],"predecessor-version":[{"id":25835,"href":"https:\/\/www.elamazonico.com\/portal\/wp-json\/wp\/v2\/posts\/25833\/revisions\/25835"}],"wp:featuredmedia":[{"embeddable":true,"href":"https:\/\/www.elamazonico.com\/portal\/wp-json\/wp\/v2\/media\/25834"}],"wp:attachment":[{"href":"https:\/\/www.elamazonico.com\/portal\/wp-json\/wp\/v2\/media?parent=25833"}],"wp:term":[{"taxonomy":"category","embeddable":true,"href":"https:\/\/www.elamazonico.com\/portal\/wp-json\/wp\/v2\/categories?post=25833"},{"taxonomy":"post_tag","embeddable":true,"href":"https:\/\/www.elamazonico.com\/portal\/wp-json\/wp\/v2\/tags?post=25833"}],"curies":[{"name":"wp","href":"https:\/\/api.w.org\/{rel}","templated":true}]}}