{"id":25830,"date":"2025-08-25T19:43:10","date_gmt":"2025-08-26T00:43:10","guid":{"rendered":"https:\/\/www.elamazonico.com\/portal\/?p=25830"},"modified":"2025-08-25T19:43:10","modified_gmt":"2025-08-26T00:43:10","slug":"vidrio-libre-vinculan-a-funcionario-por-liberacion-ilegitima-de-jorge-glas-y-revelan-como-se-habria-tramado","status":"publish","type":"post","link":"https:\/\/www.elamazonico.com\/portal\/vidrio-libre-vinculan-a-funcionario-por-liberacion-ilegitima-de-jorge-glas-y-revelan-como-se-habria-tramado\/","title":{"rendered":"\u2018Vidrio Libre\u2019: vinculan a funcionario por liberaci\u00f3n ileg\u00edtima de Jorge Glas y revelan c\u00f3mo se habr\u00eda tramado"},"content":{"rendered":"<div class=\"paragraph texto\">\n<p class=\"p_0\">En el marco del caso &#8216;<b><a href=\"https:\/\/www.vistazo.com\/cronologia\/-\/meta\/caso-vidrio-libre\" target=\"_blank\" rel=\"noopener noreferrer\">Vidrio Libre<\/a><\/b>&#8216;, la Fiscal\u00eda General del Estado (FGE) vincul\u00f3 este lunes 25 de agosto al\u00a0<b>funcionario judicial\u00a0<\/b>Edison Andr\u00e9s V. por el presunto delito de\u00a0<b>asociaci\u00f3n il\u00edcita.<\/b><\/p>\n<p class=\"p_1\">En esta causa se investiga a funcionarios p\u00fablicos y abogados en libre ejercicio, quienes se habr\u00edan asociado para lograr la liberaci\u00f3n ileg\u00edtima del exvicepresidente,\u00a0<b>Jorge Glas<\/b>, evadiendo la acci\u00f3n de la justicia.<\/p>\n<\/div>\n<h2 class=\"h2vistazo\">Liberaci\u00f3n ileg\u00edtima de Glas<\/h2>\n<div class=\"paragraph texto\">\n<p class=\"p_3\">Con base en los elementos de convicci\u00f3n, el fiscal general del Estado (s), Wilson Toainga detall\u00f3 en la audiencia c\u00f3mo se habr\u00eda tramado la liberaci\u00f3n ileg\u00edtima del\u00a0<b>exvicepresidente Glas<\/b>, con la participaci\u00f3n del expresidente del Consejo de la Judicatura,\u00a0<b>Wilman Ter\u00e1n<\/b>.<\/p>\n<div class=\"Center2Display\">\n<div id=\"Center2\"><\/div>\n<\/div>\n<p class=\"p_4\">Seg\u00fan la investigaci\u00f3n, Ter\u00e1n habr\u00eda mantenido reuniones con el entonces juez\u00a0<b>Emerson Curipallo<\/b>\u00a0en el domicilio de la\u00a0<b>exjueza Anabel Torres<\/b>, donde le solicit\u00f3 que emita una medida que permita la excarcelaci\u00f3n de Glas, a cambio de archivar sus expedientes disciplinarios y de un supuesto \u201c<b>blindaje<\/b>\u201d desde el Gobierno.<\/p>\n<p class=\"p_5\">Este accionar habr\u00eda contado con el respaldo del entonces\u00a0<b>fiscal\u00a0<\/b>de Santo Domingo, V\u00edctor Hugo Alc\u00edvar, quien habr\u00eda pedido al juez proceder con la medida, garantizando que el abogado Edison L. evitar\u00eda una reacci\u00f3n institucional por parte del\u00a0<b>SNAI\u00a0<\/b>(Servicio Nacional de Atenci\u00f3n Integral a Personas Adultas Privadas de la Libertad y a Adolescentes Infractores).<\/p>\n<p class=\"p_6\">Posteriormente, Wilman Ter\u00e1n habr\u00eda\u00a0<b>redactado\u00a0<\/b>la acci\u00f3n constitucional de medida cautelar, mientras que Anabel Torres habr\u00eda coordinado el sorteo en la Unidad Judicial de Santo Domingo a trav\u00e9s de\u00a0<b>Edison Andr\u00e9s V.\u00a0<\/b>(reci\u00e9n vinculado al caso &#8216;Vidrio Libre&#8217;), quien\u00a0<u>habr\u00eda manipulado el sistema para que Emerson Curipallo sea el juez asignado y habilitado para recibir la causa<\/u>. El patrocinio, presentaci\u00f3n y tramitaci\u00f3n recay\u00f3 en el abogado Cristhian P.<\/p>\n<p class=\"p_7\">El 26 de noviembre de 2022, en Santo Domingo, Cristhian P. present\u00f3 la\u00a0<b>demanda\u00a0<\/b>constitucional en beneficio del\u00a0<b>exvicepresidente<\/b>. Fue sorteada al despacho del juez Emerson Curipallo, quien dos d\u00edas despu\u00e9s, el 28 de noviembre, resolvi\u00f3 a\u00a0<b>favor\u00a0<\/b>del solicitante.<\/p>\n<p class=\"p_8\">Mediante esa resoluci\u00f3n, se orden\u00f3 que\u00a0<b>Jorge Glas<\/b>\u00a0se presentara una vez por semana en la Penitenciar\u00eda del Litoral, se le prohibi\u00f3 salir del pa\u00eds y se emiti\u00f3 la boleta de\u00a0<b>excarcelamiento<\/b>.<\/p>\n<p class=\"p_10\">Al t\u00e9rmino de la audiencia, el Juez que conoce el caso dict\u00f3\u00a0<b>medidas cautelares\u00a0<\/b>contra Edison Andr\u00e9s V.: prohibici\u00f3n de ausentarse del pa\u00eds y presentaci\u00f3n peri\u00f3dica cada quince d\u00edas en la Corte Provincial de Justicia de Santo Domingo de los Ts\u00e1chilas.<\/p>\n<p class=\"p_11\">En esta causa tambi\u00e9n est\u00e1n\u00a0<b>procesados\u00a0<\/b>el expresidente del Consejo de la Judicatura, Wilman Ter\u00e1n; el exfiscal V\u00edctor Hugo Alc\u00edvar; la exjueza Anabel Torres; y los abogados Cristhian P. y Edison L., como presuntos\u00a0<b>autores directos\u00a0<\/b>del delito. <strong>Fuente: Vistazo<\/strong><\/p>\n<\/div>\n","protected":false},"excerpt":{"rendered":"<p>En el marco del caso &#8216;Vidrio Libre&#8216;, la Fiscal\u00eda General del Estado (FGE) vincul\u00f3 este lunes 25 de agosto al\u00a0funcionario judicial\u00a0Edison Andr\u00e9s V. por el presunto delito de\u00a0asociaci\u00f3n il\u00edcita. En esta causa se investiga a funcionarios p\u00fablicos y abogados en libre ejercicio, quienes se habr\u00edan asociado para lograr la liberaci\u00f3n ileg\u00edtima del exvicepresidente,\u00a0Jorge Glas, evadiendo la acci\u00f3n de la justicia. Liberaci\u00f3n ileg\u00edtima de Glas Con base en los elementos de convicci\u00f3n, el fiscal general del Estado (s), Wilson Toainga detall\u00f3 en la audiencia c\u00f3mo se habr\u00eda tramado la liberaci\u00f3n ileg\u00edtima del\u00a0exvicepresidente Glas, con la participaci\u00f3n del expresidente del Consejo de la Judicatura,\u00a0Wilman Ter\u00e1n. Seg\u00fan la investigaci\u00f3n, Ter\u00e1n habr\u00eda mantenido reuniones con el entonces juez\u00a0Emerson Curipallo\u00a0en el domicilio de la\u00a0exjueza Anabel Torres, donde le solicit\u00f3 que emita una medida que permita la excarcelaci\u00f3n de Glas, a cambio de archivar sus expedientes disciplinarios y de un supuesto \u201cblindaje\u201d desde el Gobierno. Este accionar habr\u00eda contado con el respaldo del entonces\u00a0fiscal\u00a0de Santo Domingo, V\u00edctor Hugo Alc\u00edvar, quien habr\u00eda pedido al juez proceder con la medida, garantizando que el abogado Edison L. evitar\u00eda una reacci\u00f3n institucional por parte del\u00a0SNAI\u00a0(Servicio Nacional de Atenci\u00f3n Integral a Personas Adultas Privadas de la Libertad y a Adolescentes Infractores). Posteriormente, Wilman Ter\u00e1n habr\u00eda\u00a0redactado\u00a0la acci\u00f3n constitucional de medida cautelar, mientras que Anabel Torres habr\u00eda coordinado el sorteo en la Unidad Judicial de Santo Domingo a trav\u00e9s de\u00a0Edison Andr\u00e9s V.\u00a0(reci\u00e9n vinculado al caso &#8216;Vidrio Libre&#8217;), quien\u00a0habr\u00eda manipulado el sistema para que Emerson Curipallo sea el juez asignado y habilitado para recibir la causa. El patrocinio, presentaci\u00f3n y tramitaci\u00f3n recay\u00f3 en el abogado Cristhian P. El 26 de noviembre de 2022, en Santo Domingo, Cristhian P. present\u00f3 la\u00a0demanda\u00a0constitucional en beneficio del\u00a0exvicepresidente. Fue sorteada al despacho del juez Emerson Curipallo, quien dos d\u00edas despu\u00e9s, el 28 de noviembre, resolvi\u00f3 a\u00a0favor\u00a0del solicitante. Mediante esa resoluci\u00f3n, se orden\u00f3 que\u00a0Jorge Glas\u00a0se presentara una vez por semana en la Penitenciar\u00eda del Litoral, se le prohibi\u00f3 salir del pa\u00eds y se emiti\u00f3 la boleta de\u00a0excarcelamiento. Al t\u00e9rmino de la audiencia, el Juez que conoce el caso dict\u00f3\u00a0medidas cautelares\u00a0contra Edison Andr\u00e9s V.: prohibici\u00f3n de ausentarse del pa\u00eds y presentaci\u00f3n peri\u00f3dica cada quince d\u00edas en la Corte Provincial de Justicia de Santo Domingo de los Ts\u00e1chilas. En esta causa tambi\u00e9n est\u00e1n\u00a0procesados\u00a0el expresidente del Consejo de la Judicatura, Wilman Ter\u00e1n; el exfiscal V\u00edctor Hugo Alc\u00edvar; la exjueza Anabel Torres; y los abogados Cristhian P. y Edison L., como presuntos\u00a0autores directos\u00a0del delito. Fuente: Vistazo<\/p>\n","protected":false},"author":1,"featured_media":25831,"comment_status":"closed","ping_status":"closed","sticky":false,"template":"","format":"standard","meta":{"footnotes":""},"categories":[268],"tags":[],"class_list":["post-25830","post","type-post","status-publish","format-standard","has-post-thumbnail","hentry","category-nacionales"],"_links":{"self":[{"href":"https:\/\/www.elamazonico.com\/portal\/wp-json\/wp\/v2\/posts\/25830","targetHints":{"allow":["GET"]}}],"collection":[{"href":"https:\/\/www.elamazonico.com\/portal\/wp-json\/wp\/v2\/posts"}],"about":[{"href":"https:\/\/www.elamazonico.com\/portal\/wp-json\/wp\/v2\/types\/post"}],"author":[{"embeddable":true,"href":"https:\/\/www.elamazonico.com\/portal\/wp-json\/wp\/v2\/users\/1"}],"replies":[{"embeddable":true,"href":"https:\/\/www.elamazonico.com\/portal\/wp-json\/wp\/v2\/comments?post=25830"}],"version-history":[{"count":1,"href":"https:\/\/www.elamazonico.com\/portal\/wp-json\/wp\/v2\/posts\/25830\/revisions"}],"predecessor-version":[{"id":25832,"href":"https:\/\/www.elamazonico.com\/portal\/wp-json\/wp\/v2\/posts\/25830\/revisions\/25832"}],"wp:featuredmedia":[{"embeddable":true,"href":"https:\/\/www.elamazonico.com\/portal\/wp-json\/wp\/v2\/media\/25831"}],"wp:attachment":[{"href":"https:\/\/www.elamazonico.com\/portal\/wp-json\/wp\/v2\/media?parent=25830"}],"wp:term":[{"taxonomy":"category","embeddable":true,"href":"https:\/\/www.elamazonico.com\/portal\/wp-json\/wp\/v2\/categories?post=25830"},{"taxonomy":"post_tag","embeddable":true,"href":"https:\/\/www.elamazonico.com\/portal\/wp-json\/wp\/v2\/tags?post=25830"}],"curies":[{"name":"wp","href":"https:\/\/api.w.org\/{rel}","templated":true}]}}