{"id":25823,"date":"2025-08-25T14:51:15","date_gmt":"2025-08-25T19:51:15","guid":{"rendered":"https:\/\/www.elamazonico.com\/portal\/?p=25823"},"modified":"2025-08-25T14:51:15","modified_gmt":"2025-08-25T19:51:15","slug":"jose-serrano-enfrenta-este-lunes-su-primera-audiencia-migratoria-en-ee-uu-tras-17-dias-detenido","status":"publish","type":"post","link":"https:\/\/www.elamazonico.com\/portal\/jose-serrano-enfrenta-este-lunes-su-primera-audiencia-migratoria-en-ee-uu-tras-17-dias-detenido\/","title":{"rendered":"Jos\u00e9 Serrano enfrenta este lunes su primera audiencia migratoria en EE. UU. tras 17 d\u00edas detenido"},"content":{"rendered":"<p>El exministro del Interior y expresidente de la Asamblea Nacional,\u00a0<strong>Jos\u00e9 Serrano<\/strong>, comparecer\u00e1 este\u00a0<strong>lunes 25 de agosto de 2025<\/strong>\u00a0ante las autoridades migratorias de Estados Unidos, luego de permanecer\u00a0<strong>17 d\u00edas bajo custodia<\/strong>\u00a0del Servicio de Control de Inmigraci\u00f3n y Aduanas (ICE).<\/p>\n<p>Serrano se encuentra retenido en el\u00a0<strong>centro de procesamiento Krome<\/strong>, en Miami, a la espera de que se determine si ser\u00e1\u00a0<strong>deportado o sometido a procesos judiciales<\/strong>\u00a0en ese pa\u00eds.<\/p>\n<p>Aunque las causas de su detenci\u00f3n no han sido reveladas, su situaci\u00f3n se complica tras la denuncia presentada el pasado\u00a0<strong>22 de agosto<\/strong>\u00a0por\u00a0<strong>Diego Vallejo<\/strong>, exasesor de Serrano, rese\u00f1a Ecuavisa. Vallejo ingres\u00f3 un escrito de\u00a0<strong>14 p\u00e1ginas<\/strong>\u00a0en la Fiscal\u00eda Distrital de Florida, donde solicita investigar al exministro por\u00a0<strong>presuntos actos de corrupci\u00f3n y posibles actividades il\u00edcitas con nexos en Estados Unidos<\/strong>.<\/p>\n<p>Vallejo tambi\u00e9n entreg\u00f3 el documento a la Secretar\u00eda del Departamento de Seguridad Nacional, en el que detalla supuestos casos de corrupci\u00f3n vinculados a Serrano durante el corre\u00edsmo. Su petici\u00f3n es que\u00a0<strong>Serrano no sea deportado al Ecuador<\/strong>, sino que responda ante la justicia norteamericana.<\/p>\n<p>Paralelamente, el exfuncionario deber\u00e1 enfrentar una segunda audiencia este\u00a0<strong>26 de agosto en Ecuador<\/strong>, donde la Fiscal\u00eda pedir\u00e1 su\u00a0<strong>vinculaci\u00f3n al asesinato de Fernando Villavicencio<\/strong>, excandidato presidencial. En ese proceso tambi\u00e9n est\u00e1n se\u00f1alados el exasamble\u00edsta corre\u00edsta\u00a0<strong>Ronny Aleaga<\/strong>, el pr\u00f3fugo\u00a0<strong>Xavier Jord\u00e1n<\/strong>\u00a0y\u00a0<strong>Daniel Salcedo<\/strong>.<\/p>\n<p>Serrano viaj\u00f3 a Estados Unidos en\u00a0<strong>2022<\/strong>, despu\u00e9s de haber ocupado varios ministerios durante el gobierno de\u00a0<strong>Rafael Correa<\/strong>\u00a0y de haber presidido la Asamblea Nacional. Intent\u00f3 ser candidato presidencial en las elecciones pasadas, pero desisti\u00f3 porque deb\u00eda inscribirse de manera presencial en Ecuador, algo que rechaz\u00f3 por motivos de seguridad.<\/p>\n<p>Ahora, el futuro pol\u00edtico y legal de Serrano queda en manos de\u00a0<strong>dos escenarios judiciales paralelos<\/strong>: uno en Estados Unidos, que definir\u00e1 su permanencia o deportaci\u00f3n, y otro en Ecuador, donde se decidir\u00e1 si enfrentar\u00e1 cargos en el caso Villavicencio.<\/p>\n","protected":false},"excerpt":{"rendered":"<p>El exministro del Interior y expresidente de la Asamblea Nacional,\u00a0Jos\u00e9 Serrano, comparecer\u00e1 este\u00a0lunes 25 de agosto de 2025\u00a0ante las autoridades migratorias de Estados Unidos, luego de permanecer\u00a017 d\u00edas bajo custodia\u00a0del Servicio de Control de Inmigraci\u00f3n y Aduanas (ICE). Serrano se encuentra retenido en el\u00a0centro de procesamiento Krome, en Miami, a la espera de que se determine si ser\u00e1\u00a0deportado o sometido a procesos judiciales\u00a0en ese pa\u00eds. Aunque las causas de su detenci\u00f3n no han sido reveladas, su situaci\u00f3n se complica tras la denuncia presentada el pasado\u00a022 de agosto\u00a0por\u00a0Diego Vallejo, exasesor de Serrano, rese\u00f1a Ecuavisa. Vallejo ingres\u00f3 un escrito de\u00a014 p\u00e1ginas\u00a0en la Fiscal\u00eda Distrital de Florida, donde solicita investigar al exministro por\u00a0presuntos actos de corrupci\u00f3n y posibles actividades il\u00edcitas con nexos en Estados Unidos. Vallejo tambi\u00e9n entreg\u00f3 el documento a la Secretar\u00eda del Departamento de Seguridad Nacional, en el que detalla supuestos casos de corrupci\u00f3n vinculados a Serrano durante el corre\u00edsmo. Su petici\u00f3n es que\u00a0Serrano no sea deportado al Ecuador, sino que responda ante la justicia norteamericana. Paralelamente, el exfuncionario deber\u00e1 enfrentar una segunda audiencia este\u00a026 de agosto en Ecuador, donde la Fiscal\u00eda pedir\u00e1 su\u00a0vinculaci\u00f3n al asesinato de Fernando Villavicencio, excandidato presidencial. En ese proceso tambi\u00e9n est\u00e1n se\u00f1alados el exasamble\u00edsta corre\u00edsta\u00a0Ronny Aleaga, el pr\u00f3fugo\u00a0Xavier Jord\u00e1n\u00a0y\u00a0Daniel Salcedo. Serrano viaj\u00f3 a Estados Unidos en\u00a02022, despu\u00e9s de haber ocupado varios ministerios durante el gobierno de\u00a0Rafael Correa\u00a0y de haber presidido la Asamblea Nacional. Intent\u00f3 ser candidato presidencial en las elecciones pasadas, pero desisti\u00f3 porque deb\u00eda inscribirse de manera presencial en Ecuador, algo que rechaz\u00f3 por motivos de seguridad. Ahora, el futuro pol\u00edtico y legal de Serrano queda en manos de\u00a0dos escenarios judiciales paralelos: uno en Estados Unidos, que definir\u00e1 su permanencia o deportaci\u00f3n, y otro en Ecuador, donde se decidir\u00e1 si enfrentar\u00e1 cargos en el caso Villavicencio.<\/p>\n","protected":false},"author":1,"featured_media":25824,"comment_status":"closed","ping_status":"closed","sticky":false,"template":"","format":"standard","meta":{"footnotes":""},"categories":[268],"tags":[],"class_list":["post-25823","post","type-post","status-publish","format-standard","has-post-thumbnail","hentry","category-nacionales"],"_links":{"self":[{"href":"https:\/\/www.elamazonico.com\/portal\/wp-json\/wp\/v2\/posts\/25823","targetHints":{"allow":["GET"]}}],"collection":[{"href":"https:\/\/www.elamazonico.com\/portal\/wp-json\/wp\/v2\/posts"}],"about":[{"href":"https:\/\/www.elamazonico.com\/portal\/wp-json\/wp\/v2\/types\/post"}],"author":[{"embeddable":true,"href":"https:\/\/www.elamazonico.com\/portal\/wp-json\/wp\/v2\/users\/1"}],"replies":[{"embeddable":true,"href":"https:\/\/www.elamazonico.com\/portal\/wp-json\/wp\/v2\/comments?post=25823"}],"version-history":[{"count":1,"href":"https:\/\/www.elamazonico.com\/portal\/wp-json\/wp\/v2\/posts\/25823\/revisions"}],"predecessor-version":[{"id":25825,"href":"https:\/\/www.elamazonico.com\/portal\/wp-json\/wp\/v2\/posts\/25823\/revisions\/25825"}],"wp:featuredmedia":[{"embeddable":true,"href":"https:\/\/www.elamazonico.com\/portal\/wp-json\/wp\/v2\/media\/25824"}],"wp:attachment":[{"href":"https:\/\/www.elamazonico.com\/portal\/wp-json\/wp\/v2\/media?parent=25823"}],"wp:term":[{"taxonomy":"category","embeddable":true,"href":"https:\/\/www.elamazonico.com\/portal\/wp-json\/wp\/v2\/categories?post=25823"},{"taxonomy":"post_tag","embeddable":true,"href":"https:\/\/www.elamazonico.com\/portal\/wp-json\/wp\/v2\/tags?post=25823"}],"curies":[{"name":"wp","href":"https:\/\/api.w.org\/{rel}","templated":true}]}}