{"id":25820,"date":"2025-08-25T14:41:50","date_gmt":"2025-08-25T19:41:50","guid":{"rendered":"https:\/\/www.elamazonico.com\/portal\/?p=25820"},"modified":"2025-08-25T14:41:50","modified_gmt":"2025-08-25T19:41:50","slug":"el-pangui-inaugura-centro-comunitario-y-remodela-estadio-en-el-remolino","status":"publish","type":"post","link":"https:\/\/www.elamazonico.com\/portal\/el-pangui-inaugura-centro-comunitario-y-remodela-estadio-en-el-remolino\/","title":{"rendered":"El Pangui inaugura centro comunitario y remodela estadio en El Remolino"},"content":{"rendered":"<p>Con encuentros deportivos y demostraciones culturales, la Alcald\u00eda de El Pangui inaugur\u00f3 un nuevo Centro de Desarrollo Comunitario, adem\u00e1s de la remodelaci\u00f3n integral de las bater\u00edas sanitarias y del estadio en el barrio El Remolino, parroquia El Guismi.<\/p>\n<p>Este importante proyecto fortalece la infraestructura comunitaria, mejora los servicios y apoya al deporte en beneficio de m\u00e1s de un centenar de habitantes del sector. Para su ejecuci\u00f3n, el municipio invirti\u00f3 USD 34.403,05.<\/p>\n<p>M\u00e1ximo Rolando Vicente, morador del sector, se\u00f1al\u00f3 \u201cal recorrer las instalaciones confirmamos que el eslogan \u2018S\u00ed Cumplimos\u2019 se hace realidad. Las acciones y las obras hablan m\u00e1s que mil palabras, y hoy podemos constatar su trabajo se\u00f1or alcalde\u201d.<\/p>\n<p>Por su parte, Rolando Wampusar, presidente del barrio, agradeci\u00f3 el apoyo municipal \u201cesta obra es sumamente importante. Gracias al se\u00f1or alcalde y a la directiva por la gesti\u00f3n. No es la primera vez que recibimos su ayuda, esperamos que siga adelante junto a su equipo\u201d.<\/p>\n<p>Jos\u00e9 Luis Torres, en representaci\u00f3n del Concejo Municipal, destac\u00f3 el compromiso de las autoridades, \u201ccomo concejo hemos distribuido obras para todas las comunidades, buscando que todos los habitantes se sientan atendidos por esta administraci\u00f3n\u201d.<\/p>\n<p>Finalmente, el alcalde Jairo Herrera con el corte de cinta inaugural reafirm\u00f3 el compromiso de la municipalidad \u201cese voto de confianza que recibimos se convierte en obras. Hoy entregamos un centro comunitario y la remodelaci\u00f3n de las bater\u00edas sanitarias. Seguiremos trabajando y gestionando para llegar con m\u00e1s proyectos a este barrio y a todo el cant\u00f3n\u201d, enfatiz\u00f3.<\/p>\n<p>El nuevo Centro de Desarrollo Comunitario, con 108 metros cuadrados de construcci\u00f3n, cuenta con oficina, sal\u00f3n de sesiones y bodega. A ello se suman la adecuaci\u00f3n de las bater\u00edas sanitarias y el mantenimiento del estadio de la comunidad.<\/p>\n<p>Con esta entrega, la municipalidad completa tres Centros de Desarrollo Comunitario en la parroquia El Guismi (centro urbano, El Remolino y San Andr\u00e9s), promoviendo la inclusi\u00f3n, la participaci\u00f3n ciudadana y el fortalecimiento social.<\/p>\n","protected":false},"excerpt":{"rendered":"<p>Con encuentros deportivos y demostraciones culturales, la Alcald\u00eda de El Pangui inaugur\u00f3 un nuevo Centro de Desarrollo Comunitario, adem\u00e1s de la remodelaci\u00f3n integral de las bater\u00edas sanitarias y del estadio en el barrio El Remolino, parroquia El Guismi. Este importante proyecto fortalece la infraestructura comunitaria, mejora los servicios y apoya al deporte en beneficio de m\u00e1s de un centenar de habitantes del sector. Para su ejecuci\u00f3n, el municipio invirti\u00f3 USD 34.403,05. M\u00e1ximo Rolando Vicente, morador del sector, se\u00f1al\u00f3 \u201cal recorrer las instalaciones confirmamos que el eslogan \u2018S\u00ed Cumplimos\u2019 se hace realidad. Las acciones y las obras hablan m\u00e1s que mil palabras, y hoy podemos constatar su trabajo se\u00f1or alcalde\u201d. Por su parte, Rolando Wampusar, presidente del barrio, agradeci\u00f3 el apoyo municipal \u201cesta obra es sumamente importante. Gracias al se\u00f1or alcalde y a la directiva por la gesti\u00f3n. No es la primera vez que recibimos su ayuda, esperamos que siga adelante junto a su equipo\u201d. Jos\u00e9 Luis Torres, en representaci\u00f3n del Concejo Municipal, destac\u00f3 el compromiso de las autoridades, \u201ccomo concejo hemos distribuido obras para todas las comunidades, buscando que todos los habitantes se sientan atendidos por esta administraci\u00f3n\u201d. Finalmente, el alcalde Jairo Herrera con el corte de cinta inaugural reafirm\u00f3 el compromiso de la municipalidad \u201cese voto de confianza que recibimos se convierte en obras. Hoy entregamos un centro comunitario y la remodelaci\u00f3n de las bater\u00edas sanitarias. Seguiremos trabajando y gestionando para llegar con m\u00e1s proyectos a este barrio y a todo el cant\u00f3n\u201d, enfatiz\u00f3. El nuevo Centro de Desarrollo Comunitario, con 108 metros cuadrados de construcci\u00f3n, cuenta con oficina, sal\u00f3n de sesiones y bodega. A ello se suman la adecuaci\u00f3n de las bater\u00edas sanitarias y el mantenimiento del estadio de la comunidad. Con esta entrega, la municipalidad completa tres Centros de Desarrollo Comunitario en la parroquia El Guismi (centro urbano, El Remolino y San Andr\u00e9s), promoviendo la inclusi\u00f3n, la participaci\u00f3n ciudadana y el fortalecimiento social.<\/p>\n","protected":false},"author":1,"featured_media":25821,"comment_status":"closed","ping_status":"closed","sticky":false,"template":"","format":"standard","meta":{"footnotes":""},"categories":[243],"tags":[],"class_list":["post-25820","post","type-post","status-publish","format-standard","has-post-thumbnail","hentry","category-noticias-zamora"],"_links":{"self":[{"href":"https:\/\/www.elamazonico.com\/portal\/wp-json\/wp\/v2\/posts\/25820","targetHints":{"allow":["GET"]}}],"collection":[{"href":"https:\/\/www.elamazonico.com\/portal\/wp-json\/wp\/v2\/posts"}],"about":[{"href":"https:\/\/www.elamazonico.com\/portal\/wp-json\/wp\/v2\/types\/post"}],"author":[{"embeddable":true,"href":"https:\/\/www.elamazonico.com\/portal\/wp-json\/wp\/v2\/users\/1"}],"replies":[{"embeddable":true,"href":"https:\/\/www.elamazonico.com\/portal\/wp-json\/wp\/v2\/comments?post=25820"}],"version-history":[{"count":1,"href":"https:\/\/www.elamazonico.com\/portal\/wp-json\/wp\/v2\/posts\/25820\/revisions"}],"predecessor-version":[{"id":25822,"href":"https:\/\/www.elamazonico.com\/portal\/wp-json\/wp\/v2\/posts\/25820\/revisions\/25822"}],"wp:featuredmedia":[{"embeddable":true,"href":"https:\/\/www.elamazonico.com\/portal\/wp-json\/wp\/v2\/media\/25821"}],"wp:attachment":[{"href":"https:\/\/www.elamazonico.com\/portal\/wp-json\/wp\/v2\/media?parent=25820"}],"wp:term":[{"taxonomy":"category","embeddable":true,"href":"https:\/\/www.elamazonico.com\/portal\/wp-json\/wp\/v2\/categories?post=25820"},{"taxonomy":"post_tag","embeddable":true,"href":"https:\/\/www.elamazonico.com\/portal\/wp-json\/wp\/v2\/tags?post=25820"}],"curies":[{"name":"wp","href":"https:\/\/api.w.org\/{rel}","templated":true}]}}