{"id":25811,"date":"2025-08-25T10:46:32","date_gmt":"2025-08-25T15:46:32","guid":{"rendered":"https:\/\/www.elamazonico.com\/portal\/?p=25811"},"modified":"2025-08-25T12:18:57","modified_gmt":"2025-08-25T17:18:57","slug":"tertulia-juridica-analiza-la-cooperacion-eficaz-en-los-procesos-penales","status":"publish","type":"post","link":"https:\/\/www.elamazonico.com\/portal\/tertulia-juridica-analiza-la-cooperacion-eficaz-en-los-procesos-penales\/","title":{"rendered":"\u201cTertulia Jur\u00eddica\u201d analiza la cooperaci\u00f3n eficaz en los procesos penales"},"content":{"rendered":"<p>El espacio acad\u00e9mico \u201cTertulia Jur\u00eddica\u201d, conducido por los abogados Franco Tamay Vega y Jamil \u00c1vila, desarroll\u00f3 en su m\u00e1s reciente edici\u00f3n un an\u00e1lisis profundo sobre la figura de la cooperaci\u00f3n eficaz en los procesos penales. Para este di\u00e1logo se cont\u00f3 con la participaci\u00f3n del Dr. Richard \u00cdtalo Villag\u00f3mez Cabezas, jurista de reconocida trayectoria y doctor en jurisprudencia por la Universidad Central del Ecuador.<\/p>\n<p><strong>La cooperaci\u00f3n eficaz: doble naturaleza y fundamento internacional<\/strong><br \/>\nVillag\u00f3mez explic\u00f3 que la cooperaci\u00f3n eficaz constituye una instituci\u00f3n jur\u00eddica de doble naturaleza: por un lado, un componente sustantivo vinculado a la teor\u00eda del delito y, por otro, un aspecto procesal o adjetivo que permite su aplicaci\u00f3n en sede judicial.<\/p>\n<p>Record\u00f3 que esta figura se incorpora al marco normativo ecuatoriano como consecuencia de la Convenci\u00f3n de Palermo \u2014instrumento internacional orientado a combatir el narcotr\u00e1fico y la delincuencia organizada transnacional\u2014 y que, desde el 2014, se encuentra regulada en el C\u00f3digo Org\u00e1nico Integral Penal (COIP).<\/p>\n<p><strong>Alcances y riesgos de la figura<\/strong><br \/>\nEl expositor detall\u00f3 que el cooperador eficaz es aquel procesado que, a cambio de una reducci\u00f3n significativa de su pena, aporta informaci\u00f3n relevante y pruebas para desarticular estructuras criminales. No obstante, advirti\u00f3 que su sola declaraci\u00f3n no basta para condenar, ya que debe estar respaldada por pruebas de corroboraci\u00f3n de calidad y sustancia.<\/p>\n<p>De lo contrario \u2014se\u00f1al\u00f3\u2014 podr\u00edan generarse \u201cfalsos positivos\u201d o desv\u00edos en las investigaciones, como ha ocurrido en otras realidades latinoamericanas. Por ello, subray\u00f3 que el rol del fiscal y el control judicial resultan decisivos para garantizar la eficacia y legitimidad de este mecanismo.<\/p>\n<p><strong>Beneficios y aplicaci\u00f3n procesal<\/strong><br \/>\nVillag\u00f3mez puntualiz\u00f3 que el art\u00edculo 493 del COIP establece dos escenarios de reducci\u00f3n de pena:<br \/>\n\u2022 Hasta el 20% del m\u00ednimo previsto en el tipo penal, aplicable de forma general.<br \/>\n\u2022 Hasta el 10% del m\u00ednimo legal, en casos de alta relevancia social.<\/p>\n<p>Estos acuerdos, indic\u00f3, deben celebrarse entre el fiscal y el procesado en la etapa investigativa, para luego ser sometidos a control judicial en audiencia preliminar y consolidarse definitivamente en la sentencia del tribunal de juicio.<br \/>\nReflexi\u00f3n final<\/p>\n<p>La tertulia concluy\u00f3 resaltando que la cooperaci\u00f3n eficaz es un instrumento \u00fatil y positivo en la lucha contra la delincuencia organizada, siempre que se maneje con rigor t\u00e9cnico y jur\u00eddico. Los organizadores reiteraron su compromiso de seguir generando espacios de an\u00e1lisis cr\u00edtico y formaci\u00f3n ciudadana sobre temas de actualidad jur\u00eddica en el Ecuador.<\/p>\n","protected":false},"excerpt":{"rendered":"<p>El espacio acad\u00e9mico \u201cTertulia Jur\u00eddica\u201d, conducido por los abogados Franco Tamay Vega y Jamil \u00c1vila, desarroll\u00f3 en su m\u00e1s reciente edici\u00f3n un an\u00e1lisis profundo sobre la figura de la cooperaci\u00f3n eficaz en los procesos penales. Para este di\u00e1logo se cont\u00f3 con la participaci\u00f3n del Dr. Richard \u00cdtalo Villag\u00f3mez Cabezas, jurista de reconocida trayectoria y doctor en jurisprudencia por la Universidad Central del Ecuador. La cooperaci\u00f3n eficaz: doble naturaleza y fundamento internacional Villag\u00f3mez explic\u00f3 que la cooperaci\u00f3n eficaz constituye una instituci\u00f3n jur\u00eddica de doble naturaleza: por un lado, un componente sustantivo vinculado a la teor\u00eda del delito y, por otro, un aspecto procesal o adjetivo que permite su aplicaci\u00f3n en sede judicial. Record\u00f3 que esta figura se incorpora al marco normativo ecuatoriano como consecuencia de la Convenci\u00f3n de Palermo \u2014instrumento internacional orientado a combatir el narcotr\u00e1fico y la delincuencia organizada transnacional\u2014 y que, desde el 2014, se encuentra regulada en el C\u00f3digo Org\u00e1nico Integral Penal (COIP). Alcances y riesgos de la figura El expositor detall\u00f3 que el cooperador eficaz es aquel procesado que, a cambio de una reducci\u00f3n significativa de su pena, aporta informaci\u00f3n relevante y pruebas para desarticular estructuras criminales. No obstante, advirti\u00f3 que su sola declaraci\u00f3n no basta para condenar, ya que debe estar respaldada por pruebas de corroboraci\u00f3n de calidad y sustancia. De lo contrario \u2014se\u00f1al\u00f3\u2014 podr\u00edan generarse \u201cfalsos positivos\u201d o desv\u00edos en las investigaciones, como ha ocurrido en otras realidades latinoamericanas. Por ello, subray\u00f3 que el rol del fiscal y el control judicial resultan decisivos para garantizar la eficacia y legitimidad de este mecanismo. Beneficios y aplicaci\u00f3n procesal Villag\u00f3mez puntualiz\u00f3 que el art\u00edculo 493 del COIP establece dos escenarios de reducci\u00f3n de pena: \u2022 Hasta el 20% del m\u00ednimo previsto en el tipo penal, aplicable de forma general. \u2022 Hasta el 10% del m\u00ednimo legal, en casos de alta relevancia social. Estos acuerdos, indic\u00f3, deben celebrarse entre el fiscal y el procesado en la etapa investigativa, para luego ser sometidos a control judicial en audiencia preliminar y consolidarse definitivamente en la sentencia del tribunal de juicio. Reflexi\u00f3n final La tertulia concluy\u00f3 resaltando que la cooperaci\u00f3n eficaz es un instrumento \u00fatil y positivo en la lucha contra la delincuencia organizada, siempre que se maneje con rigor t\u00e9cnico y jur\u00eddico. Los organizadores reiteraron su compromiso de seguir generando espacios de an\u00e1lisis cr\u00edtico y formaci\u00f3n ciudadana sobre temas de actualidad jur\u00eddica en el Ecuador.<\/p>\n","protected":false},"author":1,"featured_media":25818,"comment_status":"closed","ping_status":"closed","sticky":false,"template":"","format":"standard","meta":{"footnotes":""},"categories":[268,243],"tags":[],"class_list":["post-25811","post","type-post","status-publish","format-standard","has-post-thumbnail","hentry","category-nacionales","category-noticias-zamora"],"_links":{"self":[{"href":"https:\/\/www.elamazonico.com\/portal\/wp-json\/wp\/v2\/posts\/25811","targetHints":{"allow":["GET"]}}],"collection":[{"href":"https:\/\/www.elamazonico.com\/portal\/wp-json\/wp\/v2\/posts"}],"about":[{"href":"https:\/\/www.elamazonico.com\/portal\/wp-json\/wp\/v2\/types\/post"}],"author":[{"embeddable":true,"href":"https:\/\/www.elamazonico.com\/portal\/wp-json\/wp\/v2\/users\/1"}],"replies":[{"embeddable":true,"href":"https:\/\/www.elamazonico.com\/portal\/wp-json\/wp\/v2\/comments?post=25811"}],"version-history":[{"count":2,"href":"https:\/\/www.elamazonico.com\/portal\/wp-json\/wp\/v2\/posts\/25811\/revisions"}],"predecessor-version":[{"id":25819,"href":"https:\/\/www.elamazonico.com\/portal\/wp-json\/wp\/v2\/posts\/25811\/revisions\/25819"}],"wp:featuredmedia":[{"embeddable":true,"href":"https:\/\/www.elamazonico.com\/portal\/wp-json\/wp\/v2\/media\/25818"}],"wp:attachment":[{"href":"https:\/\/www.elamazonico.com\/portal\/wp-json\/wp\/v2\/media?parent=25811"}],"wp:term":[{"taxonomy":"category","embeddable":true,"href":"https:\/\/www.elamazonico.com\/portal\/wp-json\/wp\/v2\/categories?post=25811"},{"taxonomy":"post_tag","embeddable":true,"href":"https:\/\/www.elamazonico.com\/portal\/wp-json\/wp\/v2\/tags?post=25811"}],"curies":[{"name":"wp","href":"https:\/\/api.w.org\/{rel}","templated":true}]}}