{"id":25808,"date":"2025-08-25T10:32:00","date_gmt":"2025-08-25T15:32:00","guid":{"rendered":"https:\/\/www.elamazonico.com\/portal\/?p=25808"},"modified":"2025-08-25T10:32:00","modified_gmt":"2025-08-25T15:32:00","slug":"lanzamiento-del-vii-festival-internacional-costumbre-tradicion-y-cultura-edicion-en-pareja-zamora-2025","status":"publish","type":"post","link":"https:\/\/www.elamazonico.com\/portal\/lanzamiento-del-vii-festival-internacional-costumbre-tradicion-y-cultura-edicion-en-pareja-zamora-2025\/","title":{"rendered":"Lanzamiento del VII Festival Internacional \u201cCostumbre, Tradici\u00f3n y Cultura\u201d \u2013 Edici\u00f3n en Pareja, Zamora 2025"},"content":{"rendered":"<p>En las instalaciones de la Unidad Educativa San Francisco de As\u00eds se llev\u00f3 a cabo la rueda de prensa para el lanzamiento oficial del VII Festival Internacional \u201cCostumbre, Tradici\u00f3n y Cultura\u201d (Edici\u00f3n en Pareja), un evento art\u00edstico que reunir\u00e1 delegaciones nacionales e internacionales en un encuentro cultural de gran magnitud.<\/p>\n<p>El festival, que se desarrollar\u00e1 del 10 al 15 de septiembre en distintas ciudades del pa\u00eds, tendr\u00e1 como sede central a Zamora los d\u00edas 11 y 12 de septiembre, en el Coliseo Deportivo de Zamora y en el Instituto \u201cPrimero de Mayo\u201d, respectivamente. Posteriormente, la programaci\u00f3n continuar\u00e1 en la ciudad de Loja, el s\u00e1bado 13 de septiembre.<\/p>\n<p><strong>Un espacio de integraci\u00f3n cultural<\/strong><br \/>\nEl profesor de danza Oswaldo Camacho, en representaci\u00f3n de la Unidad Educativa San Francisco de As\u00eds, expres\u00f3 el honor que representa para la instituci\u00f3n ser parte activa de este evento, destacando la participaci\u00f3n de pa\u00edses como Bolivia, Uruguay, Argentina, Per\u00fa, Colombia y M\u00e9xico, adem\u00e1s de reconocidas agrupaciones ecuatorianas provenientes de Quito, Guayaquil, Riobamba y Saraguro.<\/p>\n<p>Asimismo, resalt\u00f3 el rol de los grupos de danza locales, entre ellos la agrupaci\u00f3n Qhapaq \u00d1an, dirigida por el profesor Segundo Castillo, y el grupo Takamai, quienes se preparan para mostrar la riqueza cultural de Zamora y del Ecuador en un escenario internacional.<\/p>\n<p><strong>Reconocimiento al Ballet Folkl\u00f3rico Nacional \u201cLlakta Kamay\u201d<\/strong><br \/>\nDurante la rueda de prensa, el director del Ballet Folklorico Nacional Llakta Kamay, Emersson Quinche, anunci\u00f3 que en el marco del festival se rendir\u00e1 un homenaje a esta agrupaci\u00f3n, tras obtener el tercer lugar a nivel nacional en el prestigioso concurso de las Octavas del Corpus Christi, realizado en junio en Pujil\u00ed, provincia de Cotopaxi.<\/p>\n<p>Quinche agradeci\u00f3 a la organizaci\u00f3n por el reconocimiento y se\u00f1al\u00f3 que este logro los posiciona como una de las agrupaciones m\u00e1s destacadas del sur del pa\u00eds, lo que enaltece a Zamora Chinchipe y fortalece su proyecci\u00f3n cultural.<\/p>\n<p><strong>Un esfuerzo conjunto<\/strong><br \/>\nPor su parte, Patricio Bernal, representante de la empresa PYROST, subray\u00f3 la importancia de la articulaci\u00f3n institucional que ha permitido llevar el festival a Zamora por primera vez, con el apoyo de la Unidad Educativa San Francisco de As\u00eds y la empresa privada. Destac\u00f3, adem\u00e1s, que este evento ha recorrido ciudades como Quito, Cuenca y Ambato, consolid\u00e1ndose como un referente en la difusi\u00f3n del folclore latinoamericano.<\/p>\n<p>Finalmente, la rectora de la instituci\u00f3n anfitriona, M\u00f3nica Songor, resalt\u00f3 que el festival no solo representa una oportunidad para apreciar la danza y la m\u00fasica de distintos pa\u00edses, sino tambi\u00e9n un espacio para proyectar el talento zamorano y revalorizar la identidad cultural de la provincia. Al mismo tiempo, hizo un llamado a la ciudadan\u00eda para apoyar este encuentro art\u00edstico, recordando que el acceso tendr\u00e1 un valor simb\u00f3lico de tres d\u00f3lares por persona, con el fin de facilitar la participaci\u00f3n masiva del p\u00fablico.<\/p>\n<p><strong>Un festival que une naciones<\/strong><br \/>\nEl VII Festival Internacional \u201cCostumbre, Tradici\u00f3n y Cultura\u201d se fortalece como un puente de integraci\u00f3n cultural, donde Ecuador y Zamora Chinchipe mostrar\u00e1n su riqueza art\u00edstica frente a destacadas delegaciones extranjeras. La edici\u00f3n 2025, en formato de parejas, promete convertirse en un espect\u00e1culo de intercambio y hermandad, reafirmando que la danza y la cultura son expresiones universales que trascienden fronteras.<\/p>\n","protected":false},"excerpt":{"rendered":"<p>En las instalaciones de la Unidad Educativa San Francisco de As\u00eds se llev\u00f3 a cabo la rueda de prensa para el lanzamiento oficial del VII Festival Internacional \u201cCostumbre, Tradici\u00f3n y Cultura\u201d (Edici\u00f3n en Pareja), un evento art\u00edstico que reunir\u00e1 delegaciones nacionales e internacionales en un encuentro cultural de gran magnitud. El festival, que se desarrollar\u00e1 del 10 al 15 de septiembre en distintas ciudades del pa\u00eds, tendr\u00e1 como sede central a Zamora los d\u00edas 11 y 12 de septiembre, en el Coliseo Deportivo de Zamora y en el Instituto \u201cPrimero de Mayo\u201d, respectivamente. Posteriormente, la programaci\u00f3n continuar\u00e1 en la ciudad de Loja, el s\u00e1bado 13 de septiembre. Un espacio de integraci\u00f3n cultural El profesor de danza Oswaldo Camacho, en representaci\u00f3n de la Unidad Educativa San Francisco de As\u00eds, expres\u00f3 el honor que representa para la instituci\u00f3n ser parte activa de este evento, destacando la participaci\u00f3n de pa\u00edses como Bolivia, Uruguay, Argentina, Per\u00fa, Colombia y M\u00e9xico, adem\u00e1s de reconocidas agrupaciones ecuatorianas provenientes de Quito, Guayaquil, Riobamba y Saraguro. Asimismo, resalt\u00f3 el rol de los grupos de danza locales, entre ellos la agrupaci\u00f3n Qhapaq \u00d1an, dirigida por el profesor Segundo Castillo, y el grupo Takamai, quienes se preparan para mostrar la riqueza cultural de Zamora y del Ecuador en un escenario internacional. Reconocimiento al Ballet Folkl\u00f3rico Nacional \u201cLlakta Kamay\u201d Durante la rueda de prensa, el director del Ballet Folklorico Nacional Llakta Kamay, Emersson Quinche, anunci\u00f3 que en el marco del festival se rendir\u00e1 un homenaje a esta agrupaci\u00f3n, tras obtener el tercer lugar a nivel nacional en el prestigioso concurso de las Octavas del Corpus Christi, realizado en junio en Pujil\u00ed, provincia de Cotopaxi. Quinche agradeci\u00f3 a la organizaci\u00f3n por el reconocimiento y se\u00f1al\u00f3 que este logro los posiciona como una de las agrupaciones m\u00e1s destacadas del sur del pa\u00eds, lo que enaltece a Zamora Chinchipe y fortalece su proyecci\u00f3n cultural. Un esfuerzo conjunto Por su parte, Patricio Bernal, representante de la empresa PYROST, subray\u00f3 la importancia de la articulaci\u00f3n institucional que ha permitido llevar el festival a Zamora por primera vez, con el apoyo de la Unidad Educativa San Francisco de As\u00eds y la empresa privada. Destac\u00f3, adem\u00e1s, que este evento ha recorrido ciudades como Quito, Cuenca y Ambato, consolid\u00e1ndose como un referente en la difusi\u00f3n del folclore latinoamericano. Finalmente, la rectora de la instituci\u00f3n anfitriona, M\u00f3nica Songor, resalt\u00f3 que el festival no solo representa una oportunidad para apreciar la danza y la m\u00fasica de distintos pa\u00edses, sino tambi\u00e9n un espacio para proyectar el talento zamorano y revalorizar la identidad cultural de la provincia. Al mismo tiempo, hizo un llamado a la ciudadan\u00eda para apoyar este encuentro art\u00edstico, recordando que el acceso tendr\u00e1 un valor simb\u00f3lico de tres d\u00f3lares por persona, con el fin de facilitar la participaci\u00f3n masiva del p\u00fablico. Un festival que une naciones El VII Festival Internacional \u201cCostumbre, Tradici\u00f3n y Cultura\u201d se fortalece como un puente de integraci\u00f3n cultural, donde Ecuador y Zamora Chinchipe mostrar\u00e1n su riqueza art\u00edstica frente a destacadas delegaciones extranjeras. La edici\u00f3n 2025, en formato de parejas, promete convertirse en un espect\u00e1culo de intercambio y hermandad, reafirmando que la danza y la cultura son expresiones universales que trascienden fronteras.<\/p>\n","protected":false},"author":1,"featured_media":25809,"comment_status":"closed","ping_status":"closed","sticky":false,"template":"","format":"standard","meta":{"footnotes":""},"categories":[243],"tags":[],"class_list":["post-25808","post","type-post","status-publish","format-standard","has-post-thumbnail","hentry","category-noticias-zamora"],"_links":{"self":[{"href":"https:\/\/www.elamazonico.com\/portal\/wp-json\/wp\/v2\/posts\/25808","targetHints":{"allow":["GET"]}}],"collection":[{"href":"https:\/\/www.elamazonico.com\/portal\/wp-json\/wp\/v2\/posts"}],"about":[{"href":"https:\/\/www.elamazonico.com\/portal\/wp-json\/wp\/v2\/types\/post"}],"author":[{"embeddable":true,"href":"https:\/\/www.elamazonico.com\/portal\/wp-json\/wp\/v2\/users\/1"}],"replies":[{"embeddable":true,"href":"https:\/\/www.elamazonico.com\/portal\/wp-json\/wp\/v2\/comments?post=25808"}],"version-history":[{"count":1,"href":"https:\/\/www.elamazonico.com\/portal\/wp-json\/wp\/v2\/posts\/25808\/revisions"}],"predecessor-version":[{"id":25810,"href":"https:\/\/www.elamazonico.com\/portal\/wp-json\/wp\/v2\/posts\/25808\/revisions\/25810"}],"wp:featuredmedia":[{"embeddable":true,"href":"https:\/\/www.elamazonico.com\/portal\/wp-json\/wp\/v2\/media\/25809"}],"wp:attachment":[{"href":"https:\/\/www.elamazonico.com\/portal\/wp-json\/wp\/v2\/media?parent=25808"}],"wp:term":[{"taxonomy":"category","embeddable":true,"href":"https:\/\/www.elamazonico.com\/portal\/wp-json\/wp\/v2\/categories?post=25808"},{"taxonomy":"post_tag","embeddable":true,"href":"https:\/\/www.elamazonico.com\/portal\/wp-json\/wp\/v2\/tags?post=25808"}],"curies":[{"name":"wp","href":"https:\/\/api.w.org\/{rel}","templated":true}]}}