{"id":25805,"date":"2025-08-25T10:13:18","date_gmt":"2025-08-25T15:13:18","guid":{"rendered":"https:\/\/www.elamazonico.com\/portal\/?p=25805"},"modified":"2025-08-25T10:13:18","modified_gmt":"2025-08-25T15:13:18","slug":"daniel-noboa-hay-un-informe-que-demuestra-que-venezuela-financio-la-campana-de-luisa-gonzalez","status":"publish","type":"post","link":"https:\/\/www.elamazonico.com\/portal\/daniel-noboa-hay-un-informe-que-demuestra-que-venezuela-financio-la-campana-de-luisa-gonzalez\/","title":{"rendered":"Daniel Noboa: \u201cHay un informe que demuestra que Venezuela financi\u00f3 la campa\u00f1a de Luisa Gonz\u00e1lez\u201d"},"content":{"rendered":"<div class=\"md:col-span-2\">\n<div class=\"flex flex-wrap\">\n<div class=\"basis-full md:basis-2\/5 z-100 content-center p-1\">\n<div class=\"story-introtext afacad-flux font-light text-base md:text-lg ml-6\">El presidente Daniel Noboa asegur\u00f3 en una entrevista con diario Clar\u00edn de Argentina que un informe de inteligencia de EE.UU. revela que Venezuela financi\u00f3 gran parte de la campa\u00f1a de Luisa Gonz\u00e1lez.<\/div>\n<div class=\"story-publishup afacad-flux font-light uppercase text-sm md:text-base text-[#929497] ml-6\">24 de Agosto de 2025<\/div>\n<div class=\"story-publishup afacad-flux font-light uppercase text-sm md:text-base text-[#929497] ml-6\"><\/div>\n<\/div>\n<\/div>\n<\/div>\n<div class=\"md:order-3 afacad-flux font-normal text-lg p-2\">\n<p>El presidente de la Rep\u00fablica\u00a0<strong>Daniel Noboa<\/strong>, concedi\u00f3 una entrevista al diario argentino\u00a0<em>Clar\u00edn<\/em>\u00a0en la que abord\u00f3 temas de pol\u00edtica interna, relaciones internacionales y seguridad. Entre sus declaraciones m\u00e1s contundentes, destac\u00f3 que existe un\u00a0<strong>informe de inteligencia de Estados Unidos<\/strong>\u00a0que se\u00f1ala que\u00a0<strong>Venezuela financi\u00f3 gran parte de la campa\u00f1a electoral de Luisa Gonz\u00e1lez<\/strong>, su principal rival en las elecciones de 2023.<\/p>\n<p>\u201c<strong>Lo vimos en la calle. El dinero que se gastaron en esa campa\u00f1a fue impresionante<\/strong>\u201d, asegur\u00f3 Noboa, al referirse a la magnitud de los recursos invertidos por la candidata de la Revoluci\u00f3n Ciudadana.<\/p>\n<h2><strong>Relaci\u00f3n con Milei y la regi\u00f3n<\/strong><\/h2>\n<p>Consultado sobre su relaci\u00f3n con el presidente argentino\u00a0<strong>Javier Milei<\/strong>, Noboa afirm\u00f3 que lo considera \u201cun amigo\u201d, aunque destac\u00f3 que eso no significa pensar igual. \u201c<strong>Podemos ser amigos y ser diferentes. Si todos los amigos fueran iguales, \u00a1qu\u00e9 aburrida ser\u00eda la vida!<\/strong>\u201d, expres\u00f3.<\/p>\n<p>El mandatario resalt\u00f3 adem\u00e1s los\u00a0<strong>acuerdos de cooperaci\u00f3n firmados con Argentina en enero de 2024<\/strong>, los cuales \u2013dijo\u2013 han sido cruciales en la\u00a0<strong>lucha contra el narcotr\u00e1fico y el lavado de activos<\/strong>, evitando que criminales ecuatorianos encuentren refugio en territorio argentino. Tambi\u00e9n mencion\u00f3 sus di\u00e1logos con\u00a0<strong>Yamand\u00fa Orsi (Uruguay)<\/strong>\u00a0y\u00a0<strong>Luiz In\u00e1cio Lula da Silva (Brasil)<\/strong>, subrayando que su pol\u00edtica exterior busca \u201cjusticia, dignidad y seguridad\u201d.<\/p>\n<h2><strong>Polarizaci\u00f3n y corre\u00edsmo<\/strong><\/h2>\n<p>Sobre la polarizaci\u00f3n pol\u00edtica en la regi\u00f3n, Noboa insisti\u00f3 en que su gobierno mantiene una l\u00ednea pragm\u00e1tica, cercana al\u00a0<strong>centro pol\u00edtico<\/strong>, con pol\u00edticas sociales inspiradas en la socialdemocracia. \u201c<strong>El centro en Ecuador hoy representa el 65% del pa\u00eds. Los j\u00f3venes no quieren extremismos, quieren soluciones reales<\/strong>\u201d, se\u00f1al\u00f3.<\/p>\n<p>En cuanto al corre\u00edsmo, fue claro: \u201c<strong>S\u00ed, Rafael Correa est\u00e1 bien acusado. Hay pruebas irrefutables de corrupci\u00f3n, como en la Refiner\u00eda del Pac\u00edfico, donde se gastaron 1.200 millones de d\u00f3lares y hoy no existe nada<\/strong>\u201d. Noboa record\u00f3 que su familia tambi\u00e9n fue perseguida durante ese periodo, pero recalc\u00f3 que sus posiciones actuales no responden a \u201cuna revancha pol\u00edtica\u201d.<\/p>\n<h2><strong>Relaci\u00f3n con EE.UU., China y Venezuela<\/strong><\/h2>\n<p>El mandatario reconoci\u00f3 que no es f\u00e1cil equilibrar las relaciones con Estados Unidos y China, pero enfatiz\u00f3 que Ecuador ha sido \u201cun aliado confiable\u201d de Washington en temas migratorios y de seguridad. Tambi\u00e9n confirm\u00f3 conversaciones para reducir aranceles impuestos recientemente por la administraci\u00f3n de\u00a0<strong>Donald Trump<\/strong>.<\/p>\n<p>Sobre Venezuela, expres\u00f3 su apoyo a la\u00a0<strong>lucha contra el narcotr\u00e1fico transnacional<\/strong>\u00a0y fue enf\u00e1tico al se\u00f1alar la gravedad de las denuncias contra el\u00a0<strong>Cartel de los Soles<\/strong>: \u201c<strong>Es muy grave. Nosotros vemos la afectaci\u00f3n en el Ecuador, c\u00f3mo familias enteras terminan destrozadas por la violencia ligada al narcotr\u00e1fico<\/strong>\u201d.<\/p>\n<h2><strong>Seguridad y modelo Noboa<\/strong><\/h2>\n<p>Noboa defendi\u00f3 su estrategia contra el crimen organizado, se\u00f1alando la captura de 11 de los 18 criminales m\u00e1s buscados del pa\u00eds y la reducci\u00f3n del \u00e1rea de influencia de los grupos narcoterroristas. Rechaz\u00f3 el estilo de seguridad de Nayib Bukele en El Salvador: \u201c<strong>Me gusta el estilo Noboa. Es fuerte, pero tambi\u00e9n con empat\u00eda y resultados econ\u00f3micos<\/strong>\u201d.<\/p>\n<h2><strong>Caso Glas y M\u00e9xico<\/strong><\/h2>\n<p>Sobre la pol\u00e9mica incursi\u00f3n en la\u00a0<strong>Embajada de M\u00e9xico<\/strong>\u00a0para capturar al exvicepresidente\u00a0<strong>Jorge Glas<\/strong>, Noboa sostuvo que \u201chubiese preferido que no ocurra ninguna de las dos cosas: ni que refugien a un corrupto ni que nos obliguen a actuar\u201d. Asegur\u00f3 no haber tenido contacto con la presidenta mexicana\u00a0<strong>Claudia Sheinbaum<\/strong>. <strong>Fuente: El Tel\u00e9grafo<\/strong><\/p>\n<\/div>\n","protected":false},"excerpt":{"rendered":"<p>El presidente Daniel Noboa asegur\u00f3 en una entrevista con diario Clar\u00edn de Argentina que un informe de inteligencia de EE.UU. revela que Venezuela financi\u00f3 gran parte de la campa\u00f1a de Luisa Gonz\u00e1lez. 24 de Agosto de 2025 El presidente de la Rep\u00fablica\u00a0Daniel Noboa, concedi\u00f3 una entrevista al diario argentino\u00a0Clar\u00edn\u00a0en la que abord\u00f3 temas de pol\u00edtica interna, relaciones internacionales y seguridad. Entre sus declaraciones m\u00e1s contundentes, destac\u00f3 que existe un\u00a0informe de inteligencia de Estados Unidos\u00a0que se\u00f1ala que\u00a0Venezuela financi\u00f3 gran parte de la campa\u00f1a electoral de Luisa Gonz\u00e1lez, su principal rival en las elecciones de 2023. \u201cLo vimos en la calle. El dinero que se gastaron en esa campa\u00f1a fue impresionante\u201d, asegur\u00f3 Noboa, al referirse a la magnitud de los recursos invertidos por la candidata de la Revoluci\u00f3n Ciudadana. Relaci\u00f3n con Milei y la regi\u00f3n Consultado sobre su relaci\u00f3n con el presidente argentino\u00a0Javier Milei, Noboa afirm\u00f3 que lo considera \u201cun amigo\u201d, aunque destac\u00f3 que eso no significa pensar igual. \u201cPodemos ser amigos y ser diferentes. Si todos los amigos fueran iguales, \u00a1qu\u00e9 aburrida ser\u00eda la vida!\u201d, expres\u00f3. El mandatario resalt\u00f3 adem\u00e1s los\u00a0acuerdos de cooperaci\u00f3n firmados con Argentina en enero de 2024, los cuales \u2013dijo\u2013 han sido cruciales en la\u00a0lucha contra el narcotr\u00e1fico y el lavado de activos, evitando que criminales ecuatorianos encuentren refugio en territorio argentino. Tambi\u00e9n mencion\u00f3 sus di\u00e1logos con\u00a0Yamand\u00fa Orsi (Uruguay)\u00a0y\u00a0Luiz In\u00e1cio Lula da Silva (Brasil), subrayando que su pol\u00edtica exterior busca \u201cjusticia, dignidad y seguridad\u201d. Polarizaci\u00f3n y corre\u00edsmo Sobre la polarizaci\u00f3n pol\u00edtica en la regi\u00f3n, Noboa insisti\u00f3 en que su gobierno mantiene una l\u00ednea pragm\u00e1tica, cercana al\u00a0centro pol\u00edtico, con pol\u00edticas sociales inspiradas en la socialdemocracia. \u201cEl centro en Ecuador hoy representa el 65% del pa\u00eds. Los j\u00f3venes no quieren extremismos, quieren soluciones reales\u201d, se\u00f1al\u00f3. En cuanto al corre\u00edsmo, fue claro: \u201cS\u00ed, Rafael Correa est\u00e1 bien acusado. Hay pruebas irrefutables de corrupci\u00f3n, como en la Refiner\u00eda del Pac\u00edfico, donde se gastaron 1.200 millones de d\u00f3lares y hoy no existe nada\u201d. Noboa record\u00f3 que su familia tambi\u00e9n fue perseguida durante ese periodo, pero recalc\u00f3 que sus posiciones actuales no responden a \u201cuna revancha pol\u00edtica\u201d. Relaci\u00f3n con EE.UU., China y Venezuela El mandatario reconoci\u00f3 que no es f\u00e1cil equilibrar las relaciones con Estados Unidos y China, pero enfatiz\u00f3 que Ecuador ha sido \u201cun aliado confiable\u201d de Washington en temas migratorios y de seguridad. Tambi\u00e9n confirm\u00f3 conversaciones para reducir aranceles impuestos recientemente por la administraci\u00f3n de\u00a0Donald Trump. Sobre Venezuela, expres\u00f3 su apoyo a la\u00a0lucha contra el narcotr\u00e1fico transnacional\u00a0y fue enf\u00e1tico al se\u00f1alar la gravedad de las denuncias contra el\u00a0Cartel de los Soles: \u201cEs muy grave. Nosotros vemos la afectaci\u00f3n en el Ecuador, c\u00f3mo familias enteras terminan destrozadas por la violencia ligada al narcotr\u00e1fico\u201d. Seguridad y modelo Noboa Noboa defendi\u00f3 su estrategia contra el crimen organizado, se\u00f1alando la captura de 11 de los 18 criminales m\u00e1s buscados del pa\u00eds y la reducci\u00f3n del \u00e1rea de influencia de los grupos narcoterroristas. Rechaz\u00f3 el estilo de seguridad de Nayib Bukele en El Salvador: \u201cMe gusta el estilo Noboa. Es fuerte, pero tambi\u00e9n con empat\u00eda y resultados econ\u00f3micos\u201d. Caso Glas y M\u00e9xico Sobre la pol\u00e9mica incursi\u00f3n en la\u00a0Embajada de M\u00e9xico\u00a0para capturar al exvicepresidente\u00a0Jorge Glas, Noboa sostuvo que \u201chubiese preferido que no ocurra ninguna de las dos cosas: ni que refugien a un corrupto ni que nos obliguen a actuar\u201d. Asegur\u00f3 no haber tenido contacto con la presidenta mexicana\u00a0Claudia Sheinbaum. Fuente: El Tel\u00e9grafo<\/p>\n","protected":false},"author":1,"featured_media":25806,"comment_status":"closed","ping_status":"closed","sticky":false,"template":"","format":"standard","meta":{"footnotes":""},"categories":[268],"tags":[],"class_list":["post-25805","post","type-post","status-publish","format-standard","has-post-thumbnail","hentry","category-nacionales"],"_links":{"self":[{"href":"https:\/\/www.elamazonico.com\/portal\/wp-json\/wp\/v2\/posts\/25805","targetHints":{"allow":["GET"]}}],"collection":[{"href":"https:\/\/www.elamazonico.com\/portal\/wp-json\/wp\/v2\/posts"}],"about":[{"href":"https:\/\/www.elamazonico.com\/portal\/wp-json\/wp\/v2\/types\/post"}],"author":[{"embeddable":true,"href":"https:\/\/www.elamazonico.com\/portal\/wp-json\/wp\/v2\/users\/1"}],"replies":[{"embeddable":true,"href":"https:\/\/www.elamazonico.com\/portal\/wp-json\/wp\/v2\/comments?post=25805"}],"version-history":[{"count":1,"href":"https:\/\/www.elamazonico.com\/portal\/wp-json\/wp\/v2\/posts\/25805\/revisions"}],"predecessor-version":[{"id":25807,"href":"https:\/\/www.elamazonico.com\/portal\/wp-json\/wp\/v2\/posts\/25805\/revisions\/25807"}],"wp:featuredmedia":[{"embeddable":true,"href":"https:\/\/www.elamazonico.com\/portal\/wp-json\/wp\/v2\/media\/25806"}],"wp:attachment":[{"href":"https:\/\/www.elamazonico.com\/portal\/wp-json\/wp\/v2\/media?parent=25805"}],"wp:term":[{"taxonomy":"category","embeddable":true,"href":"https:\/\/www.elamazonico.com\/portal\/wp-json\/wp\/v2\/categories?post=25805"},{"taxonomy":"post_tag","embeddable":true,"href":"https:\/\/www.elamazonico.com\/portal\/wp-json\/wp\/v2\/tags?post=25805"}],"curies":[{"name":"wp","href":"https:\/\/api.w.org\/{rel}","templated":true}]}}