{"id":25802,"date":"2025-08-25T09:55:48","date_gmt":"2025-08-25T14:55:48","guid":{"rendered":"https:\/\/www.elamazonico.com\/portal\/?p=25802"},"modified":"2025-08-25T09:55:48","modified_gmt":"2025-08-25T14:55:48","slug":"todos-los-meses-voy-al-hospital-a-preguntar-cuando-compran-las-protesis-dice-afiliado-del-iess-uno-de-los-242-afectados","status":"publish","type":"post","link":"https:\/\/www.elamazonico.com\/portal\/todos-los-meses-voy-al-hospital-a-preguntar-cuando-compran-las-protesis-dice-afiliado-del-iess-uno-de-los-242-afectados\/","title":{"rendered":"\u201cTodos los meses voy al hospital a preguntar \u00bfcu\u00e1ndo compran las pr\u00f3tesis?\u201d, dice afiliado del IESS, uno de los 242 afectados"},"content":{"rendered":"<p>Desde hace tres a\u00f1os, Filadelfo Saltos vive atado a una silla de ruedas que le moviliza dentro y fuera de su casa. Los d\u00edas pasan mientras \u00e9l y otros 242 afiliados y jubilados del IESS esperan impacientes que el hospital Teodoro Maldonado Carbo contrate la provisi\u00f3n de sus piezas anat\u00f3micas, en reemplazo de aquellas que perdieron por un accidente o una enfermedad.<\/p>\n<p>\u00c9l sufri\u00f3 la amputaci\u00f3n de su pierna derecha como consecuencia de una diabetes que avanz\u00f3 a pesar de los tratamientos y cuidados. Tiene 73 a\u00f1os y se siente \u201ctotalmente inmovilizado\u201d. Su discapacidad lo detiene cuando quiere ejercer lo que m\u00e1s ama, la arquitectura.<\/p>\n<p>\u201cYo tengo deseo de caminar por mi propia cuenta, de desarrollar mis actividades, soy arquitecto, yo desempe\u00f1aba mis funciones, no depend\u00eda de nadie, aportaba al desarrollo de mi patria y de mi familia, ahora lo hago de vez en cuando, desde el computador\u201d, cuenta Filadelfo, un jubilado que vive en la ciudadela Urdenor, en el norte de Guayaquil.<\/p>\n<p>Desde ah\u00ed se traslada peri\u00f3dicamente hasta el hospital Teodoro Maldonado Carbo para preguntar a las secretarias, \u00bfcu\u00e1ndo llegan las pr\u00f3tesis? Nadie le da la noticia que tanto anhela Filadelfo, un jubilado que se somete a di\u00e1lisis renales tres veces por semana.<\/p>\n<blockquote><p>\u201cHe estado atr\u00e1s, preguntando en las mismas dependencias, pero me han dicho que sea paciente. Donde yo me hago las terapias, est\u00e1 lleno de personas que necesitan pr\u00f3tesis. Le pido al IESS que se humanice, hay una necesidad humana de movilizarse, de no depender\u201d. <strong>Filadelfo Santos, paciente<\/strong><\/p><\/blockquote>\n<p><img decoding=\"async\" src=\"https:\/\/imagenes.primicias.ec\/files\/content_image_simple_414_238\/uploads\/2025\/08\/22\/68a8ebe811673.jpeg\" alt=\"thumb\" \/><br \/>\nRolando Mazzini, de 46 a\u00f1os, pide la misma humanidad que reclama Filadelfo. En 2005 sufri\u00f3 un accidente de tr\u00e1nsito y perdi\u00f3 su pierna derecha. Desde entonces ha recibido dos pr\u00f3tesis del hospital, la \u00faltima tiene m\u00e1s de cinco a\u00f1os y ya no le funciona, pero a\u00fan la usa.<\/p>\n<p>\u201cYo mismo veo como la arreglo, tiene un poco de parches, pero la tengo que seguir usando hasta que el IESS nos d\u00e9 una pr\u00f3tesis. Yo voy todos los meses al hospital y me dicen que no est\u00e1 en la plataforma, cambian de administradores, gerentes, y as\u00ed se pasan diciendo. Como uno necesita va todos los meses\u201d, se quej\u00f3 Mazzini.<\/p>\n<p>Su pr\u00f3tesis necesita un recambio, pero mientras el hospital decide la contrataci\u00f3n, \u00e9l utiliza la pr\u00f3tesis vieja y as\u00ed se moviliza todos los d\u00edas desde el suburbio de Guayaquil hasta la camaronera en la que trabaja en Dur\u00e1n. Vive en las calles 36 y Vacas Galindo. \u201cMe demoro una hora y media en llegar, el tr\u00e1fico es duro\u201d, cuenta.<\/p>\n<p>No es f\u00e1cil la vida para quienes dependen de otros, pero siguen adelante como Nicol\u00e1s Rangel, un joven de 30 a\u00f1os que, en 2022, cuando sal\u00eda en su moto, fue impactado por un veh\u00edculo a la vuelta de su casa, ubicada en las calles Argentina y la 20, en el suroeste de Guayaquil.<\/p>\n<p>Es el tercer hijo de Marlene Vargas, el \u00fanico var\u00f3n y por el que ella llora al recordar el d\u00eda en que ocurri\u00f3 el accidente. Su pierna fue amputada por encima de su rodilla y desde entonces \u00e9l se moviliza con muletas, a la espera de que el hospital le entregue la pr\u00f3tesis, una pieza que puede costar hasta USD 3.000.<\/p>\n<blockquote><p>\u201cAh\u00ed est\u00e1 la moto, arrumada. \u00c9l trabajaba en el municipio, en la calle, en obras, pero ahora no puede, est\u00e1 en oficina, su hermana lo lleva y lo trae. Al principio le dieron una silla de ruedas, pero est\u00e1 da\u00f1ada\u201d. Marlene Vargas, madre de paciente.<\/p><\/blockquote>\n<p>No solo Filadelfo, Rolando y Nicol\u00e1s esperan desde hace a\u00f1os la entrega de sus pr\u00f3tesis. En el Teodoro Maldonado Carbo hay 242 pacientes que esperan este dispositivo, un proceso de compra que el hospital inici\u00f3 el pasado 29 de julio de 2025, seg\u00fan consta en el portal del Servicio Nacional de Contrataci\u00f3n P\u00fablica, Sercop.<\/p>\n<p><img decoding=\"async\" src=\"https:\/\/imagenes.primicias.ec\/files\/content_image_simple_414_238\/files\/fp\/uploads\/2025\/08\/22\/68a8ecabebb44.r_d.647-616-3044.jpeg\" alt=\"thumb\" \/><br \/>\n<strong>Tercer intento de contrato<\/strong><br \/>\nPor un monto de USD 2,2 millones, el hospital public\u00f3 esta adquisici\u00f3n que va por, al menos, su tercer intento en los \u00faltimos tres a\u00f1os y que est\u00e1 pendiente desde hace siete a\u00f1os. El mismo hospital admite que \u201c242 afiliados se encuentran en lista de espera desde el a\u00f1o 2018 y que hasta la actualidad no han podido ser atendidos por la falta de adquisici\u00f3n de estos dispositivos (pr\u00f3tesis)\u201d.<\/p>\n<p>A fines de 2023 ya se quiso hacer la contrataci\u00f3n, pero el proceso no se concret\u00f3 tras las quejas de oferentes que, en la etapa de preguntas y respuestas, denunciaron un supuesto direccionamiento del contrato, adem\u00e1s de una sobrevaloraci\u00f3n del presupuesto.<\/p>\n<p>Los reclamos provocaron que en el concurso solo se presente la oferta de la empresa cuestionada, la misma compa\u00f1\u00eda a la que el hospital le hab\u00eda pedido una cotizaci\u00f3n para fijar el presupuesto del contrato.<\/p>\n<p><img decoding=\"async\" src=\"https:\/\/imagenes.primicias.ec\/files\/content_image_simple_414_238\/uploads\/2025\/08\/22\/68a8ed4a838d4.jpeg\" alt=\"thumb\" \/><br \/>\nEn el actual proceso de contrataci\u00f3n, no se han registrado quejas de proveedores. Sin embargo, Manuel Def\u00e1s, coordinador provincial del Observatorio de Seguridad Social del Ecuador, pidi\u00f3 que se revise este contrato para evitar \u201cdireccionar el proceso a determinado proveedor local de Guayaquil\u201d.<\/p>\n<p>\u201cSolicito que se disponga la inmediata intervenci\u00f3n en el hospital Teodoro Maldonado Carbo, con el fin de erradicar actos de corrupci\u00f3n\u201d, pidi\u00f3 Def\u00e1s, adem\u00e1s de la fiscalizaci\u00f3n del proceso de compra de las pr\u00f3tesis ante presuntas irregularidades.<\/p>\n<p>La adjudicaci\u00f3n del contrato de las pr\u00f3tesis est\u00e1 prevista para el mi\u00e9rcoles 27 de agosto. El contrato prev\u00e9 un anticipo del 50% y tiene el plazo de 330 d\u00edas para la entrega de las piezas anat\u00f3micas que necesitan pacientes como \u00d3scar Bravo, de 69 a\u00f1os.<\/p>\n<p><img decoding=\"async\" src=\"https:\/\/imagenes.primicias.ec\/files\/content_vertical_image_400_460\/files\/fp\/uploads\/2025\/08\/22\/68a8eae1bfa98.r_d.410-586-5277.jpeg\" alt=\"thumb\" \/><br \/>\nDesde la ventana de su vivienda, en la Octava y Bolivia, mira pensativo el ir y venir de sus vecinos que caminan despreocupadamente por su calle. \u00c9l no puede hacerlo. Hace m\u00e1s de dos a\u00f1os le amputaron la pierna derecha, unos diez cent\u00edmetros debajo de su rodilla.<\/p>\n<p>Se moviliza con silla de ruedas cuando sale al hospital Teodoro Maldonado Carbo. Dentro de casa utiliza un andador. En su barrio, todos conocen su discapacidad. Es p\u00fablica, porque al pie de su vivienda ha construido una rampa de acceso para la silla de ruedas y tambi\u00e9n hay dos escalones y un pasamanos en la entrada de su casa.<\/p>\n<blockquote><p>\u201cEn marzo de 2023 le amputaron la pierna, nos dijeron que regresemos al a\u00f1o siguiente, fuimos en febrero de 2024 y nos dijeron lo mismo, volvimos en junio de este a\u00f1o y otra vez que regresemos en un a\u00f1o\u201d. Nelly Real, de 66 a\u00f1os y esposa de \u00d3scar<\/p><\/blockquote>\n<p>\u00d3scar no sale de casa. Sentado en su sala muestra su pierna incompleta y recuerda que antes de la amputaci\u00f3n pod\u00eda hacer todo con independencia, incluso manejar un veh\u00edculo. Su familia lo cuida. Teme que se caiga y no lo deja solo.<\/p>\n<p>\u00c9l sigue preguntando en el IESS, cu\u00e1ndo llegan las pr\u00f3tesis: \u201cCada vez que voy me dicen que espere, que espere. A las autoridades del IESS les pido que agiliten los medios para obtener las medicinas y las pr\u00f3tesis, hay muchos pacientes que necesitamos, que nos ayuden a movilizarnos\u201d. <strong>Fuente: Primicias<\/strong><\/p>\n","protected":false},"excerpt":{"rendered":"<p>Desde hace tres a\u00f1os, Filadelfo Saltos vive atado a una silla de ruedas que le moviliza dentro y fuera de su casa. Los d\u00edas pasan mientras \u00e9l y otros 242 afiliados y jubilados del IESS esperan impacientes que el hospital Teodoro Maldonado Carbo contrate la provisi\u00f3n de sus piezas anat\u00f3micas, en reemplazo de aquellas que perdieron por un accidente o una enfermedad. \u00c9l sufri\u00f3 la amputaci\u00f3n de su pierna derecha como consecuencia de una diabetes que avanz\u00f3 a pesar de los tratamientos y cuidados. Tiene 73 a\u00f1os y se siente \u201ctotalmente inmovilizado\u201d. Su discapacidad lo detiene cuando quiere ejercer lo que m\u00e1s ama, la arquitectura. \u201cYo tengo deseo de caminar por mi propia cuenta, de desarrollar mis actividades, soy arquitecto, yo desempe\u00f1aba mis funciones, no depend\u00eda de nadie, aportaba al desarrollo de mi patria y de mi familia, ahora lo hago de vez en cuando, desde el computador\u201d, cuenta Filadelfo, un jubilado que vive en la ciudadela Urdenor, en el norte de Guayaquil. Desde ah\u00ed se traslada peri\u00f3dicamente hasta el hospital Teodoro Maldonado Carbo para preguntar a las secretarias, \u00bfcu\u00e1ndo llegan las pr\u00f3tesis? Nadie le da la noticia que tanto anhela Filadelfo, un jubilado que se somete a di\u00e1lisis renales tres veces por semana. \u201cHe estado atr\u00e1s, preguntando en las mismas dependencias, pero me han dicho que sea paciente. Donde yo me hago las terapias, est\u00e1 lleno de personas que necesitan pr\u00f3tesis. Le pido al IESS que se humanice, hay una necesidad humana de movilizarse, de no depender\u201d. Filadelfo Santos, paciente Rolando Mazzini, de 46 a\u00f1os, pide la misma humanidad que reclama Filadelfo. En 2005 sufri\u00f3 un accidente de tr\u00e1nsito y perdi\u00f3 su pierna derecha. Desde entonces ha recibido dos pr\u00f3tesis del hospital, la \u00faltima tiene m\u00e1s de cinco a\u00f1os y ya no le funciona, pero a\u00fan la usa. \u201cYo mismo veo como la arreglo, tiene un poco de parches, pero la tengo que seguir usando hasta que el IESS nos d\u00e9 una pr\u00f3tesis. Yo voy todos los meses al hospital y me dicen que no est\u00e1 en la plataforma, cambian de administradores, gerentes, y as\u00ed se pasan diciendo. Como uno necesita va todos los meses\u201d, se quej\u00f3 Mazzini. Su pr\u00f3tesis necesita un recambio, pero mientras el hospital decide la contrataci\u00f3n, \u00e9l utiliza la pr\u00f3tesis vieja y as\u00ed se moviliza todos los d\u00edas desde el suburbio de Guayaquil hasta la camaronera en la que trabaja en Dur\u00e1n. Vive en las calles 36 y Vacas Galindo. \u201cMe demoro una hora y media en llegar, el tr\u00e1fico es duro\u201d, cuenta. No es f\u00e1cil la vida para quienes dependen de otros, pero siguen adelante como Nicol\u00e1s Rangel, un joven de 30 a\u00f1os que, en 2022, cuando sal\u00eda en su moto, fue impactado por un veh\u00edculo a la vuelta de su casa, ubicada en las calles Argentina y la 20, en el suroeste de Guayaquil. Es el tercer hijo de Marlene Vargas, el \u00fanico var\u00f3n y por el que ella llora al recordar el d\u00eda en que ocurri\u00f3 el accidente. Su pierna fue amputada por encima de su rodilla y desde entonces \u00e9l se moviliza con muletas, a la espera de que el hospital le entregue la pr\u00f3tesis, una pieza que puede costar hasta USD 3.000. \u201cAh\u00ed est\u00e1 la moto, arrumada. \u00c9l trabajaba en el municipio, en la calle, en obras, pero ahora no puede, est\u00e1 en oficina, su hermana lo lleva y lo trae. Al principio le dieron una silla de ruedas, pero est\u00e1 da\u00f1ada\u201d. Marlene Vargas, madre de paciente. No solo Filadelfo, Rolando y Nicol\u00e1s esperan desde hace a\u00f1os la entrega de sus pr\u00f3tesis. En el Teodoro Maldonado Carbo hay 242 pacientes que esperan este dispositivo, un proceso de compra que el hospital inici\u00f3 el pasado 29 de julio de 2025, seg\u00fan consta en el portal del Servicio Nacional de Contrataci\u00f3n P\u00fablica, Sercop. Tercer intento de contrato Por un monto de USD 2,2 millones, el hospital public\u00f3 esta adquisici\u00f3n que va por, al menos, su tercer intento en los \u00faltimos tres a\u00f1os y que est\u00e1 pendiente desde hace siete a\u00f1os. El mismo hospital admite que \u201c242 afiliados se encuentran en lista de espera desde el a\u00f1o 2018 y que hasta la actualidad no han podido ser atendidos por la falta de adquisici\u00f3n de estos dispositivos (pr\u00f3tesis)\u201d. A fines de 2023 ya se quiso hacer la contrataci\u00f3n, pero el proceso no se concret\u00f3 tras las quejas de oferentes que, en la etapa de preguntas y respuestas, denunciaron un supuesto direccionamiento del contrato, adem\u00e1s de una sobrevaloraci\u00f3n del presupuesto. Los reclamos provocaron que en el concurso solo se presente la oferta de la empresa cuestionada, la misma compa\u00f1\u00eda a la que el hospital le hab\u00eda pedido una cotizaci\u00f3n para fijar el presupuesto del contrato. En el actual proceso de contrataci\u00f3n, no se han registrado quejas de proveedores. Sin embargo, Manuel Def\u00e1s, coordinador provincial del Observatorio de Seguridad Social del Ecuador, pidi\u00f3 que se revise este contrato para evitar \u201cdireccionar el proceso a determinado proveedor local de Guayaquil\u201d. \u201cSolicito que se disponga la inmediata intervenci\u00f3n en el hospital Teodoro Maldonado Carbo, con el fin de erradicar actos de corrupci\u00f3n\u201d, pidi\u00f3 Def\u00e1s, adem\u00e1s de la fiscalizaci\u00f3n del proceso de compra de las pr\u00f3tesis ante presuntas irregularidades. La adjudicaci\u00f3n del contrato de las pr\u00f3tesis est\u00e1 prevista para el mi\u00e9rcoles 27 de agosto. El contrato prev\u00e9 un anticipo del 50% y tiene el plazo de 330 d\u00edas para la entrega de las piezas anat\u00f3micas que necesitan pacientes como \u00d3scar Bravo, de 69 a\u00f1os. Desde la ventana de su vivienda, en la Octava y Bolivia, mira pensativo el ir y venir de sus vecinos que caminan despreocupadamente por su calle. \u00c9l no puede hacerlo. Hace m\u00e1s de dos a\u00f1os le amputaron la pierna derecha, unos diez cent\u00edmetros debajo de su rodilla. Se moviliza con silla de ruedas cuando sale al hospital Teodoro Maldonado Carbo. Dentro de casa utiliza un andador. En su barrio, todos conocen su discapacidad. Es p\u00fablica, porque al pie de su vivienda ha construido una rampa de acceso para la silla de ruedas y tambi\u00e9n<\/p>\n","protected":false},"author":1,"featured_media":25803,"comment_status":"closed","ping_status":"closed","sticky":false,"template":"","format":"standard","meta":{"footnotes":""},"categories":[268],"tags":[],"class_list":["post-25802","post","type-post","status-publish","format-standard","has-post-thumbnail","hentry","category-nacionales"],"_links":{"self":[{"href":"https:\/\/www.elamazonico.com\/portal\/wp-json\/wp\/v2\/posts\/25802","targetHints":{"allow":["GET"]}}],"collection":[{"href":"https:\/\/www.elamazonico.com\/portal\/wp-json\/wp\/v2\/posts"}],"about":[{"href":"https:\/\/www.elamazonico.com\/portal\/wp-json\/wp\/v2\/types\/post"}],"author":[{"embeddable":true,"href":"https:\/\/www.elamazonico.com\/portal\/wp-json\/wp\/v2\/users\/1"}],"replies":[{"embeddable":true,"href":"https:\/\/www.elamazonico.com\/portal\/wp-json\/wp\/v2\/comments?post=25802"}],"version-history":[{"count":1,"href":"https:\/\/www.elamazonico.com\/portal\/wp-json\/wp\/v2\/posts\/25802\/revisions"}],"predecessor-version":[{"id":25804,"href":"https:\/\/www.elamazonico.com\/portal\/wp-json\/wp\/v2\/posts\/25802\/revisions\/25804"}],"wp:featuredmedia":[{"embeddable":true,"href":"https:\/\/www.elamazonico.com\/portal\/wp-json\/wp\/v2\/media\/25803"}],"wp:attachment":[{"href":"https:\/\/www.elamazonico.com\/portal\/wp-json\/wp\/v2\/media?parent=25802"}],"wp:term":[{"taxonomy":"category","embeddable":true,"href":"https:\/\/www.elamazonico.com\/portal\/wp-json\/wp\/v2\/categories?post=25802"},{"taxonomy":"post_tag","embeddable":true,"href":"https:\/\/www.elamazonico.com\/portal\/wp-json\/wp\/v2\/tags?post=25802"}],"curies":[{"name":"wp","href":"https:\/\/api.w.org\/{rel}","templated":true}]}}