{"id":25793,"date":"2025-08-25T09:24:49","date_gmt":"2025-08-25T14:24:49","guid":{"rendered":"https:\/\/www.elamazonico.com\/portal\/?p=25793"},"modified":"2025-08-25T09:24:49","modified_gmt":"2025-08-25T14:24:49","slug":"murio-la-asambleista-de-la-revolucion-ciudadana-mariuxi-sanchez-sarango-representante-de-orellana","status":"publish","type":"post","link":"https:\/\/www.elamazonico.com\/portal\/murio-la-asambleista-de-la-revolucion-ciudadana-mariuxi-sanchez-sarango-representante-de-orellana\/","title":{"rendered":"Muri\u00f3 la asamble\u00edsta de la Revoluci\u00f3n Ciudadana, Mariuxi S\u00e1nchez Sarango, representante de Orellana"},"content":{"rendered":"<div class=\"paragraph texto\">\n<p class=\"p_0\">La asamble\u00edsta\u00a0<b>Mariuxi S\u00e1nchez Sarango<\/b>, representante de la provincia de Orellana por la\u00a0<b>Revoluci\u00f3n Ciudadana<\/b>,\u00a0<a href=\"https:\/\/www.vistazo.com\/actualidad\/nacional\/2025-08-09-dos-anos-sin-fernando-villavicencio-cronologia-magnicidio-sin-resolver-CJ9913400\" target=\"_blank\" rel=\"noopener noreferrer\">falleci\u00f3<\/a>\u00a0la noche del domingo 24 de agosto de 2025.<\/p>\n<p class=\"p_1\">La noticia fue confirmada este lunes por el expresidente\u00a0<b>Rafael Correa<\/b>, l\u00edder del movimiento pol\u00edtico.<\/p>\n<p class=\"p_3\">\u201c<u>Falleci\u00f3 Mariuxi S\u00e1nchez, nuestra asamble\u00edsta por Orellana. Perdi\u00f3 una larga lucha contra el\u00a0<\/u><u><b>c\u00e1ncer<\/b><\/u>. Mariuxi es de aquellas verdaderas hero\u00ednas. Siempre trat\u00f3 de cumplir con su deber, incluso en los momentos m\u00e1s duros de su enfermedad, que la acompa\u00f1aba ya desde su anterior per\u00edodo como asamble\u00edsta\u201d, expres\u00f3 Correa a trav\u00e9s de sus redes sociales.<\/p>\n<div class=\"Center2Display\">\n<div id=\"Center2\"><\/div>\n<\/div>\n<p class=\"p_4\">La legisladora, de 43 a\u00f1os, integraba la Comisi\u00f3n de R\u00e9gimen Econ\u00f3mico y Tributario y su Regulaci\u00f3n y Control. Entre 2014 y 2019 se desempe\u00f1\u00f3 como concejal del GAD Municipal del cant\u00f3n Francisco de Orellana, y en el per\u00edodo 2019-2020 ocup\u00f3 el cargo de coordinadora t\u00e9cnica, log\u00edstica y administrativa de la Alcald\u00eda del mismo cant\u00f3n.<\/p>\n<p class=\"p_5\">El exmandatario tambi\u00e9n difundi\u00f3 el comunicado oficial de la familia S\u00e1nchez Sarango, en el que se inform\u00f3 sobre la partida de la legisladora:<\/p>\n<p class=\"p_6\">\u201cCon el coraz\u00f3n lleno de dolor, la\u00a0<b>familia\u00a0<\/b>S\u00e1nchez Sarango comunica el sensible fallecimiento de nuestra amada Mariuxi Cleopatra S\u00e1nchez Sarango, asamble\u00edsta por la provincia de Orellana, hija, hermana, amiga y mujer ejemplar que dedic\u00f3 su vida al servicio de los dem\u00e1s\u201d, se\u00f1ala el documento.<\/p>\n<p class=\"p_7\">El escrito agrega que Mariuxi parti\u00f3 \u00abrodeada del amor de quienes siempre la acompa\u00f1aron, dejando un legado de lucha, compromiso y profunda entrega por su gente y su tierra\u00bb.<\/p>\n<\/div>\n<h2 class=\"h2vistazo\">FUNERAL SER\u00c1 EN EL COCA<\/h2>\n<div class=\"paragraph texto\">\n<p class=\"p_9\">Los restos de la asamble\u00edsta ser\u00e1n velados en la ciudad de El Coca, en la casa de sus padres, ubicada en las calles Francisco Pizarro y Payamino.<\/p>\n<p class=\"p_10\">Varios militantes del corre\u00edsmo expresaron su pesar por la noticia. Entre ellos, la asamble\u00edsta\u00a0<b>Paola Cabezas<\/b>\u00a0lament\u00f3 el fallecimiento de su compa\u00f1era de bancada:<\/p>\n<p class=\"p_11\">\u201cLuchadora incansable, amiga valiente. Alzaste la voz por tu provincia sin miedo y con amor. Ya no estar\u00e1s f\u00edsicamente entre nosotros, pero tu huella quedar\u00e1 en nuestra memoria y en nuestros corazones. Abrazo con cari\u00f1o a tu familia y a tu Orellana querida en este momento tan duro. \u00a1Hasta siempre, mi revolucionaria!\u201d, manifest\u00f3 Cabezas.<\/p>\n<p class=\"p_12\">El legislador\u00a0<b>Comps C\u00f3rdova<\/b>\u00a0(RC)tambi\u00e9n comparti\u00f3 su nota de pesar: \u00abCu\u00e1nto lo lamento, Mariuxi. Descansa en paz, querida compa\u00f1era Asamble\u00edsta. La Amazon\u00eda pierde hoy una de sus voces m\u00e1s firmes y coherentes con su pueblo\u00bb.<\/p>\n<\/div>\n","protected":false},"excerpt":{"rendered":"<p>La asamble\u00edsta\u00a0Mariuxi S\u00e1nchez Sarango, representante de la provincia de Orellana por la\u00a0Revoluci\u00f3n Ciudadana,\u00a0falleci\u00f3\u00a0la noche del domingo 24 de agosto de 2025. La noticia fue confirmada este lunes por el expresidente\u00a0Rafael Correa, l\u00edder del movimiento pol\u00edtico. \u201cFalleci\u00f3 Mariuxi S\u00e1nchez, nuestra asamble\u00edsta por Orellana. Perdi\u00f3 una larga lucha contra el\u00a0c\u00e1ncer. Mariuxi es de aquellas verdaderas hero\u00ednas. Siempre trat\u00f3 de cumplir con su deber, incluso en los momentos m\u00e1s duros de su enfermedad, que la acompa\u00f1aba ya desde su anterior per\u00edodo como asamble\u00edsta\u201d, expres\u00f3 Correa a trav\u00e9s de sus redes sociales. La legisladora, de 43 a\u00f1os, integraba la Comisi\u00f3n de R\u00e9gimen Econ\u00f3mico y Tributario y su Regulaci\u00f3n y Control. Entre 2014 y 2019 se desempe\u00f1\u00f3 como concejal del GAD Municipal del cant\u00f3n Francisco de Orellana, y en el per\u00edodo 2019-2020 ocup\u00f3 el cargo de coordinadora t\u00e9cnica, log\u00edstica y administrativa de la Alcald\u00eda del mismo cant\u00f3n. El exmandatario tambi\u00e9n difundi\u00f3 el comunicado oficial de la familia S\u00e1nchez Sarango, en el que se inform\u00f3 sobre la partida de la legisladora: \u201cCon el coraz\u00f3n lleno de dolor, la\u00a0familia\u00a0S\u00e1nchez Sarango comunica el sensible fallecimiento de nuestra amada Mariuxi Cleopatra S\u00e1nchez Sarango, asamble\u00edsta por la provincia de Orellana, hija, hermana, amiga y mujer ejemplar que dedic\u00f3 su vida al servicio de los dem\u00e1s\u201d, se\u00f1ala el documento. El escrito agrega que Mariuxi parti\u00f3 \u00abrodeada del amor de quienes siempre la acompa\u00f1aron, dejando un legado de lucha, compromiso y profunda entrega por su gente y su tierra\u00bb. FUNERAL SER\u00c1 EN EL COCA Los restos de la asamble\u00edsta ser\u00e1n velados en la ciudad de El Coca, en la casa de sus padres, ubicada en las calles Francisco Pizarro y Payamino. Varios militantes del corre\u00edsmo expresaron su pesar por la noticia. Entre ellos, la asamble\u00edsta\u00a0Paola Cabezas\u00a0lament\u00f3 el fallecimiento de su compa\u00f1era de bancada: \u201cLuchadora incansable, amiga valiente. Alzaste la voz por tu provincia sin miedo y con amor. Ya no estar\u00e1s f\u00edsicamente entre nosotros, pero tu huella quedar\u00e1 en nuestra memoria y en nuestros corazones. Abrazo con cari\u00f1o a tu familia y a tu Orellana querida en este momento tan duro. \u00a1Hasta siempre, mi revolucionaria!\u201d, manifest\u00f3 Cabezas. El legislador\u00a0Comps C\u00f3rdova\u00a0(RC)tambi\u00e9n comparti\u00f3 su nota de pesar: \u00abCu\u00e1nto lo lamento, Mariuxi. Descansa en paz, querida compa\u00f1era Asamble\u00edsta. La Amazon\u00eda pierde hoy una de sus voces m\u00e1s firmes y coherentes con su pueblo\u00bb.<\/p>\n","protected":false},"author":1,"featured_media":25794,"comment_status":"closed","ping_status":"closed","sticky":false,"template":"","format":"standard","meta":{"footnotes":""},"categories":[268],"tags":[],"class_list":["post-25793","post","type-post","status-publish","format-standard","has-post-thumbnail","hentry","category-nacionales"],"_links":{"self":[{"href":"https:\/\/www.elamazonico.com\/portal\/wp-json\/wp\/v2\/posts\/25793","targetHints":{"allow":["GET"]}}],"collection":[{"href":"https:\/\/www.elamazonico.com\/portal\/wp-json\/wp\/v2\/posts"}],"about":[{"href":"https:\/\/www.elamazonico.com\/portal\/wp-json\/wp\/v2\/types\/post"}],"author":[{"embeddable":true,"href":"https:\/\/www.elamazonico.com\/portal\/wp-json\/wp\/v2\/users\/1"}],"replies":[{"embeddable":true,"href":"https:\/\/www.elamazonico.com\/portal\/wp-json\/wp\/v2\/comments?post=25793"}],"version-history":[{"count":1,"href":"https:\/\/www.elamazonico.com\/portal\/wp-json\/wp\/v2\/posts\/25793\/revisions"}],"predecessor-version":[{"id":25795,"href":"https:\/\/www.elamazonico.com\/portal\/wp-json\/wp\/v2\/posts\/25793\/revisions\/25795"}],"wp:featuredmedia":[{"embeddable":true,"href":"https:\/\/www.elamazonico.com\/portal\/wp-json\/wp\/v2\/media\/25794"}],"wp:attachment":[{"href":"https:\/\/www.elamazonico.com\/portal\/wp-json\/wp\/v2\/media?parent=25793"}],"wp:term":[{"taxonomy":"category","embeddable":true,"href":"https:\/\/www.elamazonico.com\/portal\/wp-json\/wp\/v2\/categories?post=25793"},{"taxonomy":"post_tag","embeddable":true,"href":"https:\/\/www.elamazonico.com\/portal\/wp-json\/wp\/v2\/tags?post=25793"}],"curies":[{"name":"wp","href":"https:\/\/api.w.org\/{rel}","templated":true}]}}