{"id":25789,"date":"2025-08-25T07:06:00","date_gmt":"2025-08-25T12:06:00","guid":{"rendered":"https:\/\/www.elamazonico.com\/portal\/?p=25789"},"modified":"2025-08-25T07:06:00","modified_gmt":"2025-08-25T12:06:00","slug":"ciudadania-en-alerta-liberan-a-sospechoso-de-sicariato-en-yantzaza-pese-a-evidencias-irrefutables","status":"publish","type":"post","link":"https:\/\/www.elamazonico.com\/portal\/ciudadania-en-alerta-liberan-a-sospechoso-de-sicariato-en-yantzaza-pese-a-evidencias-irrefutables\/","title":{"rendered":"Ciudadan\u00eda en alerta: liberan a sospechoso de sicariato en Yantzaza pese a evidencias irrefutables"},"content":{"rendered":"<p data-start=\"261\" data-end=\"500\">La noche del <strong data-start=\"274\" data-end=\"290\">21 de agosto<\/strong>, en el sector del Malec\u00f3n de Yantzaza, se registr\u00f3 un hecho violento en el que un ciudadano, quien mantiene antecedentes penales, result\u00f3 herido por impactos de proyectil en un presunto intento de sicariato.<\/p>\n<p data-start=\"502\" data-end=\"779\">De manera inmediata, la <strong data-start=\"526\" data-end=\"558\">Polic\u00eda Nacional del Ecuador<\/strong> despleg\u00f3 unidades operativas e investigativas que, mediante un accionar oportuno, lograron la <strong data-start=\"653\" data-end=\"682\">aprehensi\u00f3n en flagrancia<\/strong> de un ciudadano identificado como <strong data-start=\"717\" data-end=\"741\">Rolando M. (21 a\u00f1os)<\/strong>, presunto implicado en este suceso.<\/p>\n<p data-start=\"781\" data-end=\"1107\">En el procedimiento policial se decomis\u00f3 un <strong data-start=\"825\" data-end=\"856\">arma de fuego tipo rev\u00f3lver<\/strong>, se levantaron <strong data-start=\"872\" data-end=\"895\">indicios bal\u00edsticos<\/strong> y se recopilaron <strong data-start=\"913\" data-end=\"947\">videos de c\u00e1maras de seguridad<\/strong> y <strong data-start=\"950\" data-end=\"977\">versiones testimoniales<\/strong>, los cuales fueron ingresados bajo cadena de custodia y entregados a la <strong data-start=\"1050\" data-end=\"1062\">Fiscal\u00eda<\/strong>, que formul\u00f3 la acusaci\u00f3n correspondiente.<\/p>\n<h3 data-start=\"1109\" data-end=\"1134\">Resoluci\u00f3n judicial<\/h3>\n<p data-start=\"1135\" data-end=\"1415\">Pese a la solidez de los elementos probatorios presentados por la Polic\u00eda Nacional y la Fiscal\u00eda, y a la solicitud de prisi\u00f3n preventiva conforme al <strong data-start=\"1284\" data-end=\"1305\">Art. 140 del COIP<\/strong>, los administradores de justicia resolvieron medidas sustitutivas a la prisi\u00f3n preventiva, consistentes en:<\/p>\n<ul data-start=\"1416\" data-end=\"1532\">\n<li data-start=\"1416\" data-end=\"1453\">\n<p data-start=\"1418\" data-end=\"1453\">Libertad inmediata del procesado.<\/p>\n<\/li>\n<li data-start=\"1454\" data-end=\"1496\">\n<p data-start=\"1456\" data-end=\"1496\">Presentaci\u00f3n peri\u00f3dica en la Fiscal\u00eda.<\/p>\n<\/li>\n<li data-start=\"1497\" data-end=\"1532\">\n<p data-start=\"1499\" data-end=\"1532\">Prohibici\u00f3n de salida del pa\u00eds.<\/p>\n<\/li>\n<\/ul>\n<p data-start=\"1534\" data-end=\"1875\">La <strong data-start=\"1537\" data-end=\"1557\">Polic\u00eda Nacional<\/strong>, respetuosa de las decisiones judiciales, expresa su <strong data-start=\"1611\" data-end=\"1627\">preocupaci\u00f3n<\/strong> frente a la liberaci\u00f3n del ciudadano implicado, pese a la contundencia de las pruebas recabadas, hecho que genera inquietud en la ciudadan\u00eda y evidencia la necesidad de fortalecer la <strong data-start=\"1811\" data-end=\"1846\">articulaci\u00f3n interinstitucional<\/strong> en el sistema de justicia.<\/p>\n<p data-start=\"1877\" data-end=\"2191\">En este marco, la instituci\u00f3n policial reitera su compromiso con la seguridad de la provincia y hace un llamado a los administradores de justicia para trabajar de manera conjunta, con el fin de garantizar la <strong data-start=\"2085\" data-end=\"2158\">seguridad jur\u00eddica, la protecci\u00f3n ciudadana y la convivencia pac\u00edfica<\/strong> en Yantzaza y en todo el pa\u00eds.<\/p>\n","protected":false},"excerpt":{"rendered":"<p>La noche del 21 de agosto, en el sector del Malec\u00f3n de Yantzaza, se registr\u00f3 un hecho violento en el que un ciudadano, quien mantiene antecedentes penales, result\u00f3 herido por impactos de proyectil en un presunto intento de sicariato. De manera inmediata, la Polic\u00eda Nacional del Ecuador despleg\u00f3 unidades operativas e investigativas que, mediante un accionar oportuno, lograron la aprehensi\u00f3n en flagrancia de un ciudadano identificado como Rolando M. (21 a\u00f1os), presunto implicado en este suceso. En el procedimiento policial se decomis\u00f3 un arma de fuego tipo rev\u00f3lver, se levantaron indicios bal\u00edsticos y se recopilaron videos de c\u00e1maras de seguridad y versiones testimoniales, los cuales fueron ingresados bajo cadena de custodia y entregados a la Fiscal\u00eda, que formul\u00f3 la acusaci\u00f3n correspondiente. Resoluci\u00f3n judicial Pese a la solidez de los elementos probatorios presentados por la Polic\u00eda Nacional y la Fiscal\u00eda, y a la solicitud de prisi\u00f3n preventiva conforme al Art. 140 del COIP, los administradores de justicia resolvieron medidas sustitutivas a la prisi\u00f3n preventiva, consistentes en: Libertad inmediata del procesado. Presentaci\u00f3n peri\u00f3dica en la Fiscal\u00eda. Prohibici\u00f3n de salida del pa\u00eds. La Polic\u00eda Nacional, respetuosa de las decisiones judiciales, expresa su preocupaci\u00f3n frente a la liberaci\u00f3n del ciudadano implicado, pese a la contundencia de las pruebas recabadas, hecho que genera inquietud en la ciudadan\u00eda y evidencia la necesidad de fortalecer la articulaci\u00f3n interinstitucional en el sistema de justicia. En este marco, la instituci\u00f3n policial reitera su compromiso con la seguridad de la provincia y hace un llamado a los administradores de justicia para trabajar de manera conjunta, con el fin de garantizar la seguridad jur\u00eddica, la protecci\u00f3n ciudadana y la convivencia pac\u00edfica en Yantzaza y en todo el pa\u00eds.<\/p>\n","protected":false},"author":1,"featured_media":25790,"comment_status":"closed","ping_status":"closed","sticky":false,"template":"","format":"standard","meta":{"footnotes":""},"categories":[243],"tags":[],"class_list":["post-25789","post","type-post","status-publish","format-standard","has-post-thumbnail","hentry","category-noticias-zamora"],"_links":{"self":[{"href":"https:\/\/www.elamazonico.com\/portal\/wp-json\/wp\/v2\/posts\/25789","targetHints":{"allow":["GET"]}}],"collection":[{"href":"https:\/\/www.elamazonico.com\/portal\/wp-json\/wp\/v2\/posts"}],"about":[{"href":"https:\/\/www.elamazonico.com\/portal\/wp-json\/wp\/v2\/types\/post"}],"author":[{"embeddable":true,"href":"https:\/\/www.elamazonico.com\/portal\/wp-json\/wp\/v2\/users\/1"}],"replies":[{"embeddable":true,"href":"https:\/\/www.elamazonico.com\/portal\/wp-json\/wp\/v2\/comments?post=25789"}],"version-history":[{"count":1,"href":"https:\/\/www.elamazonico.com\/portal\/wp-json\/wp\/v2\/posts\/25789\/revisions"}],"predecessor-version":[{"id":25791,"href":"https:\/\/www.elamazonico.com\/portal\/wp-json\/wp\/v2\/posts\/25789\/revisions\/25791"}],"wp:featuredmedia":[{"embeddable":true,"href":"https:\/\/www.elamazonico.com\/portal\/wp-json\/wp\/v2\/media\/25790"}],"wp:attachment":[{"href":"https:\/\/www.elamazonico.com\/portal\/wp-json\/wp\/v2\/media?parent=25789"}],"wp:term":[{"taxonomy":"category","embeddable":true,"href":"https:\/\/www.elamazonico.com\/portal\/wp-json\/wp\/v2\/categories?post=25789"},{"taxonomy":"post_tag","embeddable":true,"href":"https:\/\/www.elamazonico.com\/portal\/wp-json\/wp\/v2\/tags?post=25789"}],"curies":[{"name":"wp","href":"https:\/\/api.w.org\/{rel}","templated":true}]}}