{"id":25755,"date":"2025-08-22T11:52:27","date_gmt":"2025-08-22T16:52:27","guid":{"rendered":"https:\/\/www.elamazonico.com\/portal\/?p=25755"},"modified":"2025-08-22T11:52:27","modified_gmt":"2025-08-22T16:52:27","slug":"niels-olsen-se-pronuncia-por-denuncia-por-diezmos-en-la-asamblea","status":"publish","type":"post","link":"https:\/\/www.elamazonico.com\/portal\/niels-olsen-se-pronuncia-por-denuncia-por-diezmos-en-la-asamblea\/","title":{"rendered":"Niels Olsen se pronuncia por denuncia por \u00abdiezmos\u00bb en la Asamblea"},"content":{"rendered":"<p><strong>Niels Olsen, presidente de la Asamblea Nacional, asegur\u00f3 que el Consejo de Administraci\u00f3n Legislativa (CAL)<\/strong>\u00a0tratar\u00e1 de manera inmediata la denuncia interpuesta por Mishel Mancheno, primera vicepresidenta del organismo, contra la parlamentaria corre\u00edsta<strong>\u00a0Nuria Buti\u00f1\u00e1<\/strong>, por supuesto cobro de \u00abdiezmos\u00bb.<\/p>\n<p>Seg\u00fan la denuncia, la legisladora por Guayas habr\u00eda cobrado aportes a uno de sus exasesores, adem\u00e1s de entablar presuntas amenazas y hostigamientos en su contra<strong>. El hecho fue conocido a trav\u00e9s de un correo electr\u00f3nico dirigido a la vicepresidenta Mancheno<\/strong>, el 19 de agosto, por la persona afectada.<\/p>\n<p>En el escrito, el exasesor detalla que entre el 16 de mayo y el 14 de agosto de 2025 ejerci\u00f3 su cargo como asesor 1 de Buti\u00f1\u00e1. La asamble\u00edsta de la bancada de la Revoluci\u00f3n Ciudadana (RC5)\u00a0<strong>presuntamente le habr\u00eda exigido entregar una parte de su salario<\/strong>, alterar actas juramentadas y tener una actitud de hostigamiento,\u00a0<a href=\"https:\/\/www.eltelegrafo.com.ec\/noticias\/nacionales\/210\/asambleista-de-rc5-es-acusada-por-supuesto-cobro-de-diezmos\" target=\"_blank\" rel=\"noopener noreferrer\"><strong>seg\u00fan detall\u00f3 Mancheno<\/strong><\/a>.<\/p>\n<p>Olsen mencion\u00f3 que el expediente del caso, por presunta concusi\u00f3n,\u00a0<strong>ser\u00e1 remitido en las pr\u00f3ximas horas a la Unidad T\u00e9cnica Legislativa<\/strong>, para que ponga en conocimiento en el CAL y se califique la denuncia, previo a su tratamiento en el Comit\u00e9 de \u00c9tica del Legislativo.<\/p>\n<p>\u00abAc\u00e1 no hay lugar para los \u2018vivos\u2019 que se aprovechan de su cargo y de sus trabajadores. La Asamblea tiene que ser decente, o no sirve. Y el que falle, responder\u00e1 por sus actos. As\u00ed de simple.\u00a0<strong>He recibido la denuncia. Ser\u00e1 tratada en el CAL y remitida inmediatamente al Comit\u00e9 de \u00c9tica para la valoraci\u00f3n de pruebas<\/strong>\u00ab, mencion\u00f3 la m\u00e1xima autoridad del Legislativo, en un comunicado de prensa.<\/p>\n<div class=\"twitter-tweet twitter-tweet-rendered\"><iframe id=\"twitter-widget-0\" class=\"\" title=\"X Post\" src=\"https:\/\/platform.twitter.com\/embed\/Tweet.html?dnt=false&amp;embedId=twitter-widget-0&amp;features=eyJ0ZndfdGltZWxpbmVfbGlzdCI6eyJidWNrZXQiOltdLCJ2ZXJzaW9uIjpudWxsfSwidGZ3X2ZvbGxvd2VyX2NvdW50X3N1bnNldCI6eyJidWNrZXQiOnRydWUsInZlcnNpb24iOm51bGx9LCJ0ZndfdHdlZXRfZWRpdF9iYWNrZW5kIjp7ImJ1Y2tldCI6Im9uIiwidmVyc2lvbiI6bnVsbH0sInRmd19yZWZzcmNfc2Vzc2lvbiI6eyJidWNrZXQiOiJvbiIsInZlcnNpb24iOm51bGx9LCJ0ZndfZm9zbnJfc29mdF9pbnRlcnZlbnRpb25zX2VuYWJsZWQiOnsiYnVja2V0Ijoib24iLCJ2ZXJzaW9uIjpudWxsfSwidGZ3X21peGVkX21lZGlhXzE1ODk3Ijp7ImJ1Y2tldCI6InRyZWF0bWVudCIsInZlcnNpb24iOm51bGx9LCJ0ZndfZXhwZXJpbWVudHNfY29va2llX2V4cGlyYXRpb24iOnsiYnVja2V0IjoxMjA5NjAwLCJ2ZXJzaW9uIjpudWxsfSwidGZ3X3Nob3dfYmlyZHdhdGNoX3Bpdm90c19lbmFibGVkIjp7ImJ1Y2tldCI6Im9uIiwidmVyc2lvbiI6bnVsbH0sInRmd19kdXBsaWNhdGVfc2NyaWJlc190b19zZXR0aW5ncyI6eyJidWNrZXQiOiJvbiIsInZlcnNpb24iOm51bGx9LCJ0ZndfdXNlX3Byb2ZpbGVfaW1hZ2Vfc2hhcGVfZW5hYmxlZCI6eyJidWNrZXQiOiJvbiIsInZlcnNpb24iOm51bGx9LCJ0ZndfdmlkZW9faGxzX2R5bmFtaWNfbWFuaWZlc3RzXzE1MDgyIjp7ImJ1Y2tldCI6InRydWVfYml0cmF0ZSIsInZlcnNpb24iOm51bGx9LCJ0ZndfbGVnYWN5X3RpbWVsaW5lX3N1bnNldCI6eyJidWNrZXQiOnRydWUsInZlcnNpb24iOm51bGx9LCJ0ZndfdHdlZXRfZWRpdF9mcm9udGVuZCI6eyJidWNrZXQiOiJvbiIsInZlcnNpb24iOm51bGx9fQ%3D%3D&amp;frame=false&amp;hideCard=false&amp;hideThread=false&amp;id=1958896774778634559&amp;lang=es&amp;origin=https%3A%2F%2Fwww.eltelegrafo.com.ec%2Fpolitica%2Fpolitica%2F1%2Folsen-pronuncia-denuncia-diezmos-asamblea&amp;sessionId=25565f5ed96ff1335b91646b07f80c6aacd65288&amp;theme=light&amp;widgetsVersion=2615f7e52b7e0%3A1702314776716&amp;width=550px\" frameborder=\"0\" scrolling=\"no\" allowfullscreen=\"allowfullscreen\" data-tweet-id=\"1958896774778634559\" data-mce-fragment=\"1\"><\/iframe><\/div>\n","protected":false},"excerpt":{"rendered":"<p>Niels Olsen, presidente de la Asamblea Nacional, asegur\u00f3 que el Consejo de Administraci\u00f3n Legislativa (CAL)\u00a0tratar\u00e1 de manera inmediata la denuncia interpuesta por Mishel Mancheno, primera vicepresidenta del organismo, contra la parlamentaria corre\u00edsta\u00a0Nuria Buti\u00f1\u00e1, por supuesto cobro de \u00abdiezmos\u00bb. Seg\u00fan la denuncia, la legisladora por Guayas habr\u00eda cobrado aportes a uno de sus exasesores, adem\u00e1s de entablar presuntas amenazas y hostigamientos en su contra. El hecho fue conocido a trav\u00e9s de un correo electr\u00f3nico dirigido a la vicepresidenta Mancheno, el 19 de agosto, por la persona afectada. En el escrito, el exasesor detalla que entre el 16 de mayo y el 14 de agosto de 2025 ejerci\u00f3 su cargo como asesor 1 de Buti\u00f1\u00e1. La asamble\u00edsta de la bancada de la Revoluci\u00f3n Ciudadana (RC5)\u00a0presuntamente le habr\u00eda exigido entregar una parte de su salario, alterar actas juramentadas y tener una actitud de hostigamiento,\u00a0seg\u00fan detall\u00f3 Mancheno. Olsen mencion\u00f3 que el expediente del caso, por presunta concusi\u00f3n,\u00a0ser\u00e1 remitido en las pr\u00f3ximas horas a la Unidad T\u00e9cnica Legislativa, para que ponga en conocimiento en el CAL y se califique la denuncia, previo a su tratamiento en el Comit\u00e9 de \u00c9tica del Legislativo. \u00abAc\u00e1 no hay lugar para los \u2018vivos\u2019 que se aprovechan de su cargo y de sus trabajadores. La Asamblea tiene que ser decente, o no sirve. Y el que falle, responder\u00e1 por sus actos. As\u00ed de simple.\u00a0He recibido la denuncia. Ser\u00e1 tratada en el CAL y remitida inmediatamente al Comit\u00e9 de \u00c9tica para la valoraci\u00f3n de pruebas\u00ab, mencion\u00f3 la m\u00e1xima autoridad del Legislativo, en un comunicado de prensa.<\/p>\n","protected":false},"author":1,"featured_media":25756,"comment_status":"closed","ping_status":"closed","sticky":false,"template":"","format":"standard","meta":{"footnotes":""},"categories":[268],"tags":[],"class_list":["post-25755","post","type-post","status-publish","format-standard","has-post-thumbnail","hentry","category-nacionales"],"_links":{"self":[{"href":"https:\/\/www.elamazonico.com\/portal\/wp-json\/wp\/v2\/posts\/25755","targetHints":{"allow":["GET"]}}],"collection":[{"href":"https:\/\/www.elamazonico.com\/portal\/wp-json\/wp\/v2\/posts"}],"about":[{"href":"https:\/\/www.elamazonico.com\/portal\/wp-json\/wp\/v2\/types\/post"}],"author":[{"embeddable":true,"href":"https:\/\/www.elamazonico.com\/portal\/wp-json\/wp\/v2\/users\/1"}],"replies":[{"embeddable":true,"href":"https:\/\/www.elamazonico.com\/portal\/wp-json\/wp\/v2\/comments?post=25755"}],"version-history":[{"count":1,"href":"https:\/\/www.elamazonico.com\/portal\/wp-json\/wp\/v2\/posts\/25755\/revisions"}],"predecessor-version":[{"id":25757,"href":"https:\/\/www.elamazonico.com\/portal\/wp-json\/wp\/v2\/posts\/25755\/revisions\/25757"}],"wp:featuredmedia":[{"embeddable":true,"href":"https:\/\/www.elamazonico.com\/portal\/wp-json\/wp\/v2\/media\/25756"}],"wp:attachment":[{"href":"https:\/\/www.elamazonico.com\/portal\/wp-json\/wp\/v2\/media?parent=25755"}],"wp:term":[{"taxonomy":"category","embeddable":true,"href":"https:\/\/www.elamazonico.com\/portal\/wp-json\/wp\/v2\/categories?post=25755"},{"taxonomy":"post_tag","embeddable":true,"href":"https:\/\/www.elamazonico.com\/portal\/wp-json\/wp\/v2\/tags?post=25755"}],"curies":[{"name":"wp","href":"https:\/\/api.w.org\/{rel}","templated":true}]}}