{"id":2574,"date":"2022-02-03T05:53:23","date_gmt":"2022-02-03T10:53:23","guid":{"rendered":"https:\/\/www.elamazonico.com\/portal\/?p=2574"},"modified":"2022-02-03T05:53:57","modified_gmt":"2022-02-03T10:53:57","slug":"removido-director-de-la-penitenciaria-tras-enfrentamiento","status":"publish","type":"post","link":"https:\/\/www.elamazonico.com\/portal\/removido-director-de-la-penitenciaria-tras-enfrentamiento\/","title":{"rendered":"Removido director de la Penitenciar\u00eda tras enfrentamiento"},"content":{"rendered":"\n<p>Ayer se registr\u00f3 un nuevo enfrentamiento en la Penitenciar\u00eda del Litoral. El director del Centro de Privaci\u00f3n de Libertad Guayas No. 1 fue removido del cargo, mientras el Servicio Nacional de Atenci\u00f3n Integral a las Personas Adultdas Privadas de la Libertad y Adolescentes Infractores del Ecuador (SINAI), indica que la situaci\u00f3n del centro carcelario se encuentra bajo control tras operativos ejecutados por unidades especiales de la Polic\u00eda y FFAA.<\/p>\n\n\n\n<p>Alrededor de las 15:00 comenzaron a circular videos en los que se escuchaban detonaciones. De manera preliminar, se conoce que el conflicto habr\u00eda surgido en los pabellones 2 y 3. Controlado el mot\u00edn no se registran v\u00edctimas mortales ni heridos.<\/p>\n\n\n\n<p>Como resultado del operativo de control en los pabellones del CPLGuayas No. 1, se decomisaron municiones, armas de fuego, objetos cortopunzantes y varias herramientas. Adem\u00e1s, se intensificaron las acciones con el personal de seguridad para reforzar la vigilancia nocturna en el centro.<\/p>\n\n\n\n<p>El pasado 13 de noviembre se registr\u00f3 un enfrentamiento que dej\u00f3 119 reos fallecidos. El gobierno conform\u00f3 una misi\u00f3n de paz de la cual, hasta la fecha, se conocen los resultados.<\/p>\n","protected":false},"excerpt":{"rendered":"<p>Ayer se registr\u00f3 un nuevo enfrentamiento en la Penitenciar\u00eda del Litoral. El director del Centro de Privaci\u00f3n de Libertad Guayas No. 1 fue removido del cargo, mientras el Servicio Nacional de Atenci\u00f3n Integral a las Personas Adultdas Privadas de la Libertad y Adolescentes Infractores del Ecuador (SINAI), indica que la situaci\u00f3n del centro carcelario se encuentra bajo control tras operativos ejecutados por unidades especiales de la Polic\u00eda y FFAA. Alrededor de las 15:00 comenzaron a circular videos en los que se escuchaban detonaciones. De manera preliminar, se conoce que el conflicto habr\u00eda surgido en los pabellones 2 y 3. Controlado el mot\u00edn no se registran v\u00edctimas mortales ni heridos. Como resultado del operativo de control en los pabellones del CPLGuayas No. 1, se decomisaron municiones, armas de fuego, objetos cortopunzantes y varias herramientas. Adem\u00e1s, se intensificaron las acciones con el personal de seguridad para reforzar la vigilancia nocturna en el centro. El pasado 13 de noviembre se registr\u00f3 un enfrentamiento que dej\u00f3 119 reos fallecidos. El gobierno conform\u00f3 una misi\u00f3n de paz de la cual, hasta la fecha, se conocen los resultados.<\/p>\n","protected":false},"author":1,"featured_media":2575,"comment_status":"open","ping_status":"open","sticky":false,"template":"","format":"standard","meta":{"footnotes":""},"categories":[268],"tags":[],"class_list":["post-2574","post","type-post","status-publish","format-standard","has-post-thumbnail","hentry","category-nacionales"],"_links":{"self":[{"href":"https:\/\/www.elamazonico.com\/portal\/wp-json\/wp\/v2\/posts\/2574","targetHints":{"allow":["GET"]}}],"collection":[{"href":"https:\/\/www.elamazonico.com\/portal\/wp-json\/wp\/v2\/posts"}],"about":[{"href":"https:\/\/www.elamazonico.com\/portal\/wp-json\/wp\/v2\/types\/post"}],"author":[{"embeddable":true,"href":"https:\/\/www.elamazonico.com\/portal\/wp-json\/wp\/v2\/users\/1"}],"replies":[{"embeddable":true,"href":"https:\/\/www.elamazonico.com\/portal\/wp-json\/wp\/v2\/comments?post=2574"}],"version-history":[{"count":1,"href":"https:\/\/www.elamazonico.com\/portal\/wp-json\/wp\/v2\/posts\/2574\/revisions"}],"predecessor-version":[{"id":2576,"href":"https:\/\/www.elamazonico.com\/portal\/wp-json\/wp\/v2\/posts\/2574\/revisions\/2576"}],"wp:featuredmedia":[{"embeddable":true,"href":"https:\/\/www.elamazonico.com\/portal\/wp-json\/wp\/v2\/media\/2575"}],"wp:attachment":[{"href":"https:\/\/www.elamazonico.com\/portal\/wp-json\/wp\/v2\/media?parent=2574"}],"wp:term":[{"taxonomy":"category","embeddable":true,"href":"https:\/\/www.elamazonico.com\/portal\/wp-json\/wp\/v2\/categories?post=2574"},{"taxonomy":"post_tag","embeddable":true,"href":"https:\/\/www.elamazonico.com\/portal\/wp-json\/wp\/v2\/tags?post=2574"}],"curies":[{"name":"wp","href":"https:\/\/api.w.org\/{rel}","templated":true}]}}