{"id":25739,"date":"2025-08-21T09:00:09","date_gmt":"2025-08-21T14:00:09","guid":{"rendered":"https:\/\/www.elamazonico.com\/portal\/?p=25739"},"modified":"2025-08-21T09:33:41","modified_gmt":"2025-08-21T14:33:41","slug":"tertulia-juridica-jovenes-abogados-fortalecen-la-cultura-legal-en-zamora-chinchipe","status":"publish","type":"post","link":"https:\/\/www.elamazonico.com\/portal\/tertulia-juridica-jovenes-abogados-fortalecen-la-cultura-legal-en-zamora-chinchipe\/","title":{"rendered":"\u201cTertulia Jur\u00eddica\u201d: J\u00f3venes abogados fortalecen la cultura legal en Zamora Chinchipe"},"content":{"rendered":"<p>El di\u00e1logo acad\u00e9mico y la formaci\u00f3n ciudadana encuentran un espacio en \u201cTertulia Jur\u00eddica\u201d, programa desarrollado por los abogados Franco Tamay Vega y Jamil \u00c1vila, transmitido cada mi\u00e9rcoles a trav\u00e9s de Diario El Amaz\u00f3nico y medios radiales asociados. La iniciativa busca acercar el conocimiento jur\u00eddico a la sociedad mediante un lenguaje claro y accesible, con la participaci\u00f3n de destacados juristas nacionales y autoridades del sistema de justicia.<\/p>\n<p><strong>Trayectoria y visi\u00f3n de los protagonistas<\/strong><br \/>\nFranco Tamay, joven abogado de 24 a\u00f1os, oriundo de Loja y con ra\u00edces de Zamora Chinchipe, ecuatoriano, se desempe\u00f1a en el libre ejercicio de la profesi\u00f3n. Actualmente cursa su tercera maestr\u00eda en Quito, orientada al derecho penal y los derechos humanos, con el objetivo de contribuir a la formaci\u00f3n de profesionales probos en Zamora Chinchipe. Su trayectoria acad\u00e9mica refleja el compromiso de una nueva generaci\u00f3n de juristas que aspira a ejercer la profesi\u00f3n con \u00e9tica y responsabilidad social.<\/p>\n<p>Por su parte, Jamil \u00c1vila, originario de la parroquia La Paz del cant\u00f3n Yacuambi, tambi\u00e9n egresado de la Universidad Nacional de Loja, comparte esa visi\u00f3n de un ejercicio profesional sustentado en valores y principios. Con 30 a\u00f1os de edad, \u00c1vila combina su labor jur\u00eddica con el prop\u00f3sito de generar espacios de orientaci\u00f3n ciudadana, convencido de que el derecho debe estar al servicio de la sociedad.<\/p>\n<p><strong>Un espacio de formaci\u00f3n ciudadana<\/strong><br \/>\n\u201cTertulia Jur\u00eddica\u201d no se limita a los profesionales del derecho, sino que est\u00e1 dirigido a la comunidad en general. El programa cuenta con una agenda confirmada hasta diciembre, en la que participar\u00e1n juristas de renombre, ex jueces de la Corte Nacional de Justicia, miembros de la Corte Constitucional y especialistas en diversas ramas jur\u00eddicas. El objetivo es explicar la interpretaci\u00f3n y aplicaci\u00f3n de las leyes en la vida cotidiana, fomentando la confianza ciudadana en la justicia.<\/p>\n<p>Adem\u00e1s, los abogados coinciden con uno de los objetivos que tiene este medio de comunicaci\u00f3n y subrayan que la iniciativa no tiene fines de lucro, sino un car\u00e1cter social y educativo. La propuesta responde a la necesidad de transparentar la pr\u00e1ctica del derecho, combatir la desconfianza hacia la profesi\u00f3n y orientar a la ciudadan\u00eda sobre sus derechos, procesos legales y servicios gratuitos como los que presta la Defensor\u00eda P\u00fablica.<\/p>\n<p>\u00c9tica y responsabilidad en la pr\u00e1ctica profesional<br \/>\nDurante sus intervenciones, tanto Tamay como \u00c1vila coincidieron en que ejercer la abogac\u00eda en el contexto actual es un reto complejo debido a la desconfianza generada por casos de corrupci\u00f3n en la administraci\u00f3n de justicia. Frente a ello, ambos recalcan la importancia de preservar los valores, la probidad y la preparaci\u00f3n constante, para consolidar un ejercicio profesional digno y confiable.<\/p>\n<p><strong>Invitaci\u00f3n a la ciudadan\u00eda<\/strong><br \/>\nEl programa \u201cTertulia Jur\u00eddica\u201d se transmite cada mi\u00e9rcoles de 19h00 a 20h00 a trav\u00e9s de Diario El Amaz\u00f3nico y por radios locales en distintas frecuencias. S invitan a la ciudadan\u00eda a participar activamente, acceder a informaci\u00f3n clara y comprender de manera sencilla los alcances del derecho en la vida cotidiana.<\/p>\n<p><img decoding=\"async\" class=\"alignnone size-medium wp-image-25741\" src=\"https:\/\/www.elamazonico.com\/portal\/wp-content\/uploads\/2025\/08\/personas_combinadas1-300x113.jpeg\" alt=\"\" width=\"300\" height=\"113\" srcset=\"https:\/\/www.elamazonico.com\/portal\/wp-content\/uploads\/2025\/08\/personas_combinadas1-300x113.jpeg 300w, https:\/\/www.elamazonico.com\/portal\/wp-content\/uploads\/2025\/08\/personas_combinadas1-1024x387.jpeg 1024w, https:\/\/www.elamazonico.com\/portal\/wp-content\/uploads\/2025\/08\/personas_combinadas1-768x290.jpeg 768w, https:\/\/www.elamazonico.com\/portal\/wp-content\/uploads\/2025\/08\/personas_combinadas1-1536x580.jpeg 1536w, https:\/\/www.elamazonico.com\/portal\/wp-content\/uploads\/2025\/08\/personas_combinadas1-2048x774.jpeg 2048w\" sizes=\"(max-width: 300px) 100vw, 300px\" \/><\/p>\n","protected":false},"excerpt":{"rendered":"<p>El di\u00e1logo acad\u00e9mico y la formaci\u00f3n ciudadana encuentran un espacio en \u201cTertulia Jur\u00eddica\u201d, programa desarrollado por los abogados Franco Tamay Vega y Jamil \u00c1vila, transmitido cada mi\u00e9rcoles a trav\u00e9s de Diario El Amaz\u00f3nico y medios radiales asociados. La iniciativa busca acercar el conocimiento jur\u00eddico a la sociedad mediante un lenguaje claro y accesible, con la participaci\u00f3n de destacados juristas nacionales y autoridades del sistema de justicia. Trayectoria y visi\u00f3n de los protagonistas Franco Tamay, joven abogado de 24 a\u00f1os, oriundo de Loja y con ra\u00edces de Zamora Chinchipe, ecuatoriano, se desempe\u00f1a en el libre ejercicio de la profesi\u00f3n. Actualmente cursa su tercera maestr\u00eda en Quito, orientada al derecho penal y los derechos humanos, con el objetivo de contribuir a la formaci\u00f3n de profesionales probos en Zamora Chinchipe. Su trayectoria acad\u00e9mica refleja el compromiso de una nueva generaci\u00f3n de juristas que aspira a ejercer la profesi\u00f3n con \u00e9tica y responsabilidad social. Por su parte, Jamil \u00c1vila, originario de la parroquia La Paz del cant\u00f3n Yacuambi, tambi\u00e9n egresado de la Universidad Nacional de Loja, comparte esa visi\u00f3n de un ejercicio profesional sustentado en valores y principios. Con 30 a\u00f1os de edad, \u00c1vila combina su labor jur\u00eddica con el prop\u00f3sito de generar espacios de orientaci\u00f3n ciudadana, convencido de que el derecho debe estar al servicio de la sociedad. Un espacio de formaci\u00f3n ciudadana \u201cTertulia Jur\u00eddica\u201d no se limita a los profesionales del derecho, sino que est\u00e1 dirigido a la comunidad en general. El programa cuenta con una agenda confirmada hasta diciembre, en la que participar\u00e1n juristas de renombre, ex jueces de la Corte Nacional de Justicia, miembros de la Corte Constitucional y especialistas en diversas ramas jur\u00eddicas. El objetivo es explicar la interpretaci\u00f3n y aplicaci\u00f3n de las leyes en la vida cotidiana, fomentando la confianza ciudadana en la justicia. Adem\u00e1s, los abogados coinciden con uno de los objetivos que tiene este medio de comunicaci\u00f3n y subrayan que la iniciativa no tiene fines de lucro, sino un car\u00e1cter social y educativo. La propuesta responde a la necesidad de transparentar la pr\u00e1ctica del derecho, combatir la desconfianza hacia la profesi\u00f3n y orientar a la ciudadan\u00eda sobre sus derechos, procesos legales y servicios gratuitos como los que presta la Defensor\u00eda P\u00fablica. \u00c9tica y responsabilidad en la pr\u00e1ctica profesional Durante sus intervenciones, tanto Tamay como \u00c1vila coincidieron en que ejercer la abogac\u00eda en el contexto actual es un reto complejo debido a la desconfianza generada por casos de corrupci\u00f3n en la administraci\u00f3n de justicia. Frente a ello, ambos recalcan la importancia de preservar los valores, la probidad y la preparaci\u00f3n constante, para consolidar un ejercicio profesional digno y confiable. Invitaci\u00f3n a la ciudadan\u00eda El programa \u201cTertulia Jur\u00eddica\u201d se transmite cada mi\u00e9rcoles de 19h00 a 20h00 a trav\u00e9s de Diario El Amaz\u00f3nico y por radios locales en distintas frecuencias. S invitan a la ciudadan\u00eda a participar activamente, acceder a informaci\u00f3n clara y comprender de manera sencilla los alcances del derecho en la vida cotidiana.<\/p>\n","protected":false},"author":1,"featured_media":25746,"comment_status":"closed","ping_status":"closed","sticky":false,"template":"","format":"standard","meta":{"footnotes":""},"categories":[268,243],"tags":[],"class_list":["post-25739","post","type-post","status-publish","format-standard","has-post-thumbnail","hentry","category-nacionales","category-noticias-zamora"],"_links":{"self":[{"href":"https:\/\/www.elamazonico.com\/portal\/wp-json\/wp\/v2\/posts\/25739","targetHints":{"allow":["GET"]}}],"collection":[{"href":"https:\/\/www.elamazonico.com\/portal\/wp-json\/wp\/v2\/posts"}],"about":[{"href":"https:\/\/www.elamazonico.com\/portal\/wp-json\/wp\/v2\/types\/post"}],"author":[{"embeddable":true,"href":"https:\/\/www.elamazonico.com\/portal\/wp-json\/wp\/v2\/users\/1"}],"replies":[{"embeddable":true,"href":"https:\/\/www.elamazonico.com\/portal\/wp-json\/wp\/v2\/comments?post=25739"}],"version-history":[{"count":3,"href":"https:\/\/www.elamazonico.com\/portal\/wp-json\/wp\/v2\/posts\/25739\/revisions"}],"predecessor-version":[{"id":25744,"href":"https:\/\/www.elamazonico.com\/portal\/wp-json\/wp\/v2\/posts\/25739\/revisions\/25744"}],"wp:featuredmedia":[{"embeddable":true,"href":"https:\/\/www.elamazonico.com\/portal\/wp-json\/wp\/v2\/media\/25746"}],"wp:attachment":[{"href":"https:\/\/www.elamazonico.com\/portal\/wp-json\/wp\/v2\/media?parent=25739"}],"wp:term":[{"taxonomy":"category","embeddable":true,"href":"https:\/\/www.elamazonico.com\/portal\/wp-json\/wp\/v2\/categories?post=25739"},{"taxonomy":"post_tag","embeddable":true,"href":"https:\/\/www.elamazonico.com\/portal\/wp-json\/wp\/v2\/tags?post=25739"}],"curies":[{"name":"wp","href":"https:\/\/api.w.org\/{rel}","templated":true}]}}