{"id":25735,"date":"2025-08-21T08:21:21","date_gmt":"2025-08-21T13:21:21","guid":{"rendered":"https:\/\/www.elamazonico.com\/portal\/?p=25735"},"modified":"2025-08-21T08:21:43","modified_gmt":"2025-08-21T13:21:43","slug":"presuntos-abusos-sexuales-en-espacios-religiosos-fiscalia-confirma-11-casos-entre-ellos-el-del-sacerdote-de-olon","status":"publish","type":"post","link":"https:\/\/www.elamazonico.com\/portal\/presuntos-abusos-sexuales-en-espacios-religiosos-fiscalia-confirma-11-casos-entre-ellos-el-del-sacerdote-de-olon\/","title":{"rendered":"Presuntos abusos sexuales en espacios religiosos: Fiscal\u00eda confirma 11 casos, entre ellos el del sacerdote de Ol\u00f3n"},"content":{"rendered":"<div class=\"paragraph texto\">\n<p class=\"p_0\">En la Comisi\u00f3n de Protecci\u00f3n Integral a Ni\u00f1as, Ni\u00f1os y Adolescentes de la Asamblea Nacional se abri\u00f3 una investigaci\u00f3n sobre presuntos casos de\u00a0<b>violencia sexual<\/b>\u00a0en espacios\u00a0<b>religiosos\u00a0<\/b>contra menores de edad. La Fiscal\u00eda confirm\u00f3 este mi\u00e9rcoles la existencia de, al menos,\u00a0<u>once denuncias de\u00a0<\/u><u><b><a href=\"https:\/\/www.vistazo.com\/actualidad\/nacional\/2025-08-17-captan-sacerdote-menores-vivienda-olon-santa-elena-FI9947654\" target=\"_blank\" rel=\"noopener noreferrer\">abuso sexual clerical<\/a><\/b><\/u><u>.<\/u><\/p>\n<p class=\"p_2\">Representantes de la Defensor\u00eda del Pueblo y la Coalici\u00f3n de Lucha contra la Violencia Sexual en Espacios de Fe tambi\u00e9n participaron en la mesa legislativa presidida por Viviana Veloz, con el objetivo de informar sobre la denuncia contra un\u00a0<b>sacerdote\u00a0<\/b>de la Iglesia cat\u00f3lica en\u00a0<b>Ol\u00f3n<\/b>, provincia de Santa Elena, que se hizo p\u00fablica el pasado 15 de agosto.<\/p>\n<\/div>\n<h2 class=\"h2vistazo\">11 casos de abuso sexual<\/h2>\n<div class=\"paragraph texto\">\n<p class=\"p_3\"><b>Alejandro Ba\u00f1o<\/b>, director de Derechos Humanos y Participaci\u00f3n Ciudadana de la\u00a0<b>Fiscal\u00eda<\/b>\u00a0General del Estado, inform\u00f3 que, a trav\u00e9s del monitoreo de medios y redes sociales, esta instituci\u00f3n inici\u00f3 de oficio una\u00a0<b>investigaci\u00f3n\u00a0<\/b>previa el 17 de agosto de 2025, a las 14h29. Posteriormente, se present\u00f3 la denuncia por parte de la Tenencia Pol\u00edtica de Manglaralto y un parte policial en relaci\u00f3n con los hechos.<\/p>\n<div class=\"Center2Display\">\n<div id=\"Center2\"><\/div>\n<\/div>\n<p class=\"p_4\">A ra\u00edz del inicio de la investigaci\u00f3n, indic\u00f3 que se han dispuesto varias diligencias, entre ellas la\u00a0<b>valoraci\u00f3n psicol\u00f3gica<\/b>\u00a0de los\u00a0<b>adolescentes<\/b>.<\/p>\n<p class=\"p_5\">Asimismo, se\u00f1al\u00f3 que, hasta la fecha,\u00a0<u>existen 11 casos en seguimiento de violencia sexual en el \u00e1mbito clerical en el pa\u00eds<\/u>: 1 en etapa procesal y 10 en investigaci\u00f3n previa.<\/p>\n<p class=\"p_7\">Por su parte,\u00a0<b>Rodrigo Varela<\/b>, delegado de la\u00a0<b>Defensor\u00eda del Pueblo<\/b>, inform\u00f3 que se solicit\u00f3 a la Conferencia Episcopal informaci\u00f3n sobre los\u00a0<b>protocolos\u00a0<\/b>existentes, aunque aclar\u00f3 que no cuentan con datos sobre casos de violencia. Explic\u00f3, adem\u00e1s, que el 19 de agosto de 2025 se emiti\u00f3 la providencia de admisibilidad para iniciar la\u00a0<b>vigilancia\u00a0<\/b>del debido proceso, en el marco de las competencias de la instituci\u00f3n dentro de la investigaci\u00f3n defensorial.<\/p>\n<p class=\"p_8\">Por \u00faltimo, en comisi\u00f3n general,\u00a0<b>Sara Oviedo<\/b>, representante de la Coalici\u00f3n de Lucha contra la Violencia Sexual en Espacios de Fe, denunci\u00f3 la falta de entrega de informaci\u00f3n por parte de la Iglesia cat\u00f3lica, a la que atribuy\u00f3 mantener un \u201c<b>c\u00f3digo de silencio<\/b>\u201d, con la orden de no denunciar, lo que constituye una forma extrema de encubrimiento.<\/p>\n<p class=\"p_9\">En torno a lo ocurrido en Ol\u00f3n, la Di\u00f3cesis de Santa Elena anunci\u00f3 la separaci\u00f3n del\u00a0<b>sacerdote\u00a0<\/b>de su cargo mientras duren las investigaciones.<\/p>\n<p class=\"p_10\">El caso se hizo p\u00fablico por redes sociales, donde se viraliz\u00f3 un video en el que aparecen varios ciudadanos increpando al sacerdote e incluso refiri\u00e9ndose a \u00e9l como \u00abped\u00f3filo\u00bb por, presuntamente, estar en ropa interior con los menores. <strong>Fuente: Vistazo<\/strong><\/p>\n<\/div>\n","protected":false},"excerpt":{"rendered":"<p>En la Comisi\u00f3n de Protecci\u00f3n Integral a Ni\u00f1as, Ni\u00f1os y Adolescentes de la Asamblea Nacional se abri\u00f3 una investigaci\u00f3n sobre presuntos casos de\u00a0violencia sexual\u00a0en espacios\u00a0religiosos\u00a0contra menores de edad. La Fiscal\u00eda confirm\u00f3 este mi\u00e9rcoles la existencia de, al menos,\u00a0once denuncias de\u00a0abuso sexual clerical. Representantes de la Defensor\u00eda del Pueblo y la Coalici\u00f3n de Lucha contra la Violencia Sexual en Espacios de Fe tambi\u00e9n participaron en la mesa legislativa presidida por Viviana Veloz, con el objetivo de informar sobre la denuncia contra un\u00a0sacerdote\u00a0de la Iglesia cat\u00f3lica en\u00a0Ol\u00f3n, provincia de Santa Elena, que se hizo p\u00fablica el pasado 15 de agosto. 11 casos de abuso sexual Alejandro Ba\u00f1o, director de Derechos Humanos y Participaci\u00f3n Ciudadana de la\u00a0Fiscal\u00eda\u00a0General del Estado, inform\u00f3 que, a trav\u00e9s del monitoreo de medios y redes sociales, esta instituci\u00f3n inici\u00f3 de oficio una\u00a0investigaci\u00f3n\u00a0previa el 17 de agosto de 2025, a las 14h29. Posteriormente, se present\u00f3 la denuncia por parte de la Tenencia Pol\u00edtica de Manglaralto y un parte policial en relaci\u00f3n con los hechos. A ra\u00edz del inicio de la investigaci\u00f3n, indic\u00f3 que se han dispuesto varias diligencias, entre ellas la\u00a0valoraci\u00f3n psicol\u00f3gica\u00a0de los\u00a0adolescentes. Asimismo, se\u00f1al\u00f3 que, hasta la fecha,\u00a0existen 11 casos en seguimiento de violencia sexual en el \u00e1mbito clerical en el pa\u00eds: 1 en etapa procesal y 10 en investigaci\u00f3n previa. Por su parte,\u00a0Rodrigo Varela, delegado de la\u00a0Defensor\u00eda del Pueblo, inform\u00f3 que se solicit\u00f3 a la Conferencia Episcopal informaci\u00f3n sobre los\u00a0protocolos\u00a0existentes, aunque aclar\u00f3 que no cuentan con datos sobre casos de violencia. Explic\u00f3, adem\u00e1s, que el 19 de agosto de 2025 se emiti\u00f3 la providencia de admisibilidad para iniciar la\u00a0vigilancia\u00a0del debido proceso, en el marco de las competencias de la instituci\u00f3n dentro de la investigaci\u00f3n defensorial. Por \u00faltimo, en comisi\u00f3n general,\u00a0Sara Oviedo, representante de la Coalici\u00f3n de Lucha contra la Violencia Sexual en Espacios de Fe, denunci\u00f3 la falta de entrega de informaci\u00f3n por parte de la Iglesia cat\u00f3lica, a la que atribuy\u00f3 mantener un \u201cc\u00f3digo de silencio\u201d, con la orden de no denunciar, lo que constituye una forma extrema de encubrimiento. En torno a lo ocurrido en Ol\u00f3n, la Di\u00f3cesis de Santa Elena anunci\u00f3 la separaci\u00f3n del\u00a0sacerdote\u00a0de su cargo mientras duren las investigaciones. El caso se hizo p\u00fablico por redes sociales, donde se viraliz\u00f3 un video en el que aparecen varios ciudadanos increpando al sacerdote e incluso refiri\u00e9ndose a \u00e9l como \u00abped\u00f3filo\u00bb por, presuntamente, estar en ropa interior con los menores. Fuente: Vistazo<\/p>\n","protected":false},"author":1,"featured_media":25736,"comment_status":"closed","ping_status":"closed","sticky":false,"template":"","format":"standard","meta":{"footnotes":""},"categories":[268],"tags":[],"class_list":["post-25735","post","type-post","status-publish","format-standard","has-post-thumbnail","hentry","category-nacionales"],"_links":{"self":[{"href":"https:\/\/www.elamazonico.com\/portal\/wp-json\/wp\/v2\/posts\/25735","targetHints":{"allow":["GET"]}}],"collection":[{"href":"https:\/\/www.elamazonico.com\/portal\/wp-json\/wp\/v2\/posts"}],"about":[{"href":"https:\/\/www.elamazonico.com\/portal\/wp-json\/wp\/v2\/types\/post"}],"author":[{"embeddable":true,"href":"https:\/\/www.elamazonico.com\/portal\/wp-json\/wp\/v2\/users\/1"}],"replies":[{"embeddable":true,"href":"https:\/\/www.elamazonico.com\/portal\/wp-json\/wp\/v2\/comments?post=25735"}],"version-history":[{"count":2,"href":"https:\/\/www.elamazonico.com\/portal\/wp-json\/wp\/v2\/posts\/25735\/revisions"}],"predecessor-version":[{"id":25738,"href":"https:\/\/www.elamazonico.com\/portal\/wp-json\/wp\/v2\/posts\/25735\/revisions\/25738"}],"wp:featuredmedia":[{"embeddable":true,"href":"https:\/\/www.elamazonico.com\/portal\/wp-json\/wp\/v2\/media\/25736"}],"wp:attachment":[{"href":"https:\/\/www.elamazonico.com\/portal\/wp-json\/wp\/v2\/media?parent=25735"}],"wp:term":[{"taxonomy":"category","embeddable":true,"href":"https:\/\/www.elamazonico.com\/portal\/wp-json\/wp\/v2\/categories?post=25735"},{"taxonomy":"post_tag","embeddable":true,"href":"https:\/\/www.elamazonico.com\/portal\/wp-json\/wp\/v2\/tags?post=25735"}],"curies":[{"name":"wp","href":"https:\/\/api.w.org\/{rel}","templated":true}]}}