{"id":25728,"date":"2025-08-21T07:57:48","date_gmt":"2025-08-21T12:57:48","guid":{"rendered":"https:\/\/www.elamazonico.com\/portal\/?p=25728"},"modified":"2025-08-21T07:57:58","modified_gmt":"2025-08-21T12:57:58","slug":"gobierno-de-nicolas-maduro-acusa-a-daniel-noboa-de-llegar-a-la-presidencia-con-complicidad-del-narcotrafico","status":"publish","type":"post","link":"https:\/\/www.elamazonico.com\/portal\/gobierno-de-nicolas-maduro-acusa-a-daniel-noboa-de-llegar-a-la-presidencia-con-complicidad-del-narcotrafico\/","title":{"rendered":"Gobierno de Nicol\u00e1s Maduro acusa a Daniel Noboa de llegar a la Presidencia con complicidad del narcotr\u00e1fico"},"content":{"rendered":"<div class=\"paragraph texto\">\n<p class=\"p_0\"><b>El presidente de la Asamblea Nacional de Venezuela, Jorge Rodr\u00edguez, acus\u00f3 este mi\u00e9rcoles al mandatario ecuatoriano,\u00a0<a href=\"https:\/\/www.vistazo.com\/cronologia\/-\/meta\/daniel-noboa\">Daniel Noboa<\/a>, de haber obtenido la reelecci\u00f3n en los comicios del 13 de abril de 2025 a trav\u00e9s de un proceso que, seg\u00fan \u00e9l, estuvo influenciado por el narcotr\u00e1fico.<\/b><\/p>\n<\/div>\n<div class=\"Citavistazo\">\u201c\u00bfPor qu\u00e9 no investigan a Noboa, que se acaba de robar unas elecciones con la complicidad del narcotr\u00e1fico, hoy due\u00f1o de la Rep\u00fablica del Ecuador? Lamentablemente debo decirlo: la mafia albanesa y el narcotr\u00e1fico han cooptado por completo al pa\u00eds, y aunque se ha advertido muchas veces, se ha hecho caso omiso\u201d, expres\u00f3 el titular.<\/div>\n<div class=\"paragraph texto\">\n<p class=\"p_1\">La arremetida en contra del presidente de Ecuador se dio en el marco de la aprobaci\u00f3n en el parlamento venezolano de una \u00ab<b>ofensiva diplom\u00e1tica\u00bb\u00a0<\/b>en busca de\u00a0<b>respaldo internacional<\/b>, luego de que Estados Unidos desplegara esta semana<b>\u00a0tres buques con 4.000 soldados, varios destructores y un submarino nuclear en las aguas del Caribe.<\/b><\/p>\n<p class=\"p_3\">La portavoz de la Casa Blanca, Karoline Leavitt, indic\u00f3 este martes que, a trav\u00e9s de la maniobra, E<b>stados Unidos se aprestaba para \u00abusar todo su poder\u00bb<\/b>\u00a0con la finalidad de<b>\u00a0frenar el \u00abflujo de drogas hacia su pa\u00eds\u00bb<\/b>, reiterando que el mandatario de Venezuela, Nicol\u00e1s Maduro, lidera una organizaci\u00f3n criminal denominada\u00a0<i><b>El Cartel de los Soles<\/b><\/i>, clasificada por Ecuador la semana pasada como\u00a0<b>grupo terrorista.<\/b><\/p>\n<div class=\"Center2Display\">\n<div id=\"Center2\"><\/div>\n<\/div>\n<\/div>\n<div class=\"Citavistazo\">\u00abEl r\u00e9gimen de Maduro no es el Gobierno leg\u00edtimo de Venezuela. Es un cartel del narcotr\u00e1fico, seg\u00fan la opini\u00f3n de esta Administraci\u00f3n. Maduro no es un presidente leg\u00edtimo. Es un l\u00edder fugitivo de este cartel, acusado en Estados Unidos de tr\u00e1fico de drogas al pa\u00eds\u00bb, insisti\u00f3 Leavitt, desde Washington.<\/div>\n<div class=\"paragraph texto\">\n<p class=\"p_4\">La denominada iniciativa de\u00bb<b>ofensiva diplom\u00e1tica\u00bb de Venezuela<\/b>, contenida en el &#8216;Proyecto de acuerdo en respaldo y defensa de la soberan\u00eda, la protecci\u00f3n del territorio, las instituciones venezolanas y la paz\u00bb, fue aprobada durante una sesi\u00f3n legislativa extraordinaria.<\/p>\n<\/div>\n<div class=\"multimediaMacroWrapper img lateral\">\n<figure class=\"contentMedia art-img\">\n<div><img fetchpriority=\"high\" decoding=\"async\" class=\" lazyloaded\" title=\"Esta combinaci\u00f3n de im\u00e1genes creada el 7 de agosto de 2025 muestra al presidente de Estados Unidos, Donald Trump (izq.) en Washington, DC, el 9 de julio de 2025, y al presidente venezolano, Nicol\u00e1s Maduro (der.) en Caracas el 31 de julio de 2024.\" src=\"https:\/\/www.vistazo.com\/placeholder\/svg\/viewbox\/768x576\" sizes=\"100vw\" srcset=\"\/\/www.vistazo.com\/binrepository\/768x576\/0c0\/0d0\/none\/12727\/ISXD\/afp-20250808-692v79u-v1-highres_2370574_20250820203405.jpg 768w,\/\/www.vistazo.com\/binrepository\/640x480\/0c0\/0d0\/none\/12727\/ISXC\/afp-20250808-692v79u-v1-highres_2370574_20250820203405.jpg 640w,\/\/www.vistazo.com\/binrepository\/512x384\/0c0\/0d0\/none\/12727\/ISXY\/afp-20250808-692v79u-v1-highres_2370574_20250820203405.jpg 512w,\/\/www.vistazo.com\/binrepository\/384x288\/0c0\/0d0\/none\/12727\/ISXD\/afp-20250808-692v79u-v1-highres_2370574_20250820203405.jpg 384w,\/\/www.vistazo.com\/binrepository\/300x225\/0c0\/0d0\/none\/12727\/ISXT\/afp-20250808-692v79u-v1-highres_2370574_20250820203405.jpg 300w\" alt=\"$!Esta combinaci\u00f3n de im\u00e1genes creada el 7 de agosto de 2025 muestra al presidente de Estados Unidos, Donald Trump (izq.) en Washington, DC, el 9 de julio de 2025, y al presidente venezolano, Nicol\u00e1s Maduro (der.) en Caracas el 31 de julio de 2024.\" width=\"768\" height=\"576\" data-srcset=\"\/\/www.vistazo.com\/binrepository\/768x576\/0c0\/0d0\/none\/12727\/ISXD\/afp-20250808-692v79u-v1-highres_2370574_20250820203405.jpg 768w,\/\/www.vistazo.com\/binrepository\/640x480\/0c0\/0d0\/none\/12727\/ISXC\/afp-20250808-692v79u-v1-highres_2370574_20250820203405.jpg 640w,\/\/www.vistazo.com\/binrepository\/512x384\/0c0\/0d0\/none\/12727\/ISXY\/afp-20250808-692v79u-v1-highres_2370574_20250820203405.jpg 512w,\/\/www.vistazo.com\/binrepository\/384x288\/0c0\/0d0\/none\/12727\/ISXD\/afp-20250808-692v79u-v1-highres_2370574_20250820203405.jpg 384w,\/\/www.vistazo.com\/binrepository\/300x225\/0c0\/0d0\/none\/12727\/ISXT\/afp-20250808-692v79u-v1-highres_2370574_20250820203405.jpg 300w\" \/><\/div>\n<div class=\"cutline-byline\"><span class=\"cutline-text\">Esta combinaci\u00f3n de im\u00e1genes creada el 7 de agosto de 2025 muestra al presidente de Estados Unidos, Donald Trump (izq.) en Washington, DC, el 9 de julio de 2025, y al presidente venezolano, Nicol\u00e1s Maduro (der.) en Caracas el 31 de julio de 2024.<\/span>\u00a0<span class=\"byline-image\">(JIM WATSON; FEDERICO PARRA \/ AFP)<\/span><\/div>\n<\/figure>\n<\/div>\n<div class=\"paragraph texto\">\n<p class=\"p_5\">\u00abEnviemos comunicaciones, enviemos delegaciones, que los Parlamentos del mundo discutan, que los Parlamentos de este continente sepan que lo que est\u00e1 en riesgo no es la seguridad, la paz y la libertad de Venezuela (&#8230;) Lo que est\u00e1 en riesgo es<b>\u00a0la seguridad y la paz de todo el Caribe<\/b>\u00ab, declar\u00f3 Rodr\u00edguez.<\/p>\n<\/div>\n<h2 class=\"h2vistazo\">Pedido de ayuda al ALBA<\/h2>\n<div class=\"paragraph texto\">\n<p class=\"p_6\">Entretanto, Maduro se reuni\u00f3 este mi\u00e9rcoles en una sesi\u00f3n virtual extraordinaria de la Alianza Bolivariana para los Pueblos de Nuestra Am\u00e9rica (ALBA) con\u00a0<b>el presidente de Bolivia, Luis Arce; de Cuba, Miguel D\u00edaz-Canel; y Nicaragua, Daniel Ortega.<\/b><\/p>\n<p class=\"p_7\">El encuentro ten\u00eda como \u00abobjetivo de\u00a0<b>fortalecer la unidad regional<\/b>\u00a0frente a las amenazas a la paz, la seguridad y el derecho internacional en Am\u00e9rica Latina\u00bb.<\/p>\n<p class=\"p_8\">En la reuni\u00f3n tambi\u00e9n participan los ministros de Relaciones Exteriores de <b>Dominica<\/b>, Vince Henderson; de\u00a0<b>Granada<\/b>, Joseph Andall; y representantes de\u00a0<b>San Crist\u00f3bal y Nieves y Santa Luc\u00eda.<\/b><\/p>\n<\/div>\n<div class=\"paragraph texto\">\n<p class=\"p_10\">\u00abEstaremos abordando todas las amenazas en el mundo, desgraciadamente abundan\u00a0<b>amenazas a la paz, a la seguridad y en particular a nuestra Am\u00e9rica Latina<\/b> y todas las violaciones al derecho internacional\u00bb, declar\u00f3 Ortega, quien afirm\u00f3 que las naciones que integran la ALBA se encuentran unidas y resultar\u00e1n \u00abvictoriosas\u00bb. <strong>Fuente: Vistazo<\/strong><\/p>\n<\/div>\n","protected":false},"excerpt":{"rendered":"<p>El presidente de la Asamblea Nacional de Venezuela, Jorge Rodr\u00edguez, acus\u00f3 este mi\u00e9rcoles al mandatario ecuatoriano,\u00a0Daniel Noboa, de haber obtenido la reelecci\u00f3n en los comicios del 13 de abril de 2025 a trav\u00e9s de un proceso que, seg\u00fan \u00e9l, estuvo influenciado por el narcotr\u00e1fico. \u201c\u00bfPor qu\u00e9 no investigan a Noboa, que se acaba de robar unas elecciones con la complicidad del narcotr\u00e1fico, hoy due\u00f1o de la Rep\u00fablica del Ecuador? Lamentablemente debo decirlo: la mafia albanesa y el narcotr\u00e1fico han cooptado por completo al pa\u00eds, y aunque se ha advertido muchas veces, se ha hecho caso omiso\u201d, expres\u00f3 el titular. La arremetida en contra del presidente de Ecuador se dio en el marco de la aprobaci\u00f3n en el parlamento venezolano de una \u00abofensiva diplom\u00e1tica\u00bb\u00a0en busca de\u00a0respaldo internacional, luego de que Estados Unidos desplegara esta semana\u00a0tres buques con 4.000 soldados, varios destructores y un submarino nuclear en las aguas del Caribe. La portavoz de la Casa Blanca, Karoline Leavitt, indic\u00f3 este martes que, a trav\u00e9s de la maniobra, Estados Unidos se aprestaba para \u00abusar todo su poder\u00bb\u00a0con la finalidad de\u00a0frenar el \u00abflujo de drogas hacia su pa\u00eds\u00bb, reiterando que el mandatario de Venezuela, Nicol\u00e1s Maduro, lidera una organizaci\u00f3n criminal denominada\u00a0El Cartel de los Soles, clasificada por Ecuador la semana pasada como\u00a0grupo terrorista. \u00abEl r\u00e9gimen de Maduro no es el Gobierno leg\u00edtimo de Venezuela. Es un cartel del narcotr\u00e1fico, seg\u00fan la opini\u00f3n de esta Administraci\u00f3n. Maduro no es un presidente leg\u00edtimo. Es un l\u00edder fugitivo de este cartel, acusado en Estados Unidos de tr\u00e1fico de drogas al pa\u00eds\u00bb, insisti\u00f3 Leavitt, desde Washington. La denominada iniciativa de\u00bbofensiva diplom\u00e1tica\u00bb de Venezuela, contenida en el &#8216;Proyecto de acuerdo en respaldo y defensa de la soberan\u00eda, la protecci\u00f3n del territorio, las instituciones venezolanas y la paz\u00bb, fue aprobada durante una sesi\u00f3n legislativa extraordinaria. Esta combinaci\u00f3n de im\u00e1genes creada el 7 de agosto de 2025 muestra al presidente de Estados Unidos, Donald Trump (izq.) en Washington, DC, el 9 de julio de 2025, y al presidente venezolano, Nicol\u00e1s Maduro (der.) en Caracas el 31 de julio de 2024.\u00a0(JIM WATSON; FEDERICO PARRA \/ AFP) \u00abEnviemos comunicaciones, enviemos delegaciones, que los Parlamentos del mundo discutan, que los Parlamentos de este continente sepan que lo que est\u00e1 en riesgo no es la seguridad, la paz y la libertad de Venezuela (&#8230;) Lo que est\u00e1 en riesgo es\u00a0la seguridad y la paz de todo el Caribe\u00ab, declar\u00f3 Rodr\u00edguez. Pedido de ayuda al ALBA Entretanto, Maduro se reuni\u00f3 este mi\u00e9rcoles en una sesi\u00f3n virtual extraordinaria de la Alianza Bolivariana para los Pueblos de Nuestra Am\u00e9rica (ALBA) con\u00a0el presidente de Bolivia, Luis Arce; de Cuba, Miguel D\u00edaz-Canel; y Nicaragua, Daniel Ortega. El encuentro ten\u00eda como \u00abobjetivo de\u00a0fortalecer la unidad regional\u00a0frente a las amenazas a la paz, la seguridad y el derecho internacional en Am\u00e9rica Latina\u00bb. En la reuni\u00f3n tambi\u00e9n participan los ministros de Relaciones Exteriores de Dominica, Vince Henderson; de\u00a0Granada, Joseph Andall; y representantes de\u00a0San Crist\u00f3bal y Nieves y Santa Luc\u00eda. \u00abEstaremos abordando todas las amenazas en el mundo, desgraciadamente abundan\u00a0amenazas a la paz, a la seguridad y en particular a nuestra Am\u00e9rica Latina y todas las violaciones al derecho internacional\u00bb, declar\u00f3 Ortega, quien afirm\u00f3 que las naciones que integran la ALBA se encuentran unidas y resultar\u00e1n \u00abvictoriosas\u00bb. Fuente: Vistazo<\/p>\n","protected":false},"author":1,"featured_media":25729,"comment_status":"closed","ping_status":"closed","sticky":false,"template":"","format":"standard","meta":{"footnotes":""},"categories":[5],"tags":[],"class_list":["post-25728","post","type-post","status-publish","format-standard","has-post-thumbnail","hentry","category-internacionales"],"_links":{"self":[{"href":"https:\/\/www.elamazonico.com\/portal\/wp-json\/wp\/v2\/posts\/25728","targetHints":{"allow":["GET"]}}],"collection":[{"href":"https:\/\/www.elamazonico.com\/portal\/wp-json\/wp\/v2\/posts"}],"about":[{"href":"https:\/\/www.elamazonico.com\/portal\/wp-json\/wp\/v2\/types\/post"}],"author":[{"embeddable":true,"href":"https:\/\/www.elamazonico.com\/portal\/wp-json\/wp\/v2\/users\/1"}],"replies":[{"embeddable":true,"href":"https:\/\/www.elamazonico.com\/portal\/wp-json\/wp\/v2\/comments?post=25728"}],"version-history":[{"count":1,"href":"https:\/\/www.elamazonico.com\/portal\/wp-json\/wp\/v2\/posts\/25728\/revisions"}],"predecessor-version":[{"id":25730,"href":"https:\/\/www.elamazonico.com\/portal\/wp-json\/wp\/v2\/posts\/25728\/revisions\/25730"}],"wp:featuredmedia":[{"embeddable":true,"href":"https:\/\/www.elamazonico.com\/portal\/wp-json\/wp\/v2\/media\/25729"}],"wp:attachment":[{"href":"https:\/\/www.elamazonico.com\/portal\/wp-json\/wp\/v2\/media?parent=25728"}],"wp:term":[{"taxonomy":"category","embeddable":true,"href":"https:\/\/www.elamazonico.com\/portal\/wp-json\/wp\/v2\/categories?post=25728"},{"taxonomy":"post_tag","embeddable":true,"href":"https:\/\/www.elamazonico.com\/portal\/wp-json\/wp\/v2\/tags?post=25728"}],"curies":[{"name":"wp","href":"https:\/\/api.w.org\/{rel}","templated":true}]}}