{"id":25722,"date":"2025-08-21T07:52:18","date_gmt":"2025-08-21T12:52:18","guid":{"rendered":"https:\/\/www.elamazonico.com\/portal\/?p=25722"},"modified":"2025-08-21T07:55:57","modified_gmt":"2025-08-21T12:55:57","slug":"daniel-noboa-suma-a-tres-cantones-a-estado-de-excepcion-por-repunte-de-violencia","status":"publish","type":"post","link":"https:\/\/www.elamazonico.com\/portal\/daniel-noboa-suma-a-tres-cantones-a-estado-de-excepcion-por-repunte-de-violencia\/","title":{"rendered":"Daniel Noboa suma a tres cantones a estado de excepci\u00f3n por repunte de violencia"},"content":{"rendered":"<div class=\"paragraph texto\">\n<p class=\"p_0\"><b>El Gobierno ampli\u00f3 este mi\u00e9rcoles el estado de excepci\u00f3n a tres cantones de la regi\u00f3n Sierra. Mediante el Decreto Ejecutivo N.\u00ba 109, el presidente\u00a0<a href=\"https:\/\/www.vistazo.com\/cronologia\/-\/meta\/daniel-noboa\">Daniel Noboa<\/a>\u00a0dispuso que la medida rija tambi\u00e9n en La Man\u00e1 (Cotopaxi) y en Las Naves y Echeand\u00eda (Bol\u00edvar), tras registrarse un repunte de actos violentos.<\/b><\/p>\n<p class=\"p_2\">El documento oficial se\u00f1ala que estas localidades han sido convertidas en<b>\u00a0\u201czonas estrat\u00e9gicas\u201d por grupos delincuenciales\u00a0<\/b>con la intenci\u00f3n de socavar la estabilidad del pa\u00eds. Con la resoluci\u00f3n, se establecen<b>\u00a0restricciones a la inviolabilidad de domicilio y a la correspondencia<\/b>, adem\u00e1s de autorizar la continuidad de\u00a0<b>operaciones conjuntas\u00a0<\/b>entre militares y policiales en la regi\u00f3n.<\/p>\n<p class=\"p_3\">Las disposiciones habilitan a las Fuerzas Armadas y a la Polic\u00eda Nacional a realizar<b>\u00a0controles, allanamientos y registros en busca de personas vinculadas a organizaciones delictivas<\/b>, as\u00ed como a decomisar armas, equipos o materiales utilizados en actividades il\u00edcitas. Tambi\u00e9n se permite la revisi\u00f3n y recopilaci\u00f3n de comunicaciones f\u00edsicas o electr\u00f3nicas que puedan servir de apoyo a estas redes.<\/p>\n<div class=\"Center2Display\">\n<div id=\"Center2\"><\/div>\n<\/div>\n<p class=\"p_4\">El estado de excepci\u00f3n se mantiene, adem\u00e1s, en las provincias de\u00a0<b>El Oro, Guayas, Los R\u00edos y Manab\u00ed<\/b>, bajo la causal de \u201cgrave conmoci\u00f3n interna\u201d y tendr\u00e1 una vigencia de 60 d\u00edas.<\/p>\n<\/div>\n<h2 class=\"h2vistazo\">Espiral de violencia<\/h2>\n<div class=\"paragraph texto\">\n<p class=\"p_5\">En los primeros cinco meses de 2025,\u00a0<b>Ecuador registr\u00f3 4.051 homicidios<\/b>, seg\u00fan cifras oficiales, en una espiral de violencia que el Gobierno atribuye a la delincuencia organizada.<\/p>\n<p class=\"p_7\">Los datos trimestrales de este a\u00f1o, que promedian\u00a0<b>un asesinato por hora<\/b>, superan en 39% los 1.698 registrados entre enero y marzo de 2023, a\u00f1o en el que el pa\u00eds se ubic\u00f3 como el m\u00e1s violento de Latinoam\u00e9rica.<\/p>\n<p class=\"p_8\">Ecuador vive desde 2024 bajo un<b>\u00a0\u00abconflicto armado interno\u00bb<\/b>\u00a0declarado por Noboa a fin de combatir a una veintena de bandas criminales, que pasaron a ser catalogadas como<b> &#8216;terroristas&#8217;. Fuente: Vistazo<\/b><\/p>\n<\/div>\n","protected":false},"excerpt":{"rendered":"<p>El Gobierno ampli\u00f3 este mi\u00e9rcoles el estado de excepci\u00f3n a tres cantones de la regi\u00f3n Sierra. Mediante el Decreto Ejecutivo N.\u00ba 109, el presidente\u00a0Daniel Noboa\u00a0dispuso que la medida rija tambi\u00e9n en La Man\u00e1 (Cotopaxi) y en Las Naves y Echeand\u00eda (Bol\u00edvar), tras registrarse un repunte de actos violentos. El documento oficial se\u00f1ala que estas localidades han sido convertidas en\u00a0\u201czonas estrat\u00e9gicas\u201d por grupos delincuenciales\u00a0con la intenci\u00f3n de socavar la estabilidad del pa\u00eds. Con la resoluci\u00f3n, se establecen\u00a0restricciones a la inviolabilidad de domicilio y a la correspondencia, adem\u00e1s de autorizar la continuidad de\u00a0operaciones conjuntas\u00a0entre militares y policiales en la regi\u00f3n. Las disposiciones habilitan a las Fuerzas Armadas y a la Polic\u00eda Nacional a realizar\u00a0controles, allanamientos y registros en busca de personas vinculadas a organizaciones delictivas, as\u00ed como a decomisar armas, equipos o materiales utilizados en actividades il\u00edcitas. Tambi\u00e9n se permite la revisi\u00f3n y recopilaci\u00f3n de comunicaciones f\u00edsicas o electr\u00f3nicas que puedan servir de apoyo a estas redes. El estado de excepci\u00f3n se mantiene, adem\u00e1s, en las provincias de\u00a0El Oro, Guayas, Los R\u00edos y Manab\u00ed, bajo la causal de \u201cgrave conmoci\u00f3n interna\u201d y tendr\u00e1 una vigencia de 60 d\u00edas. Espiral de violencia En los primeros cinco meses de 2025,\u00a0Ecuador registr\u00f3 4.051 homicidios, seg\u00fan cifras oficiales, en una espiral de violencia que el Gobierno atribuye a la delincuencia organizada. Los datos trimestrales de este a\u00f1o, que promedian\u00a0un asesinato por hora, superan en 39% los 1.698 registrados entre enero y marzo de 2023, a\u00f1o en el que el pa\u00eds se ubic\u00f3 como el m\u00e1s violento de Latinoam\u00e9rica. Ecuador vive desde 2024 bajo un\u00a0\u00abconflicto armado interno\u00bb\u00a0declarado por Noboa a fin de combatir a una veintena de bandas criminales, que pasaron a ser catalogadas como &#8216;terroristas&#8217;. Fuente: Vistazo<\/p>\n","protected":false},"author":1,"featured_media":25723,"comment_status":"closed","ping_status":"closed","sticky":false,"template":"","format":"standard","meta":{"footnotes":""},"categories":[268],"tags":[],"class_list":["post-25722","post","type-post","status-publish","format-standard","has-post-thumbnail","hentry","category-nacionales"],"_links":{"self":[{"href":"https:\/\/www.elamazonico.com\/portal\/wp-json\/wp\/v2\/posts\/25722","targetHints":{"allow":["GET"]}}],"collection":[{"href":"https:\/\/www.elamazonico.com\/portal\/wp-json\/wp\/v2\/posts"}],"about":[{"href":"https:\/\/www.elamazonico.com\/portal\/wp-json\/wp\/v2\/types\/post"}],"author":[{"embeddable":true,"href":"https:\/\/www.elamazonico.com\/portal\/wp-json\/wp\/v2\/users\/1"}],"replies":[{"embeddable":true,"href":"https:\/\/www.elamazonico.com\/portal\/wp-json\/wp\/v2\/comments?post=25722"}],"version-history":[{"count":2,"href":"https:\/\/www.elamazonico.com\/portal\/wp-json\/wp\/v2\/posts\/25722\/revisions"}],"predecessor-version":[{"id":25727,"href":"https:\/\/www.elamazonico.com\/portal\/wp-json\/wp\/v2\/posts\/25722\/revisions\/25727"}],"wp:featuredmedia":[{"embeddable":true,"href":"https:\/\/www.elamazonico.com\/portal\/wp-json\/wp\/v2\/media\/25723"}],"wp:attachment":[{"href":"https:\/\/www.elamazonico.com\/portal\/wp-json\/wp\/v2\/media?parent=25722"}],"wp:term":[{"taxonomy":"category","embeddable":true,"href":"https:\/\/www.elamazonico.com\/portal\/wp-json\/wp\/v2\/categories?post=25722"},{"taxonomy":"post_tag","embeddable":true,"href":"https:\/\/www.elamazonico.com\/portal\/wp-json\/wp\/v2\/tags?post=25722"}],"curies":[{"name":"wp","href":"https:\/\/api.w.org\/{rel}","templated":true}]}}