{"id":25718,"date":"2025-08-19T16:07:57","date_gmt":"2025-08-19T21:07:57","guid":{"rendered":"https:\/\/www.elamazonico.com\/portal\/?p=25718"},"modified":"2025-08-19T16:07:57","modified_gmt":"2025-08-19T21:07:57","slug":"tres-policias-retenidos-en-cotopaxi-tras-el-supuesto-intento-de-asesinato-a-leonidas-iza","status":"publish","type":"post","link":"https:\/\/www.elamazonico.com\/portal\/tres-policias-retenidos-en-cotopaxi-tras-el-supuesto-intento-de-asesinato-a-leonidas-iza\/","title":{"rendered":"Tres polic\u00edas retenidos en Cotopaxi tras el supuesto intento de asesinato a Leonidas Iza"},"content":{"rendered":"<p>El presunto intento de asesinato a Leonidas Iza, denunciado por el propio expresidente de la Conaie en sus redes sociales, deriv\u00f3 en la retenci\u00f3n de al menos tres polic\u00edas en Cotopaxi.<\/p>\n<p>Estos agentes est\u00e1n bajo custodia de miembros de la comunidad ind\u00edgena de San Ignacio en Cotopaxi, y la Polic\u00eda Nacional est\u00e1 analizando la situaci\u00f3n y buscando una salida para que los dejen en libertad.<\/p>\n<p>Apawki Castro,\u00a0coordinador del movimiento Pachakutik en Cotopaxi, confirm\u00f3 a PRIMICIAS la retenci\u00f3n de los tres polic\u00edas.<\/p>\n<p>Se conoci\u00f3 que los agentes\u00a0ser\u00edan parte\u00a0de la Unidad Nacional de Inteligencia para la Seguridad Ciudadana y Orden P\u00fablico.<\/p>\n<p>Por su parte, el extitular de la Conaie, Iza indic\u00f3 que la tarde del 18 de agosto, los\u00a0tres agentes de inteligencia fueron interceptados en los exteriores de su vivienda, y que ellos estaban, supuestamente, tomando fotos y grabando videos de sus actividades sin autorizaci\u00f3n.<\/p>\n<p>\u00abAl ser increpados sobre el motivo de su actividad intentaron huir a alta velocidad pudiendo causarme un atropellamiento\u00bb, asegur\u00f3 Iza este martes.<\/p>\n<p>En una rueda de prensa, la noche del lunes 18 de agosto, Iza detall\u00f3 que los polic\u00edas retenidos ser\u00e1n sometidos a un proceso de justicia ind\u00edgena y anunci\u00f3 que este martes se har\u00eda una audiencia p\u00fablica para que ellos puedan defenderse.<\/p>\n<p>\u00abEn este momento, los se\u00f1ores est\u00e1n en un proceso de investigaci\u00f3n de la justicia ind\u00edgena. Aqu\u00ed no est\u00e1n secuestrados, no est\u00e1n detenidos&#8230; Lo \u00fanico que ha hecho la comunidad es investigar\u00bb, dijo Iza.<\/p>\n<p>La Confederaci\u00f3n de Nacionalidades Ind\u00edgenas del Ecuador (Conaie) public\u00f3 en un comunicado que respalda las acciones adoptadas por las comunidades y organizaciones de base, que han iniciado \u00abprocesos de investigaci\u00f3n y justicia comunitaria\u00bb para esclarecer los hechos.<\/p>\n","protected":false},"excerpt":{"rendered":"<p>El presunto intento de asesinato a Leonidas Iza, denunciado por el propio expresidente de la Conaie en sus redes sociales, deriv\u00f3 en la retenci\u00f3n de al menos tres polic\u00edas en Cotopaxi. Estos agentes est\u00e1n bajo custodia de miembros de la comunidad ind\u00edgena de San Ignacio en Cotopaxi, y la Polic\u00eda Nacional est\u00e1 analizando la situaci\u00f3n y buscando una salida para que los dejen en libertad. Apawki Castro,\u00a0coordinador del movimiento Pachakutik en Cotopaxi, confirm\u00f3 a PRIMICIAS la retenci\u00f3n de los tres polic\u00edas. Se conoci\u00f3 que los agentes\u00a0ser\u00edan parte\u00a0de la Unidad Nacional de Inteligencia para la Seguridad Ciudadana y Orden P\u00fablico. Por su parte, el extitular de la Conaie, Iza indic\u00f3 que la tarde del 18 de agosto, los\u00a0tres agentes de inteligencia fueron interceptados en los exteriores de su vivienda, y que ellos estaban, supuestamente, tomando fotos y grabando videos de sus actividades sin autorizaci\u00f3n. \u00abAl ser increpados sobre el motivo de su actividad intentaron huir a alta velocidad pudiendo causarme un atropellamiento\u00bb, asegur\u00f3 Iza este martes. En una rueda de prensa, la noche del lunes 18 de agosto, Iza detall\u00f3 que los polic\u00edas retenidos ser\u00e1n sometidos a un proceso de justicia ind\u00edgena y anunci\u00f3 que este martes se har\u00eda una audiencia p\u00fablica para que ellos puedan defenderse. \u00abEn este momento, los se\u00f1ores est\u00e1n en un proceso de investigaci\u00f3n de la justicia ind\u00edgena. Aqu\u00ed no est\u00e1n secuestrados, no est\u00e1n detenidos&#8230; Lo \u00fanico que ha hecho la comunidad es investigar\u00bb, dijo Iza. La Confederaci\u00f3n de Nacionalidades Ind\u00edgenas del Ecuador (Conaie) public\u00f3 en un comunicado que respalda las acciones adoptadas por las comunidades y organizaciones de base, que han iniciado \u00abprocesos de investigaci\u00f3n y justicia comunitaria\u00bb para esclarecer los hechos.<\/p>\n","protected":false},"author":1,"featured_media":25719,"comment_status":"closed","ping_status":"closed","sticky":false,"template":"","format":"standard","meta":{"footnotes":""},"categories":[268],"tags":[],"class_list":["post-25718","post","type-post","status-publish","format-standard","has-post-thumbnail","hentry","category-nacionales"],"_links":{"self":[{"href":"https:\/\/www.elamazonico.com\/portal\/wp-json\/wp\/v2\/posts\/25718","targetHints":{"allow":["GET"]}}],"collection":[{"href":"https:\/\/www.elamazonico.com\/portal\/wp-json\/wp\/v2\/posts"}],"about":[{"href":"https:\/\/www.elamazonico.com\/portal\/wp-json\/wp\/v2\/types\/post"}],"author":[{"embeddable":true,"href":"https:\/\/www.elamazonico.com\/portal\/wp-json\/wp\/v2\/users\/1"}],"replies":[{"embeddable":true,"href":"https:\/\/www.elamazonico.com\/portal\/wp-json\/wp\/v2\/comments?post=25718"}],"version-history":[{"count":1,"href":"https:\/\/www.elamazonico.com\/portal\/wp-json\/wp\/v2\/posts\/25718\/revisions"}],"predecessor-version":[{"id":25720,"href":"https:\/\/www.elamazonico.com\/portal\/wp-json\/wp\/v2\/posts\/25718\/revisions\/25720"}],"wp:featuredmedia":[{"embeddable":true,"href":"https:\/\/www.elamazonico.com\/portal\/wp-json\/wp\/v2\/media\/25719"}],"wp:attachment":[{"href":"https:\/\/www.elamazonico.com\/portal\/wp-json\/wp\/v2\/media?parent=25718"}],"wp:term":[{"taxonomy":"category","embeddable":true,"href":"https:\/\/www.elamazonico.com\/portal\/wp-json\/wp\/v2\/categories?post=25718"},{"taxonomy":"post_tag","embeddable":true,"href":"https:\/\/www.elamazonico.com\/portal\/wp-json\/wp\/v2\/tags?post=25718"}],"curies":[{"name":"wp","href":"https:\/\/api.w.org\/{rel}","templated":true}]}}