{"id":25712,"date":"2025-08-19T14:57:14","date_gmt":"2025-08-19T19:57:14","guid":{"rendered":"https:\/\/www.elamazonico.com\/portal\/?p=25712"},"modified":"2025-08-19T14:57:14","modified_gmt":"2025-08-19T19:57:14","slug":"artista-zamorano-jefferson-arrobo-participara-en-exposicion-internacional-en-dubai","status":"publish","type":"post","link":"https:\/\/www.elamazonico.com\/portal\/artista-zamorano-jefferson-arrobo-participara-en-exposicion-internacional-en-dubai\/","title":{"rendered":"Artista zamorano Jefferson Arrobo participar\u00e1 en exposici\u00f3n internacional en Dub\u00e1i"},"content":{"rendered":"<p data-start=\"289\" data-end=\"662\">El arte y la cultura de Zamora Chinchipe trascienden fronteras. El reconocido artista pl\u00e1stico <strong data-start=\"384\" data-end=\"404\">Jefferson Arrobo<\/strong>, oriundo de la provincia amaz\u00f3nica del Ecuador, ha sido seleccionado tras un riguroso proceso para participar en una destacada exhibici\u00f3n internacional en la galer\u00eda de arte ubicada en el <strong data-start=\"593\" data-end=\"659\">Barrio Hist\u00f3rico de Al Fahidi en Dub\u00e1i, Emiratos \u00c1rabes Unidos<\/strong>.<\/p>\n<p data-start=\"664\" data-end=\"1042\">La invitaci\u00f3n fue emitida oficialmente por <strong data-start=\"707\" data-end=\"777\">Ana Liz Cordero Loyola, Directora Art\u00edstica de Chake Art Community<\/strong>, quien expres\u00f3 su satisfacci\u00f3n por contar con la participaci\u00f3n del artista zamorano en este importante espacio cultural. La muestra se realizar\u00e1 en el mes de diciembre de 2025 y constituir\u00e1 un escenario de proyecci\u00f3n mundial para las artes visuales ecuatorianas.<\/p>\n<h3 data-start=\"1044\" data-end=\"1068\">La obra presentada<\/h3>\n<p data-start=\"1069\" data-end=\"1432\">Jefferson Arrobo llevar\u00e1 a Dub\u00e1i su proyecto pict\u00f3rico titulado <strong data-start=\"1133\" data-end=\"1158\">\u201cEl Origen del Cacao\u201d<\/strong>, una propuesta que rescata los saberes ancestrales y la riqueza cultural de nuestra tierra. Se trata de una creaci\u00f3n en la que el artista ha trabajado durante m\u00e1s de un a\u00f1o, consolidando un proceso de investigaci\u00f3n, gesti\u00f3n y producci\u00f3n art\u00edstica con enfoque identitario.<\/p>\n<p data-start=\"1461\" data-end=\"1503\">Al recibir la noticia, Arrobo manifest\u00f3:<\/p>\n<blockquote data-start=\"1504\" data-end=\"1877\">\n<p data-start=\"1506\" data-end=\"1877\"><em data-start=\"1506\" data-end=\"1875\">\u201cCon gran felicidad he recibido esta oportunidad de llevar mi arte a Dub\u00e1i. \u2018El Origen del Cacao\u2019 es una obra que simboliza la memoria y la identidad de nuestros pueblos. No viajo solo, sino acompa\u00f1ado de un elenco de artistas de Zamora Chinchipe, entre pl\u00e1sticos, m\u00fasicos y danzantes, quienes mostrar\u00e1n el talento de nuestra provincia en un escenario internacional\u201d.<\/em><\/p>\n<\/blockquote>\n<h3 data-start=\"1879\" data-end=\"1904\">Delegaci\u00f3n cultural<\/h3>\n<p data-start=\"1905\" data-end=\"2215\">En los pr\u00f3ximos d\u00edas se dar\u00e1 a conocer la lista oficial de los artistas que integrar\u00e1n la delegaci\u00f3n zamorana que viajar\u00e1 a los Emiratos \u00c1rabes Unidos. Este grupo multidisciplinario representar\u00e1 al Ecuador con expresiones pl\u00e1sticas, musicales y danc\u00edsticas, fortaleciendo el intercambio cultural y art\u00edstico. Por ello, se hace un llamado a la ciudadan\u00eda, instituciones y gestores culturales a brindar su respaldo para que esta representaci\u00f3n se concrete con \u00e9xito, llevando el nombre de <strong data-start=\"2618\" data-end=\"2652\">Zamora Chinchipe y del Ecuador<\/strong> al mundo.<\/p>\n","protected":false},"excerpt":{"rendered":"<p>El arte y la cultura de Zamora Chinchipe trascienden fronteras. El reconocido artista pl\u00e1stico Jefferson Arrobo, oriundo de la provincia amaz\u00f3nica del Ecuador, ha sido seleccionado tras un riguroso proceso para participar en una destacada exhibici\u00f3n internacional en la galer\u00eda de arte ubicada en el Barrio Hist\u00f3rico de Al Fahidi en Dub\u00e1i, Emiratos \u00c1rabes Unidos. La invitaci\u00f3n fue emitida oficialmente por Ana Liz Cordero Loyola, Directora Art\u00edstica de Chake Art Community, quien expres\u00f3 su satisfacci\u00f3n por contar con la participaci\u00f3n del artista zamorano en este importante espacio cultural. La muestra se realizar\u00e1 en el mes de diciembre de 2025 y constituir\u00e1 un escenario de proyecci\u00f3n mundial para las artes visuales ecuatorianas. La obra presentada Jefferson Arrobo llevar\u00e1 a Dub\u00e1i su proyecto pict\u00f3rico titulado \u201cEl Origen del Cacao\u201d, una propuesta que rescata los saberes ancestrales y la riqueza cultural de nuestra tierra. Se trata de una creaci\u00f3n en la que el artista ha trabajado durante m\u00e1s de un a\u00f1o, consolidando un proceso de investigaci\u00f3n, gesti\u00f3n y producci\u00f3n art\u00edstica con enfoque identitario. Al recibir la noticia, Arrobo manifest\u00f3: \u201cCon gran felicidad he recibido esta oportunidad de llevar mi arte a Dub\u00e1i. \u2018El Origen del Cacao\u2019 es una obra que simboliza la memoria y la identidad de nuestros pueblos. No viajo solo, sino acompa\u00f1ado de un elenco de artistas de Zamora Chinchipe, entre pl\u00e1sticos, m\u00fasicos y danzantes, quienes mostrar\u00e1n el talento de nuestra provincia en un escenario internacional\u201d. Delegaci\u00f3n cultural En los pr\u00f3ximos d\u00edas se dar\u00e1 a conocer la lista oficial de los artistas que integrar\u00e1n la delegaci\u00f3n zamorana que viajar\u00e1 a los Emiratos \u00c1rabes Unidos. Este grupo multidisciplinario representar\u00e1 al Ecuador con expresiones pl\u00e1sticas, musicales y danc\u00edsticas, fortaleciendo el intercambio cultural y art\u00edstico. Por ello, se hace un llamado a la ciudadan\u00eda, instituciones y gestores culturales a brindar su respaldo para que esta representaci\u00f3n se concrete con \u00e9xito, llevando el nombre de Zamora Chinchipe y del Ecuador al mundo.<\/p>\n","protected":false},"author":1,"featured_media":25713,"comment_status":"closed","ping_status":"closed","sticky":false,"template":"","format":"standard","meta":{"footnotes":""},"categories":[243],"tags":[],"class_list":["post-25712","post","type-post","status-publish","format-standard","has-post-thumbnail","hentry","category-noticias-zamora"],"_links":{"self":[{"href":"https:\/\/www.elamazonico.com\/portal\/wp-json\/wp\/v2\/posts\/25712","targetHints":{"allow":["GET"]}}],"collection":[{"href":"https:\/\/www.elamazonico.com\/portal\/wp-json\/wp\/v2\/posts"}],"about":[{"href":"https:\/\/www.elamazonico.com\/portal\/wp-json\/wp\/v2\/types\/post"}],"author":[{"embeddable":true,"href":"https:\/\/www.elamazonico.com\/portal\/wp-json\/wp\/v2\/users\/1"}],"replies":[{"embeddable":true,"href":"https:\/\/www.elamazonico.com\/portal\/wp-json\/wp\/v2\/comments?post=25712"}],"version-history":[{"count":1,"href":"https:\/\/www.elamazonico.com\/portal\/wp-json\/wp\/v2\/posts\/25712\/revisions"}],"predecessor-version":[{"id":25714,"href":"https:\/\/www.elamazonico.com\/portal\/wp-json\/wp\/v2\/posts\/25712\/revisions\/25714"}],"wp:featuredmedia":[{"embeddable":true,"href":"https:\/\/www.elamazonico.com\/portal\/wp-json\/wp\/v2\/media\/25713"}],"wp:attachment":[{"href":"https:\/\/www.elamazonico.com\/portal\/wp-json\/wp\/v2\/media?parent=25712"}],"wp:term":[{"taxonomy":"category","embeddable":true,"href":"https:\/\/www.elamazonico.com\/portal\/wp-json\/wp\/v2\/categories?post=25712"},{"taxonomy":"post_tag","embeddable":true,"href":"https:\/\/www.elamazonico.com\/portal\/wp-json\/wp\/v2\/tags?post=25712"}],"curies":[{"name":"wp","href":"https:\/\/api.w.org\/{rel}","templated":true}]}}