{"id":25709,"date":"2025-08-20T04:05:25","date_gmt":"2025-08-20T09:05:25","guid":{"rendered":"https:\/\/www.elamazonico.com\/portal\/?p=25709"},"modified":"2025-08-19T14:47:14","modified_gmt":"2025-08-19T19:47:14","slug":"camara-de-mineria-defiende-legitimidad-de-la-asamblea-provincial-en-panguintza","status":"publish","type":"post","link":"https:\/\/www.elamazonico.com\/portal\/camara-de-mineria-defiende-legitimidad-de-la-asamblea-provincial-en-panguintza\/","title":{"rendered":"C\u00e1mara de Miner\u00eda defiende legitimidad de la Asamblea Provincial en Panguintza"},"content":{"rendered":"<p>El presidente de la C\u00e1mara de Miner\u00eda de Zamora Chinchipe, Paul Pineda, respondi\u00f3 a las declaraciones emitidas por la gobernadora Ivonne Margaret Panchi, respecto a la reciente Asamblea Provincial realizada en la parroquia Panguintza, cant\u00f3n Centinela del C\u00f3ndor.<\/p>\n<p>Pineda enfatiz\u00f3 que la convocatoria a la asamblea fue abierta y p\u00fablica, dirigida a autoridades locales, alcaldes, dirigentes sociales y ciudadan\u00eda en general, con el prop\u00f3sito de recoger las principales necesidades de la provincia en \u00e1mbitos como salud, vialidad, educaci\u00f3n y atenci\u00f3n a las afectaciones del invierno.<\/p>\n<p>El dirigente minero cuestion\u00f3 la posici\u00f3n de la gobernadora, quien argument\u00f3 que la invitaci\u00f3n le fue entregada con poca anticipaci\u00f3n. Al respecto, Pineda aclar\u00f3 que la convocatoria se difundi\u00f3 con quince d\u00edas de anticipaci\u00f3n y que los anuncios fueron p\u00fablicos, lo que a su criterio evidencia una falta de voluntad pol\u00edtica de parte de las autoridades provinciales para escuchar directamente a la poblaci\u00f3n.<\/p>\n<p>Asimismo, record\u00f3 que la asamblea inicialmente estaba prevista en el coliseo de Zumbi, pero que por disposici\u00f3n de \u00faltima hora se suspendi\u00f3 ese espacio. Finalmente, gracias a la colaboraci\u00f3n del Seguro Campesino y de colectivos ciudadanos de Zumbi, el encuentro se llev\u00f3 a cabo en la parroquia Panguintza.<\/p>\n<p>Pineda tambi\u00e9n se\u00f1al\u00f3 que, en lugar de atender la convocatoria, se intent\u00f3 deslegitimar la asamblea, calific\u00e1ndola de pol\u00edtica o sectorial. Sin embargo, recalc\u00f3 que el evento cont\u00f3 con una amplia participaci\u00f3n ciudadana y que se desarroll\u00f3 con el objetivo de construir propuestas para el bienestar de la provincia.<\/p>\n<p>En relaci\u00f3n con las resoluciones adoptadas en la asamblea, el presidente de la C\u00e1mara cuestion\u00f3 que estas a\u00fan no hayan sido trasladadas al Ejecutivo, permaneciendo en manos de la Gobernaci\u00f3n. \u201cSi las resoluciones siguen retenidas en la provincia, se refleja una falta de compromiso real con Zamora Chinchipe y con la soluci\u00f3n de sus problemas\u201d, manifest\u00f3.<\/p>\n<p>Finalmente, Pineda hizo un llamado a las autoridades para que act\u00faen con mayor responsabilidad y eficiencia en la gesti\u00f3n p\u00fablica, priorizando el desarrollo de la provincia y el cumplimiento de las demandas ciudadanas expresadas en espacios leg\u00edtimos de participaci\u00f3n como la Asamblea Provincial.<\/p>\n","protected":false},"excerpt":{"rendered":"<p>El presidente de la C\u00e1mara de Miner\u00eda de Zamora Chinchipe, Paul Pineda, respondi\u00f3 a las declaraciones emitidas por la gobernadora Ivonne Margaret Panchi, respecto a la reciente Asamblea Provincial realizada en la parroquia Panguintza, cant\u00f3n Centinela del C\u00f3ndor. Pineda enfatiz\u00f3 que la convocatoria a la asamblea fue abierta y p\u00fablica, dirigida a autoridades locales, alcaldes, dirigentes sociales y ciudadan\u00eda en general, con el prop\u00f3sito de recoger las principales necesidades de la provincia en \u00e1mbitos como salud, vialidad, educaci\u00f3n y atenci\u00f3n a las afectaciones del invierno. El dirigente minero cuestion\u00f3 la posici\u00f3n de la gobernadora, quien argument\u00f3 que la invitaci\u00f3n le fue entregada con poca anticipaci\u00f3n. Al respecto, Pineda aclar\u00f3 que la convocatoria se difundi\u00f3 con quince d\u00edas de anticipaci\u00f3n y que los anuncios fueron p\u00fablicos, lo que a su criterio evidencia una falta de voluntad pol\u00edtica de parte de las autoridades provinciales para escuchar directamente a la poblaci\u00f3n. Asimismo, record\u00f3 que la asamblea inicialmente estaba prevista en el coliseo de Zumbi, pero que por disposici\u00f3n de \u00faltima hora se suspendi\u00f3 ese espacio. Finalmente, gracias a la colaboraci\u00f3n del Seguro Campesino y de colectivos ciudadanos de Zumbi, el encuentro se llev\u00f3 a cabo en la parroquia Panguintza. Pineda tambi\u00e9n se\u00f1al\u00f3 que, en lugar de atender la convocatoria, se intent\u00f3 deslegitimar la asamblea, calific\u00e1ndola de pol\u00edtica o sectorial. Sin embargo, recalc\u00f3 que el evento cont\u00f3 con una amplia participaci\u00f3n ciudadana y que se desarroll\u00f3 con el objetivo de construir propuestas para el bienestar de la provincia. En relaci\u00f3n con las resoluciones adoptadas en la asamblea, el presidente de la C\u00e1mara cuestion\u00f3 que estas a\u00fan no hayan sido trasladadas al Ejecutivo, permaneciendo en manos de la Gobernaci\u00f3n. \u201cSi las resoluciones siguen retenidas en la provincia, se refleja una falta de compromiso real con Zamora Chinchipe y con la soluci\u00f3n de sus problemas\u201d, manifest\u00f3. Finalmente, Pineda hizo un llamado a las autoridades para que act\u00faen con mayor responsabilidad y eficiencia en la gesti\u00f3n p\u00fablica, priorizando el desarrollo de la provincia y el cumplimiento de las demandas ciudadanas expresadas en espacios leg\u00edtimos de participaci\u00f3n como la Asamblea Provincial.<\/p>\n","protected":false},"author":1,"featured_media":25710,"comment_status":"closed","ping_status":"closed","sticky":false,"template":"","format":"standard","meta":{"footnotes":""},"categories":[243],"tags":[],"class_list":["post-25709","post","type-post","status-publish","format-standard","has-post-thumbnail","hentry","category-noticias-zamora"],"_links":{"self":[{"href":"https:\/\/www.elamazonico.com\/portal\/wp-json\/wp\/v2\/posts\/25709","targetHints":{"allow":["GET"]}}],"collection":[{"href":"https:\/\/www.elamazonico.com\/portal\/wp-json\/wp\/v2\/posts"}],"about":[{"href":"https:\/\/www.elamazonico.com\/portal\/wp-json\/wp\/v2\/types\/post"}],"author":[{"embeddable":true,"href":"https:\/\/www.elamazonico.com\/portal\/wp-json\/wp\/v2\/users\/1"}],"replies":[{"embeddable":true,"href":"https:\/\/www.elamazonico.com\/portal\/wp-json\/wp\/v2\/comments?post=25709"}],"version-history":[{"count":1,"href":"https:\/\/www.elamazonico.com\/portal\/wp-json\/wp\/v2\/posts\/25709\/revisions"}],"predecessor-version":[{"id":25711,"href":"https:\/\/www.elamazonico.com\/portal\/wp-json\/wp\/v2\/posts\/25709\/revisions\/25711"}],"wp:featuredmedia":[{"embeddable":true,"href":"https:\/\/www.elamazonico.com\/portal\/wp-json\/wp\/v2\/media\/25710"}],"wp:attachment":[{"href":"https:\/\/www.elamazonico.com\/portal\/wp-json\/wp\/v2\/media?parent=25709"}],"wp:term":[{"taxonomy":"category","embeddable":true,"href":"https:\/\/www.elamazonico.com\/portal\/wp-json\/wp\/v2\/categories?post=25709"},{"taxonomy":"post_tag","embeddable":true,"href":"https:\/\/www.elamazonico.com\/portal\/wp-json\/wp\/v2\/tags?post=25709"}],"curies":[{"name":"wp","href":"https:\/\/api.w.org\/{rel}","templated":true}]}}