{"id":25706,"date":"2025-08-19T12:37:02","date_gmt":"2025-08-19T17:37:02","guid":{"rendered":"https:\/\/www.elamazonico.com\/portal\/?p=25706"},"modified":"2025-08-19T12:37:02","modified_gmt":"2025-08-19T17:37:02","slug":"la-era-de-las-ideologias-creo-ya-paso-dice-noboa-tras-firmar-dos-acuerdos-con-orsi-en-uruguay","status":"publish","type":"post","link":"https:\/\/www.elamazonico.com\/portal\/la-era-de-las-ideologias-creo-ya-paso-dice-noboa-tras-firmar-dos-acuerdos-con-orsi-en-uruguay\/","title":{"rendered":"\u00abLa era de las ideolog\u00edas creo ya pas\u00f3\u00bb, dice Noboa tras firmar dos acuerdos con Orsi en Uruguay"},"content":{"rendered":"<p>El presidente de Ecuador, Daniel Noboa, se reuni\u00f3 con el presidente de Uruguay, Yamand\u00fa Orsi,\u00a0este martes 19 de agosto de 2025, como parte de la gira que realiza por varios pa\u00edses de Sudam\u00e9rica y que inici\u00f3 en Brasil.<\/p>\n<p>Al igual que con Lula en Brasil, Noboa firm\u00f3 acuerdos con su h\u00f3mogo de Uruguay y luego ambos dieron una declaraci\u00f3n a los medios de comunicaci\u00f3n.<\/p>\n<p>Orsi agradeci\u00f3 la visita de Noboa y record\u00f3 que se conocieron en Sevilla, Espa\u00f1a.<\/p>\n<p>\u00abGracias Daniel por acercarte al Uruguay\u00bb, expres\u00f3 Orsi en una breve conferencia de prensa. \u00abPudimos intercambiar opiniones y visiones sobre nuestras econom\u00edas y la geopol\u00edtica\u00bb, a\u00f1adi\u00f3 el mandatario.<\/p>\n<p>Por su parte, el presidente Daniel Noboa agradeci\u00f3 la \u00abcalidez y apertura\u00bb del presidente uruguayo. Dijo que es importante conversar sobre las necesidades de los pa\u00edses de la regi\u00f3n. \u00abLa era de ideolog\u00edas creo que ya pas\u00f3 y debemos atender los problemas urgentes de nuestros ciudadanos\u00bb.<\/p>\n<p>\u00abLa era de ideolog\u00edas creo que ya pas\u00f3 y debemos atender los problemas urgentes de nuestros ciudadanos\u00bb.<\/p>\n<p>Daniel Noboa, presidente de Ecuador<br \/>\nEcuador y Uruguay firmaron dos acuerdos en temas de seguridad, uno con el Ministerio del Interior y otro con el Ministerio de Defensa, inform\u00f3 Noboa.<\/p>\n<p>\u00abNosotros estamos peleando una guerra en este momento, un conflicto interno con grupos narcoterroristas\u00bb, record\u00f3 el mandatario ecuatoriano.<\/p>\n<p>Un d\u00eda antes, en Brasil, Noboa se reuni\u00f3 con\u00a0su hom\u00f3logo Luiz In\u00e1cio Lula da Silva, en el Palacio de Planalto, sede del poder ejecutivo de ese pa\u00eds.<\/p>\n<p><iframe title=\"Declaraci\u00f3n de prensa\" width=\"740\" height=\"416\" src=\"https:\/\/www.youtube.com\/embed\/yXLIMWVpaMw?feature=oembed\" frameborder=\"0\" allow=\"accelerometer; autoplay; clipboard-write; encrypted-media; gyroscope; picture-in-picture; web-share\" referrerpolicy=\"strict-origin-when-cross-origin\" allowfullscreen><\/iframe><\/p>\n<p>Daniel Noboa viaja acompa\u00f1ado de seis ministros y secretarios a Brasil, Uruguay y Argentina<br \/>\nSeg\u00fan ha informado el Gobierno, la visita a Uruguay ten\u00eda como objetivo diversificar y ampliar el intercambio comercial.<\/p>\n<p>En este viaje presidencial, Noboa est\u00e1 acompa\u00f1ado de la canciller Gabriela Sommerfeld. El 20 de agosto continuar\u00e1 su periplo por Argentina, en donde tendr\u00e1 un encuentro con Javier Milei.<\/p>\n<p>Pocos d\u00edas despu\u00e9s, del 24 al 30 de julio, el mandatario ecuatoriano viajar\u00e1 a Jap\u00f3n, en donde se tratar\u00e1 temas comerciales. <strong>Fuente: Primicias<\/strong><\/p>\n","protected":false},"excerpt":{"rendered":"<p>El presidente de Ecuador, Daniel Noboa, se reuni\u00f3 con el presidente de Uruguay, Yamand\u00fa Orsi,\u00a0este martes 19 de agosto de 2025, como parte de la gira que realiza por varios pa\u00edses de Sudam\u00e9rica y que inici\u00f3 en Brasil. Al igual que con Lula en Brasil, Noboa firm\u00f3 acuerdos con su h\u00f3mogo de Uruguay y luego ambos dieron una declaraci\u00f3n a los medios de comunicaci\u00f3n. Orsi agradeci\u00f3 la visita de Noboa y record\u00f3 que se conocieron en Sevilla, Espa\u00f1a. \u00abGracias Daniel por acercarte al Uruguay\u00bb, expres\u00f3 Orsi en una breve conferencia de prensa. \u00abPudimos intercambiar opiniones y visiones sobre nuestras econom\u00edas y la geopol\u00edtica\u00bb, a\u00f1adi\u00f3 el mandatario. Por su parte, el presidente Daniel Noboa agradeci\u00f3 la \u00abcalidez y apertura\u00bb del presidente uruguayo. Dijo que es importante conversar sobre las necesidades de los pa\u00edses de la regi\u00f3n. \u00abLa era de ideolog\u00edas creo que ya pas\u00f3 y debemos atender los problemas urgentes de nuestros ciudadanos\u00bb. \u00abLa era de ideolog\u00edas creo que ya pas\u00f3 y debemos atender los problemas urgentes de nuestros ciudadanos\u00bb. Daniel Noboa, presidente de Ecuador Ecuador y Uruguay firmaron dos acuerdos en temas de seguridad, uno con el Ministerio del Interior y otro con el Ministerio de Defensa, inform\u00f3 Noboa. \u00abNosotros estamos peleando una guerra en este momento, un conflicto interno con grupos narcoterroristas\u00bb, record\u00f3 el mandatario ecuatoriano. Un d\u00eda antes, en Brasil, Noboa se reuni\u00f3 con\u00a0su hom\u00f3logo Luiz In\u00e1cio Lula da Silva, en el Palacio de Planalto, sede del poder ejecutivo de ese pa\u00eds. Daniel Noboa viaja acompa\u00f1ado de seis ministros y secretarios a Brasil, Uruguay y Argentina Seg\u00fan ha informado el Gobierno, la visita a Uruguay ten\u00eda como objetivo diversificar y ampliar el intercambio comercial. En este viaje presidencial, Noboa est\u00e1 acompa\u00f1ado de la canciller Gabriela Sommerfeld. El 20 de agosto continuar\u00e1 su periplo por Argentina, en donde tendr\u00e1 un encuentro con Javier Milei. Pocos d\u00edas despu\u00e9s, del 24 al 30 de julio, el mandatario ecuatoriano viajar\u00e1 a Jap\u00f3n, en donde se tratar\u00e1 temas comerciales. Fuente: Primicias<\/p>\n","protected":false},"author":1,"featured_media":25707,"comment_status":"closed","ping_status":"closed","sticky":false,"template":"","format":"standard","meta":{"footnotes":""},"categories":[268],"tags":[],"class_list":["post-25706","post","type-post","status-publish","format-standard","has-post-thumbnail","hentry","category-nacionales"],"_links":{"self":[{"href":"https:\/\/www.elamazonico.com\/portal\/wp-json\/wp\/v2\/posts\/25706","targetHints":{"allow":["GET"]}}],"collection":[{"href":"https:\/\/www.elamazonico.com\/portal\/wp-json\/wp\/v2\/posts"}],"about":[{"href":"https:\/\/www.elamazonico.com\/portal\/wp-json\/wp\/v2\/types\/post"}],"author":[{"embeddable":true,"href":"https:\/\/www.elamazonico.com\/portal\/wp-json\/wp\/v2\/users\/1"}],"replies":[{"embeddable":true,"href":"https:\/\/www.elamazonico.com\/portal\/wp-json\/wp\/v2\/comments?post=25706"}],"version-history":[{"count":1,"href":"https:\/\/www.elamazonico.com\/portal\/wp-json\/wp\/v2\/posts\/25706\/revisions"}],"predecessor-version":[{"id":25708,"href":"https:\/\/www.elamazonico.com\/portal\/wp-json\/wp\/v2\/posts\/25706\/revisions\/25708"}],"wp:featuredmedia":[{"embeddable":true,"href":"https:\/\/www.elamazonico.com\/portal\/wp-json\/wp\/v2\/media\/25707"}],"wp:attachment":[{"href":"https:\/\/www.elamazonico.com\/portal\/wp-json\/wp\/v2\/media?parent=25706"}],"wp:term":[{"taxonomy":"category","embeddable":true,"href":"https:\/\/www.elamazonico.com\/portal\/wp-json\/wp\/v2\/categories?post=25706"},{"taxonomy":"post_tag","embeddable":true,"href":"https:\/\/www.elamazonico.com\/portal\/wp-json\/wp\/v2\/tags?post=25706"}],"curies":[{"name":"wp","href":"https:\/\/api.w.org\/{rel}","templated":true}]}}