{"id":25703,"date":"2025-08-19T12:32:32","date_gmt":"2025-08-19T17:32:32","guid":{"rendered":"https:\/\/www.elamazonico.com\/portal\/?p=25703"},"modified":"2025-08-19T12:32:32","modified_gmt":"2025-08-19T17:32:32","slug":"jose-serrano-asigna-su-defensa-a-tres-abogados-en-investigacion-por-asesinato-de-fernando-villavicencio","status":"publish","type":"post","link":"https:\/\/www.elamazonico.com\/portal\/jose-serrano-asigna-su-defensa-a-tres-abogados-en-investigacion-por-asesinato-de-fernando-villavicencio\/","title":{"rendered":"Jos\u00e9 Serrano asigna su defensa a tres abogados en investigaci\u00f3n por asesinato de Fernando Villavicencio"},"content":{"rendered":"<p>Los cuatro investigados como autores intelectuales del asesinato del excandidato presidencial, Fernando Villavicencio, empezaron a definir qui\u00e9n les defender\u00e1 en la audiencia de formulaci\u00f3n de cargos, solicitada por Fiscal\u00eda.<\/p>\n<p>El primero en hacerlo oficial, fue el exministro del Interior y expresidente de la Asamblea, Jos\u00e9 Serrano Salgado, que ingres\u00f3 a las 08:31 minutos del 19 de agosto, un escrito dirigido a la Unidad Judicial Penal de I\u00f1aquito, en el norte de Quito.<\/p>\n<p>En el documento, el exministro del corre\u00edsmo explica que es mayor de edad, da a conocer su n\u00famero de cedula y el n\u00famero de la causa penal en la que eventualmente ser\u00e1 vinculado en los siguientes d\u00edas.<\/p>\n<p>\u00bfQui\u00e9n es Jos\u00e9 Serrano, que pas\u00f3 de ministro estrella del corre\u00edsmo a migrante detenido en Estados Unidos?<br \/>\nAdem\u00e1s, explica que son tres personas las que ejercer\u00e1n su defensa. Los abogados Carlos Manosalvas; Mateo Villacr\u00e9s; y Gabriela Gal\u00e1rraga.<\/p>\n<p>Los tres juristas, en conjunto o por separado, tienen la potestad de presentar los documentos necesarios para su defensa. As\u00ed como acudir en su representaci\u00f3n a todas las diligencias dispuestas por la justicia.<\/p>\n<p>Situaci\u00f3n del exministro<br \/>\nEl exministro Serrano permanece bajo custodia del\u00a0Sistema de Localizaci\u00f3n de Detenidos del\u00a0Servicio de Control de Inmigraci\u00f3n y Aduanas (ICE, por sus siglas en ingl\u00e9s), de Estados Unidos, desde el 7 de agosto de 2025.<\/p>\n<p>Desde el caso Villavicencio hasta el secuestro Balda: las investigaciones que involucran a Jos\u00e9 Serrano en Ecuador<br \/>\nEl pasado 18 de agosto estaba prevista la audiencia contra Serrano en Estados Unidos, pero la Fiscal\u00eda de ese pa\u00eds decidi\u00f3 suspenderla a la espera de informaci\u00f3n desde Ecuador. Fuente: Primicias<\/p>\n","protected":false},"excerpt":{"rendered":"<p>Los cuatro investigados como autores intelectuales del asesinato del excandidato presidencial, Fernando Villavicencio, empezaron a definir qui\u00e9n les defender\u00e1 en la audiencia de formulaci\u00f3n de cargos, solicitada por Fiscal\u00eda. El primero en hacerlo oficial, fue el exministro del Interior y expresidente de la Asamblea, Jos\u00e9 Serrano Salgado, que ingres\u00f3 a las 08:31 minutos del 19 de agosto, un escrito dirigido a la Unidad Judicial Penal de I\u00f1aquito, en el norte de Quito. En el documento, el exministro del corre\u00edsmo explica que es mayor de edad, da a conocer su n\u00famero de cedula y el n\u00famero de la causa penal en la que eventualmente ser\u00e1 vinculado en los siguientes d\u00edas. \u00bfQui\u00e9n es Jos\u00e9 Serrano, que pas\u00f3 de ministro estrella del corre\u00edsmo a migrante detenido en Estados Unidos? Adem\u00e1s, explica que son tres personas las que ejercer\u00e1n su defensa. Los abogados Carlos Manosalvas; Mateo Villacr\u00e9s; y Gabriela Gal\u00e1rraga. Los tres juristas, en conjunto o por separado, tienen la potestad de presentar los documentos necesarios para su defensa. As\u00ed como acudir en su representaci\u00f3n a todas las diligencias dispuestas por la justicia. Situaci\u00f3n del exministro El exministro Serrano permanece bajo custodia del\u00a0Sistema de Localizaci\u00f3n de Detenidos del\u00a0Servicio de Control de Inmigraci\u00f3n y Aduanas (ICE, por sus siglas en ingl\u00e9s), de Estados Unidos, desde el 7 de agosto de 2025. Desde el caso Villavicencio hasta el secuestro Balda: las investigaciones que involucran a Jos\u00e9 Serrano en Ecuador El pasado 18 de agosto estaba prevista la audiencia contra Serrano en Estados Unidos, pero la Fiscal\u00eda de ese pa\u00eds decidi\u00f3 suspenderla a la espera de informaci\u00f3n desde Ecuador. Fuente: Primicias<\/p>\n","protected":false},"author":1,"featured_media":25704,"comment_status":"closed","ping_status":"closed","sticky":false,"template":"","format":"standard","meta":{"footnotes":""},"categories":[268],"tags":[],"class_list":["post-25703","post","type-post","status-publish","format-standard","has-post-thumbnail","hentry","category-nacionales"],"_links":{"self":[{"href":"https:\/\/www.elamazonico.com\/portal\/wp-json\/wp\/v2\/posts\/25703","targetHints":{"allow":["GET"]}}],"collection":[{"href":"https:\/\/www.elamazonico.com\/portal\/wp-json\/wp\/v2\/posts"}],"about":[{"href":"https:\/\/www.elamazonico.com\/portal\/wp-json\/wp\/v2\/types\/post"}],"author":[{"embeddable":true,"href":"https:\/\/www.elamazonico.com\/portal\/wp-json\/wp\/v2\/users\/1"}],"replies":[{"embeddable":true,"href":"https:\/\/www.elamazonico.com\/portal\/wp-json\/wp\/v2\/comments?post=25703"}],"version-history":[{"count":1,"href":"https:\/\/www.elamazonico.com\/portal\/wp-json\/wp\/v2\/posts\/25703\/revisions"}],"predecessor-version":[{"id":25705,"href":"https:\/\/www.elamazonico.com\/portal\/wp-json\/wp\/v2\/posts\/25703\/revisions\/25705"}],"wp:featuredmedia":[{"embeddable":true,"href":"https:\/\/www.elamazonico.com\/portal\/wp-json\/wp\/v2\/media\/25704"}],"wp:attachment":[{"href":"https:\/\/www.elamazonico.com\/portal\/wp-json\/wp\/v2\/media?parent=25703"}],"wp:term":[{"taxonomy":"category","embeddable":true,"href":"https:\/\/www.elamazonico.com\/portal\/wp-json\/wp\/v2\/categories?post=25703"},{"taxonomy":"post_tag","embeddable":true,"href":"https:\/\/www.elamazonico.com\/portal\/wp-json\/wp\/v2\/tags?post=25703"}],"curies":[{"name":"wp","href":"https:\/\/api.w.org\/{rel}","templated":true}]}}