{"id":25689,"date":"2025-08-19T09:30:56","date_gmt":"2025-08-19T14:30:56","guid":{"rendered":"https:\/\/www.elamazonico.com\/portal\/?p=25689"},"modified":"2025-08-19T09:32:46","modified_gmt":"2025-08-19T14:32:46","slug":"movimiento-indigena-denuncia-presunto-intento-de-asesinato-contra-leonidas-iza-y-responsabiliza-a-daniel-noboa","status":"publish","type":"post","link":"https:\/\/www.elamazonico.com\/portal\/movimiento-indigena-denuncia-presunto-intento-de-asesinato-contra-leonidas-iza-y-responsabiliza-a-daniel-noboa\/","title":{"rendered":"Movimiento ind\u00edgena denuncia presunto intento de asesinato contra Leonidas Iza y responsabiliza a Daniel Noboa"},"content":{"rendered":"<p class=\"p_0\">El\u00a0<b>Movimiento Ind\u00edgena y Campesino de Cotopaxi<\/b>\u00a0(MICC) denunci\u00f3 un presunto intento de asesinato contra\u00a0<b><a href=\"https:\/\/www.vistazo.com\/politica\/nacional\/2025-08-05-leonidas-iza-preguntas-consulta-popular-daniel-noboa-BX9891993\" target=\"_blank\" rel=\"noopener noreferrer\">Leonidas Iza<\/a><\/b>, expresidente de la Confederaci\u00f3n de Nacionalidades Ind\u00edgenas del Ecuador (<b>CONAIE<\/b>) y excandidato presidencial, que habr\u00eda sido perpetrado por \u201c<u>agentes de la Direcci\u00f3n General de Inteligencia<\/u>\u201d.<\/p>\n<p class=\"p_2\">A trav\u00e9s de un comunicado emitido la noche de este lunes 18 de agosto, el MICC, que agrupa a 33 organizaciones y 510 comunidades, responsabiliz\u00f3 al gobierno de\u00a0<b>Daniel Noboa<\/b>\u00a0de una supuesta \u201cpersecuci\u00f3n pol\u00edtica\u201d contra Iza.<\/p>\n<p class=\"p_3\">Seg\u00fan el documento, \u201c<u>agentes de la Direcci\u00f3n General de Inteligencia irrumpieron en la comunidad de San Ignacio, sembrando terror y atentando contra la vida de nuestro compa\u00f1ero Leonidas Iza<\/u>\u201d.<\/p>\n<div class=\"Center2Display\">\n<div id=\"Center2\"><\/div>\n<\/div>\n<p class=\"p_4\">El presidente del MICC,\u00a0<b>Rafael Negrete<\/b>, sostuvo que lo ocurrido \u201cno es un hecho aislado, sino la continuaci\u00f3n de una pol\u00edtica sistem\u00e1tica de persecuci\u00f3n, hostigamiento, amenazas de muerte y desprestigio contra nuestras estructuras organizativas y contra quienes levantamos la voz frente a un gobierno servil a las \u00e9lites econ\u00f3micas\u201d.<\/p>\n<p class=\"p_5\"><u>\u201cResponsabilizamos directamente a Daniel Noboa y a su Gobierno por cualquier atentado a la vida e integridad de Leonidas Iza y de nuestros dirigentes<\/u>. Lo que hoy vivimos no es democracia, es la dictadura de los ricos disfrazada, sostenida por la violencia estatal y el miedo\u201d, se\u00f1ala el texto.<\/p>\n<p class=\"p_6\">El MICC anunci\u00f3 que se declara en<b>\u00a0asamblea permanente<\/b>\u00a0<b>e indefinida<\/b>\u00a0hasta que se identifique a los responsables de la operaci\u00f3n, se sancione a los agentes de inteligencia involucrados y se detenga lo que consideran una maquinaria de persecuci\u00f3n pol\u00edtica contra los pueblos ind\u00edgenas y campesinos.<\/p>\n<p class=\"p_8\">Asimismo, hizo un llamado a su\u00a0<b>militancia<\/b>, a las estructuras provinciales, regionales y nacionales, as\u00ed como a la comunidad internacional, a \u201clevantar una\u00a0<b>alerta roja<\/b>\u00a0frente al autoritarismo y al terrorismo de Estado que se pretende instalar en el pa\u00eds\u201d.<\/p>\n<p class=\"p_9\">\u201cNi la persecuci\u00f3n ni la muerte detendr\u00e1n la lucha de los pueblos ind\u00edgenas y campesinos por la vida, la justicia y la dignidad en contra del capitalismo, el colonialismo y el patriarcado\u201d, enfatiza el comunicado.<\/p>\n<p class=\"p_10\">Hasta el momento, Leonidas Iza no se ha pronunciado p\u00fablicamente sobre lo ocurrido, ni tampoco la Conaie, que actualmente es presidida por Marlon Vargas. <strong>Fuente: Vistazo<\/strong><\/p>\n","protected":false},"excerpt":{"rendered":"<p>El\u00a0Movimiento Ind\u00edgena y Campesino de Cotopaxi\u00a0(MICC) denunci\u00f3 un presunto intento de asesinato contra\u00a0Leonidas Iza, expresidente de la Confederaci\u00f3n de Nacionalidades Ind\u00edgenas del Ecuador (CONAIE) y excandidato presidencial, que habr\u00eda sido perpetrado por \u201cagentes de la Direcci\u00f3n General de Inteligencia\u201d. A trav\u00e9s de un comunicado emitido la noche de este lunes 18 de agosto, el MICC, que agrupa a 33 organizaciones y 510 comunidades, responsabiliz\u00f3 al gobierno de\u00a0Daniel Noboa\u00a0de una supuesta \u201cpersecuci\u00f3n pol\u00edtica\u201d contra Iza. Seg\u00fan el documento, \u201cagentes de la Direcci\u00f3n General de Inteligencia irrumpieron en la comunidad de San Ignacio, sembrando terror y atentando contra la vida de nuestro compa\u00f1ero Leonidas Iza\u201d. El presidente del MICC,\u00a0Rafael Negrete, sostuvo que lo ocurrido \u201cno es un hecho aislado, sino la continuaci\u00f3n de una pol\u00edtica sistem\u00e1tica de persecuci\u00f3n, hostigamiento, amenazas de muerte y desprestigio contra nuestras estructuras organizativas y contra quienes levantamos la voz frente a un gobierno servil a las \u00e9lites econ\u00f3micas\u201d. \u201cResponsabilizamos directamente a Daniel Noboa y a su Gobierno por cualquier atentado a la vida e integridad de Leonidas Iza y de nuestros dirigentes. Lo que hoy vivimos no es democracia, es la dictadura de los ricos disfrazada, sostenida por la violencia estatal y el miedo\u201d, se\u00f1ala el texto. El MICC anunci\u00f3 que se declara en\u00a0asamblea permanente\u00a0e indefinida\u00a0hasta que se identifique a los responsables de la operaci\u00f3n, se sancione a los agentes de inteligencia involucrados y se detenga lo que consideran una maquinaria de persecuci\u00f3n pol\u00edtica contra los pueblos ind\u00edgenas y campesinos. Asimismo, hizo un llamado a su\u00a0militancia, a las estructuras provinciales, regionales y nacionales, as\u00ed como a la comunidad internacional, a \u201clevantar una\u00a0alerta roja\u00a0frente al autoritarismo y al terrorismo de Estado que se pretende instalar en el pa\u00eds\u201d. \u201cNi la persecuci\u00f3n ni la muerte detendr\u00e1n la lucha de los pueblos ind\u00edgenas y campesinos por la vida, la justicia y la dignidad en contra del capitalismo, el colonialismo y el patriarcado\u201d, enfatiza el comunicado. Hasta el momento, Leonidas Iza no se ha pronunciado p\u00fablicamente sobre lo ocurrido, ni tampoco la Conaie, que actualmente es presidida por Marlon Vargas. Fuente: Vistazo<\/p>\n","protected":false},"author":1,"featured_media":25690,"comment_status":"closed","ping_status":"closed","sticky":false,"template":"","format":"standard","meta":{"footnotes":""},"categories":[268],"tags":[],"class_list":["post-25689","post","type-post","status-publish","format-standard","has-post-thumbnail","hentry","category-nacionales"],"_links":{"self":[{"href":"https:\/\/www.elamazonico.com\/portal\/wp-json\/wp\/v2\/posts\/25689","targetHints":{"allow":["GET"]}}],"collection":[{"href":"https:\/\/www.elamazonico.com\/portal\/wp-json\/wp\/v2\/posts"}],"about":[{"href":"https:\/\/www.elamazonico.com\/portal\/wp-json\/wp\/v2\/types\/post"}],"author":[{"embeddable":true,"href":"https:\/\/www.elamazonico.com\/portal\/wp-json\/wp\/v2\/users\/1"}],"replies":[{"embeddable":true,"href":"https:\/\/www.elamazonico.com\/portal\/wp-json\/wp\/v2\/comments?post=25689"}],"version-history":[{"count":2,"href":"https:\/\/www.elamazonico.com\/portal\/wp-json\/wp\/v2\/posts\/25689\/revisions"}],"predecessor-version":[{"id":25692,"href":"https:\/\/www.elamazonico.com\/portal\/wp-json\/wp\/v2\/posts\/25689\/revisions\/25692"}],"wp:featuredmedia":[{"embeddable":true,"href":"https:\/\/www.elamazonico.com\/portal\/wp-json\/wp\/v2\/media\/25690"}],"wp:attachment":[{"href":"https:\/\/www.elamazonico.com\/portal\/wp-json\/wp\/v2\/media?parent=25689"}],"wp:term":[{"taxonomy":"category","embeddable":true,"href":"https:\/\/www.elamazonico.com\/portal\/wp-json\/wp\/v2\/categories?post=25689"},{"taxonomy":"post_tag","embeddable":true,"href":"https:\/\/www.elamazonico.com\/portal\/wp-json\/wp\/v2\/tags?post=25689"}],"curies":[{"name":"wp","href":"https:\/\/api.w.org\/{rel}","templated":true}]}}