{"id":25686,"date":"2025-08-19T05:00:50","date_gmt":"2025-08-19T10:00:50","guid":{"rendered":"https:\/\/www.elamazonico.com\/portal\/?p=25686"},"modified":"2025-08-18T21:26:22","modified_gmt":"2025-08-19T02:26:22","slug":"denuncian-presuntas-irregularidades-en-actividades-de-la-cooperativa-minera-11-de-julio-en-zamora-chinchipe-y-loja","status":"publish","type":"post","link":"https:\/\/www.elamazonico.com\/portal\/denuncian-presuntas-irregularidades-en-actividades-de-la-cooperativa-minera-11-de-julio-en-zamora-chinchipe-y-loja\/","title":{"rendered":"Denuncian presuntas irregularidades en actividades de la Cooperativa Minera \u201c11 de Julio\u201d en Zamora Chinchipe y Loja"},"content":{"rendered":"<p>En entrevista concedida a la Cadena Ecotel de Loja, el abogado Pa\u00fal Luzuriaga, representante legal de habitantes de San Carlos de las Minas, expuso una serie de denuncias en contra de la Cooperativa de Producci\u00f3n Minera \u201c11 de Julio\u201d, a la cual se atribuyen presuntas pr\u00e1cticas de miner\u00eda ilegal y afectaciones ambientales en distintos sectores de Zamora Chinchipe.<\/p>\n<p>Seg\u00fan Luzuriaga, la problem\u00e1tica fue advertida desde el a\u00f1o 2022, cuando moradores de San Carlos de las Minas presentaron una denuncia formal se\u00f1alando da\u00f1os al cauce de los r\u00edos Zamora, Nambija y la quebrada Namanda, lo que habr\u00eda provocado inundaciones y perjuicios a viviendas de la zona. No obstante, pese a la evidencia entregada, la Fiscal\u00eda Provincial de Zamora Chinchipe habr\u00eda desestimado el caso, lo que genera cuestionamientos sobre la transparencia de los procesos.<\/p>\n<p>El jurista argumenta que los mineros cuentan con t\u00edtulo de concesi\u00f3n, pero no con la licencia ambiental, requisito establecido en el art\u00edculo 26 del Reglamento para la Miner\u00eda. Adem\u00e1s, se\u00f1al\u00f3 un posible conflicto de intereses al indicar que uno de los socios de la cooperativa ser\u00eda Galo Rodr\u00edguez, actual fiscal en Zamora, lo cual, a su criterio, comprometer\u00eda la imparcialidad de las investigaciones.<\/p>\n<p>A estas denuncias de car\u00e1cter ambiental se suman tambi\u00e9n acusaciones en el \u00e1mbito urban\u00edstico y financiero. De acuerdo con lo expuesto, la cooperativa habr\u00eda participado en la comercializaci\u00f3n de terrenos en los denominados \u201cJardines de Punzara\u201d (Loja), pese a no contar con facultades legales para tal fin. Esta situaci\u00f3n deriv\u00f3 en la presunta estafa a m\u00e1s de 800 familias que habr\u00edan invertido entre 9.000 y 10.000 d\u00f3lares en dichos lotes, alcanzando un perjuicio estimado de m\u00e1s de cuatro millones de d\u00f3lares.<\/p>\n<p>Frente a este hecho, los concejales lojanos John Espinoza (presidente de la Comisi\u00f3n de Fiscalizaci\u00f3n del Municipio de Loja), Santiago Herr\u00e1ez y la doctora Jolly Castillo presentaron una denuncia en la Fiscal\u00eda de Loja, en un esfuerzo por recuperar los recursos de los afectados.<\/p>\n<p>El abogado Luzuriaga enfatiz\u00f3 que la lucha legal lleva ya m\u00e1s de seis a\u00f1os y que las comunidades afectadas mantienen la exigencia de que se respete el derecho a un ambiente sano, as\u00ed como la restituci\u00f3n de los bienes perdidos por las pr\u00e1cticas irregulares atribuidas a la cooperativa minera.<\/p>\n<p>Finalmente, reiter\u00f3 la necesidad de que las instituciones del Estado act\u00faen con independencia, transparencia y apego a la ley, a fin de garantizar justicia tanto para las familias perjudicadas en Loja como para los habitantes de San Carlos de las Minas que denuncian da\u00f1os ambientales.<\/p>\n","protected":false},"excerpt":{"rendered":"<p>En entrevista concedida a la Cadena Ecotel de Loja, el abogado Pa\u00fal Luzuriaga, representante legal de habitantes de San Carlos de las Minas, expuso una serie de denuncias en contra de la Cooperativa de Producci\u00f3n Minera \u201c11 de Julio\u201d, a la cual se atribuyen presuntas pr\u00e1cticas de miner\u00eda ilegal y afectaciones ambientales en distintos sectores de Zamora Chinchipe. Seg\u00fan Luzuriaga, la problem\u00e1tica fue advertida desde el a\u00f1o 2022, cuando moradores de San Carlos de las Minas presentaron una denuncia formal se\u00f1alando da\u00f1os al cauce de los r\u00edos Zamora, Nambija y la quebrada Namanda, lo que habr\u00eda provocado inundaciones y perjuicios a viviendas de la zona. No obstante, pese a la evidencia entregada, la Fiscal\u00eda Provincial de Zamora Chinchipe habr\u00eda desestimado el caso, lo que genera cuestionamientos sobre la transparencia de los procesos. El jurista argumenta que los mineros cuentan con t\u00edtulo de concesi\u00f3n, pero no con la licencia ambiental, requisito establecido en el art\u00edculo 26 del Reglamento para la Miner\u00eda. Adem\u00e1s, se\u00f1al\u00f3 un posible conflicto de intereses al indicar que uno de los socios de la cooperativa ser\u00eda Galo Rodr\u00edguez, actual fiscal en Zamora, lo cual, a su criterio, comprometer\u00eda la imparcialidad de las investigaciones. A estas denuncias de car\u00e1cter ambiental se suman tambi\u00e9n acusaciones en el \u00e1mbito urban\u00edstico y financiero. De acuerdo con lo expuesto, la cooperativa habr\u00eda participado en la comercializaci\u00f3n de terrenos en los denominados \u201cJardines de Punzara\u201d (Loja), pese a no contar con facultades legales para tal fin. Esta situaci\u00f3n deriv\u00f3 en la presunta estafa a m\u00e1s de 800 familias que habr\u00edan invertido entre 9.000 y 10.000 d\u00f3lares en dichos lotes, alcanzando un perjuicio estimado de m\u00e1s de cuatro millones de d\u00f3lares. Frente a este hecho, los concejales lojanos John Espinoza (presidente de la Comisi\u00f3n de Fiscalizaci\u00f3n del Municipio de Loja), Santiago Herr\u00e1ez y la doctora Jolly Castillo presentaron una denuncia en la Fiscal\u00eda de Loja, en un esfuerzo por recuperar los recursos de los afectados. El abogado Luzuriaga enfatiz\u00f3 que la lucha legal lleva ya m\u00e1s de seis a\u00f1os y que las comunidades afectadas mantienen la exigencia de que se respete el derecho a un ambiente sano, as\u00ed como la restituci\u00f3n de los bienes perdidos por las pr\u00e1cticas irregulares atribuidas a la cooperativa minera. Finalmente, reiter\u00f3 la necesidad de que las instituciones del Estado act\u00faen con independencia, transparencia y apego a la ley, a fin de garantizar justicia tanto para las familias perjudicadas en Loja como para los habitantes de San Carlos de las Minas que denuncian da\u00f1os ambientales.<\/p>\n","protected":false},"author":1,"featured_media":25687,"comment_status":"closed","ping_status":"closed","sticky":false,"template":"","format":"standard","meta":{"footnotes":""},"categories":[268,284,243],"tags":[],"class_list":["post-25686","post","type-post","status-publish","format-standard","has-post-thumbnail","hentry","category-nacionales","category-noticias-loja","category-noticias-zamora"],"_links":{"self":[{"href":"https:\/\/www.elamazonico.com\/portal\/wp-json\/wp\/v2\/posts\/25686","targetHints":{"allow":["GET"]}}],"collection":[{"href":"https:\/\/www.elamazonico.com\/portal\/wp-json\/wp\/v2\/posts"}],"about":[{"href":"https:\/\/www.elamazonico.com\/portal\/wp-json\/wp\/v2\/types\/post"}],"author":[{"embeddable":true,"href":"https:\/\/www.elamazonico.com\/portal\/wp-json\/wp\/v2\/users\/1"}],"replies":[{"embeddable":true,"href":"https:\/\/www.elamazonico.com\/portal\/wp-json\/wp\/v2\/comments?post=25686"}],"version-history":[{"count":1,"href":"https:\/\/www.elamazonico.com\/portal\/wp-json\/wp\/v2\/posts\/25686\/revisions"}],"predecessor-version":[{"id":25688,"href":"https:\/\/www.elamazonico.com\/portal\/wp-json\/wp\/v2\/posts\/25686\/revisions\/25688"}],"wp:featuredmedia":[{"embeddable":true,"href":"https:\/\/www.elamazonico.com\/portal\/wp-json\/wp\/v2\/media\/25687"}],"wp:attachment":[{"href":"https:\/\/www.elamazonico.com\/portal\/wp-json\/wp\/v2\/media?parent=25686"}],"wp:term":[{"taxonomy":"category","embeddable":true,"href":"https:\/\/www.elamazonico.com\/portal\/wp-json\/wp\/v2\/categories?post=25686"},{"taxonomy":"post_tag","embeddable":true,"href":"https:\/\/www.elamazonico.com\/portal\/wp-json\/wp\/v2\/tags?post=25686"}],"curies":[{"name":"wp","href":"https:\/\/api.w.org\/{rel}","templated":true}]}}