{"id":25677,"date":"2025-08-18T16:46:18","date_gmt":"2025-08-18T21:46:18","guid":{"rendered":"https:\/\/www.elamazonico.com\/portal\/?p=25677"},"modified":"2025-08-18T16:46:18","modified_gmt":"2025-08-18T21:46:18","slug":"visita-ministerial-al-hospital-universitario-de-guayaquil-deja-a-cientos-de-pacientes-sin-respuestas","status":"publish","type":"post","link":"https:\/\/www.elamazonico.com\/portal\/visita-ministerial-al-hospital-universitario-de-guayaquil-deja-a-cientos-de-pacientes-sin-respuestas\/","title":{"rendered":"Visita ministerial al Hospital Universitario de Guayaquil deja a cientos de pacientes sin respuestas"},"content":{"rendered":"<p>Los ministros de Gobierno, Zaida Rovira; de Salud, Jimmy Martin; y de Inclusi\u00f3n Econ\u00f3mica y Social (MIES), Harold Burbano, realizaron un recorrido este 18 de agosto en el \u00e1rea de Urgencias Ginecol\u00f3gicas, Obst\u00e9tricas y Pedi\u00e1tricas del Hospital Universitario de Guayaquil, centro de salud en el que se han registrado\u00a0muertes de neonatos vinculadas a la bacteria intrahospitalaria Klebsiella Pneumoniae (KPC).<\/p>\n<p>Sin embargo, pese a que se convoc\u00f3 oficialmente a los medios de comunicaci\u00f3n, los periodistas no pudieron ingresar al recorrido.<\/p>\n<p>Inicialmente se indic\u00f3 a PRIMICIAS que la limitaci\u00f3n se deb\u00eda a la falta de mascarillas, pero cuando los equipos consiguieron este insumo, la versi\u00f3n cambi\u00f3: funcionarios se\u00f1alaron que no hab\u00eda espacio suficiente para m\u00e1s personas en las salas.<\/p>\n<p>Luego se anunci\u00f3 que al final del recorrido los ministros ofrecer\u00edan declaraciones y, de hecho, se orden\u00f3 a los medios apostarse en un punto espec\u00edfico del hospital para ese fin.<\/p>\n<p>No obstante, los ministros nunca llegaron al lugar dispuesto. En lugar de salir por el \u00e1rea principal, abandonaron el hospital por la zona de Emergencias y partieron en sus veh\u00edculos, alegando que deb\u00edan atender una \u201cemergencia\u201d.<\/p>\n<p><strong>El caso de la bacteria KPC en el Hospital Universitario<\/strong><br \/>\nLa presencia de la bacteria Klebsiella Pneumoniae productora de carbapenemasa (KPC) en el Hospital Universitario encendi\u00f3 las alertas sanitarias en julio, lo que provoc\u00f3 activar protocolos sanitarios ante la alerta epidemiol\u00f3gica causada por la KPC. Esta bacteria intrahospitalaria se adquiere dentro de los centros de salud, generalmente a trav\u00e9s de insumos m\u00e9dicos que no han sido desinfectados de manera correcta o que no son usados adecuadamente.<\/p>\n<p>El ministro de Salud, Jimmy Martin, reconoci\u00f3 que dos de los 12 beb\u00e9s fallecidos en julio murieron a causa de la KPC. El resto, explic\u00f3, respond\u00eda a causas multifactoriales como bajo peso al nacer, prematuridad o inmadurez extrema.<\/p>\n<p>Martin neg\u00f3 que se hayan reutilizado c\u00e1nulas en la atenci\u00f3n a los neonatos y asegur\u00f3 que el hospital cuenta con abastecimiento de insumos. A la par, anunci\u00f3 la activaci\u00f3n de protocolos epidemiol\u00f3gicos para contener la propagaci\u00f3n de la bacteria.<\/p>\n<p><img decoding=\"async\" src=\"https:\/\/imagenes.primicias.ec\/files\/content_image_simple_414_238\/files\/fp\/uploads\/2025\/08\/18\/68a370073f235.r_d.1334-852-1552.jpeg\" alt=\"thumb\" \/><br \/>\n<strong>Reestructuraci\u00f3n en hospitales de Guayaquil tras muertes por KPC<\/strong><br \/>\nComo parte de las medidas tras esta crisis,\u00a0el Gobierno dispuso la intervenci\u00f3n militar en tres hospitales de Guayaquil: Universitario, Monte Sina\u00ed y Guasmo Sur. Estos centros ahora est\u00e1n bajo la administraci\u00f3n de gerentes de la Armada, con el fin de reforzar la transparencia y la disciplina administrativa.<\/p>\n<p>Adem\u00e1s, se conform\u00f3 una comisi\u00f3n externa de epidemi\u00f3logos, neonat\u00f3logos e infect\u00f3logos, con el acompa\u00f1amiento t\u00e9cnico de la Organizaci\u00f3n Panamericana de la Salud (OPS\/OMS), para investigar de manera independiente los fallecimientos y fortalecer la seguridad hospitalaria. <strong>Fuente: Primicias<\/strong><\/p>\n","protected":false},"excerpt":{"rendered":"<p>Los ministros de Gobierno, Zaida Rovira; de Salud, Jimmy Martin; y de Inclusi\u00f3n Econ\u00f3mica y Social (MIES), Harold Burbano, realizaron un recorrido este 18 de agosto en el \u00e1rea de Urgencias Ginecol\u00f3gicas, Obst\u00e9tricas y Pedi\u00e1tricas del Hospital Universitario de Guayaquil, centro de salud en el que se han registrado\u00a0muertes de neonatos vinculadas a la bacteria intrahospitalaria Klebsiella Pneumoniae (KPC). Sin embargo, pese a que se convoc\u00f3 oficialmente a los medios de comunicaci\u00f3n, los periodistas no pudieron ingresar al recorrido. Inicialmente se indic\u00f3 a PRIMICIAS que la limitaci\u00f3n se deb\u00eda a la falta de mascarillas, pero cuando los equipos consiguieron este insumo, la versi\u00f3n cambi\u00f3: funcionarios se\u00f1alaron que no hab\u00eda espacio suficiente para m\u00e1s personas en las salas. Luego se anunci\u00f3 que al final del recorrido los ministros ofrecer\u00edan declaraciones y, de hecho, se orden\u00f3 a los medios apostarse en un punto espec\u00edfico del hospital para ese fin. No obstante, los ministros nunca llegaron al lugar dispuesto. En lugar de salir por el \u00e1rea principal, abandonaron el hospital por la zona de Emergencias y partieron en sus veh\u00edculos, alegando que deb\u00edan atender una \u201cemergencia\u201d. El caso de la bacteria KPC en el Hospital Universitario La presencia de la bacteria Klebsiella Pneumoniae productora de carbapenemasa (KPC) en el Hospital Universitario encendi\u00f3 las alertas sanitarias en julio, lo que provoc\u00f3 activar protocolos sanitarios ante la alerta epidemiol\u00f3gica causada por la KPC. Esta bacteria intrahospitalaria se adquiere dentro de los centros de salud, generalmente a trav\u00e9s de insumos m\u00e9dicos que no han sido desinfectados de manera correcta o que no son usados adecuadamente. El ministro de Salud, Jimmy Martin, reconoci\u00f3 que dos de los 12 beb\u00e9s fallecidos en julio murieron a causa de la KPC. El resto, explic\u00f3, respond\u00eda a causas multifactoriales como bajo peso al nacer, prematuridad o inmadurez extrema. Martin neg\u00f3 que se hayan reutilizado c\u00e1nulas en la atenci\u00f3n a los neonatos y asegur\u00f3 que el hospital cuenta con abastecimiento de insumos. A la par, anunci\u00f3 la activaci\u00f3n de protocolos epidemiol\u00f3gicos para contener la propagaci\u00f3n de la bacteria. Reestructuraci\u00f3n en hospitales de Guayaquil tras muertes por KPC Como parte de las medidas tras esta crisis,\u00a0el Gobierno dispuso la intervenci\u00f3n militar en tres hospitales de Guayaquil: Universitario, Monte Sina\u00ed y Guasmo Sur. Estos centros ahora est\u00e1n bajo la administraci\u00f3n de gerentes de la Armada, con el fin de reforzar la transparencia y la disciplina administrativa. Adem\u00e1s, se conform\u00f3 una comisi\u00f3n externa de epidemi\u00f3logos, neonat\u00f3logos e infect\u00f3logos, con el acompa\u00f1amiento t\u00e9cnico de la Organizaci\u00f3n Panamericana de la Salud (OPS\/OMS), para investigar de manera independiente los fallecimientos y fortalecer la seguridad hospitalaria. Fuente: Primicias<\/p>\n","protected":false},"author":1,"featured_media":25678,"comment_status":"closed","ping_status":"closed","sticky":false,"template":"","format":"standard","meta":{"footnotes":""},"categories":[268],"tags":[],"class_list":["post-25677","post","type-post","status-publish","format-standard","has-post-thumbnail","hentry","category-nacionales"],"_links":{"self":[{"href":"https:\/\/www.elamazonico.com\/portal\/wp-json\/wp\/v2\/posts\/25677","targetHints":{"allow":["GET"]}}],"collection":[{"href":"https:\/\/www.elamazonico.com\/portal\/wp-json\/wp\/v2\/posts"}],"about":[{"href":"https:\/\/www.elamazonico.com\/portal\/wp-json\/wp\/v2\/types\/post"}],"author":[{"embeddable":true,"href":"https:\/\/www.elamazonico.com\/portal\/wp-json\/wp\/v2\/users\/1"}],"replies":[{"embeddable":true,"href":"https:\/\/www.elamazonico.com\/portal\/wp-json\/wp\/v2\/comments?post=25677"}],"version-history":[{"count":1,"href":"https:\/\/www.elamazonico.com\/portal\/wp-json\/wp\/v2\/posts\/25677\/revisions"}],"predecessor-version":[{"id":25679,"href":"https:\/\/www.elamazonico.com\/portal\/wp-json\/wp\/v2\/posts\/25677\/revisions\/25679"}],"wp:featuredmedia":[{"embeddable":true,"href":"https:\/\/www.elamazonico.com\/portal\/wp-json\/wp\/v2\/media\/25678"}],"wp:attachment":[{"href":"https:\/\/www.elamazonico.com\/portal\/wp-json\/wp\/v2\/media?parent=25677"}],"wp:term":[{"taxonomy":"category","embeddable":true,"href":"https:\/\/www.elamazonico.com\/portal\/wp-json\/wp\/v2\/categories?post=25677"},{"taxonomy":"post_tag","embeddable":true,"href":"https:\/\/www.elamazonico.com\/portal\/wp-json\/wp\/v2\/tags?post=25677"}],"curies":[{"name":"wp","href":"https:\/\/api.w.org\/{rel}","templated":true}]}}