{"id":25671,"date":"2025-08-18T16:17:55","date_gmt":"2025-08-18T21:17:55","guid":{"rendered":"https:\/\/www.elamazonico.com\/portal\/?p=25671"},"modified":"2025-08-18T16:17:55","modified_gmt":"2025-08-18T21:17:55","slug":"detenido-en-estados-unidos-e-investigado-por-el-asesinato-de-villavicencio-el-complejo-momento-del-exministro-jose-serrano","status":"publish","type":"post","link":"https:\/\/www.elamazonico.com\/portal\/detenido-en-estados-unidos-e-investigado-por-el-asesinato-de-villavicencio-el-complejo-momento-del-exministro-jose-serrano\/","title":{"rendered":"Detenido en Estados Unidos e investigado por el asesinato de Villavicencio: el complejo momento del exministro Jos\u00e9 Serrano"},"content":{"rendered":"<p>La situaci\u00f3n jur\u00eddica y migratoria del exministro del Interior del corre\u00edsmo y expresidente de la Asamblea Nacional, Jos\u00e9 Serrano Salgado, se complic\u00f3 a\u00fan m\u00e1s este 18 de agosto.<\/p>\n<p>Por un lado, desde el 7 de agosto, el exfuncionario se encuentra bajo custodia del Sistema de Localizaci\u00f3n de Detenidos del\u00a0Servicio de Control de Inmigraci\u00f3n y Aduanas (ICE, por sus siglas en ingl\u00e9s), de Estados Unidos.<\/p>\n<p>Y, por otro, este lunes la Fiscal\u00eda ecuatoriana pidi\u00f3 al juez que lleva la causa por el asesinato de Fernando Villavicencio, que llame a una audiencia en la que formular\u00e1 cargos contra Serrano, y otros, por su presunta participaci\u00f3n en el crimen.<\/p>\n<p>Seg\u00fan la Fiscal\u00eda, existir\u00edan \u00abs\u00f3lidos elementos de convicci\u00f3n\u00bb que llevan a los investigadores a presumir la participaci\u00f3n del exministro, junto al exasamble\u00edsta, Ronny Aleaga; Daniel Salcedo; y Xavier Jord\u00e1n, como autores intelectuales del magnicidio.<\/p>\n<p>La defensa en Ecuador de Jos\u00e9 Serrano prefiri\u00f3 no pronunciarse sobre el pedido de la Fiscal\u00eda, al no contar con una autorizaci\u00f3n para hacerlo por parte del exfuncionario del gobierno de Rafael Correa.<\/p>\n<p><strong>Las sospechas sobre el exministro<\/strong><br \/>\nSu paso por el Ministerio del Interior, la Asamblea Nacional y la vida p\u00fablica, en general, no ha estado libre de acusaciones y cuestionamientos, al punto que registra media docena de denuncias ante la Fiscal\u00eda General del Estado.<\/p>\n<p>Ninguna de estas investigaciones, sin embargo, ha registrado avances que se hayan hecho p\u00fablicos, por lo que nunca se le ha formulado cargos.\u00a0Algunos de los casos y denuncias que rondan a Jos\u00e9 Serrano -adem\u00e1s del crimen de Villavicencio- son:<\/p>\n<p><strong>1.-<\/strong> En marzo de 2019, cuando a\u00fan era asamble\u00edsta por el movimiento Alianza PAIS, Oswaldo Rivadeneira, exasesor de su despacho en el Ministerio del Interior, lo se\u00f1al\u00f3 por supuestamente haber exigido el 10% de los salarios a los 500 funcionarios de esa entidad.<br \/>\nSecuestro<\/p>\n<p><strong>2.-<\/strong> En julio de 2023, el activista pol\u00edtico, Fernando Balda, lo denunci\u00f3 por su secuestro, ocurrido en 2012, en Colombia. Por ese caso fue sentenciado Pablo Romero, exsecretario de Inteligencia del corre\u00edsmo, quien tambi\u00e9n tiene un llamado a juicio y una orden de prisi\u00f3n vigentes por ese caso.<br \/>\nTentativa de asesinato<\/p>\n<p><strong>3.-<\/strong> En agosto de 2023, fue denunciado por supuesta tentativa de asesinato por el abogado Luigi Garc\u00eda, que defendi\u00f3 a Washington Prado, alias &#8216;Gerald&#8217;, narcotraficante ecuatoriano que paga una condena en Estados Unidos.<br \/>\nDifusi\u00f3n de informaci\u00f3n reservada<\/p>\n<p><strong>4.-<\/strong> En enero de 2024, la Fiscal\u00eda anunci\u00f3 la apertura de una investigaci\u00f3n previa por presunta difusi\u00f3n de informaci\u00f3n reservada. El exministro revel\u00f3 en la red social X que el exfiscal C\u00e9sar Su\u00e1rez fue sido asesinado luego de requerir informaci\u00f3n urgente sobre la esposa de Adolfo Mac\u00edas, alias &#8216;Fito&#8217;, ahora extraditado a Estados Unidos.<br \/>\nTr\u00e1fico de influencias y cohecho<\/p>\n<p><strong>5.-<\/strong> En mayo de 2024, el exasamble\u00edsta Jorge Pinto lo denunci\u00f3 por tr\u00e1fico de influencias y cohecho. Esta denuncia se desprendi\u00f3 del juicio al excontralor Carlos P\u00f3lit, en Estados Unidos. Diego S\u00e1nchez, empresario del mundo de los seguros, testific\u00f3 en esa audiencia que hab\u00eda pagado un soborno a Serrano.<\/p>\n<p><strong>Serrano y el crimen de Villavicencio<\/strong><br \/>\nA mediados de mayo de 2025 se conoci\u00f3 que el nombre de Serrano era parte de la investigaci\u00f3n que adelanta la Fiscal\u00eda para dar con los autores intelectuales del asesinato de Fernando Villavicencio, ocurrido en agosto de 2023, al norte de Quito.<\/p>\n<p>El primer indicio lo habr\u00eda dado un testigo protegido que tiene una sentencia por el caso Plaga. Seg\u00fan esta persona, el asesinato del pol\u00edtico pudo haber sido ordenado por el exvicepresidente Jorge Glas y el propio Serrano.<\/p>\n<p>En tanto que, Jord\u00e1n habr\u00eda financiado la ejecuci\u00f3n del crimen y Daniel Salcedo habr\u00faa sido quien\u00a0coordin\u00f3 con los sicarios de la organizaci\u00f3n delictiva Los Lobos.<\/p>\n<p>Si la Fiscal\u00eda logra probar esos indicios y el juez dicta medidas cautelares contra Serrano, que ya se encuentra en manos de las autoridades migratorias estadounidenses, la justicia de Ecuador podr\u00eda intentar pedir su retorno al pa\u00eds.<\/p>\n<p><strong>Vertiginoso ascenso en la vida p\u00fablica<\/strong><br \/>\nAunque los inicios en la vida p\u00fablica de Jos\u00e9 Serrano Salgado se los relaciona con el corre\u00edsmo, en realidad empez\u00f3 un poco antes, en el breve gobierno de Alfredo Palacio.<\/p>\n<p>En junio de 2005 fue designado como ministro de Trabajo y Empleo, en lugar de Galo Chiriboga, que fue uno de sus primeros enlaces con la pol\u00edtica.<\/p>\n<p>En 2008, cuando Chiriboga fue nombrado ministro de Minas y Petr\u00f3leos, design\u00f3 a Serrano como subsecretario de esa cartera de Estado.<\/p>\n<p>Ya para 2009, fue el propio Rafael Correa Delgado\u00a0quien le\u00a0encarg\u00f3 la direcci\u00f3n de la Secretar\u00eda de Transparencia y Gesti\u00f3n. Un a\u00f1o m\u00e1s tarde ocup\u00f3 el cargo de ministro de Justicia, Derechos Humanos y Cultos.<\/p>\n<p>El puesto que le dio mayor influencia en la escena pol\u00edtica nacional fue el de ministro del Interior que ocup\u00f3 entre 2011 y 2016.<\/p>\n<p>En 2017 postul\u00f3 para ser asamble\u00edsta y se convirti\u00f3 en presidente de la Asamblea con una mayor\u00eda de Alianza PAIS que todav\u00eda no sufr\u00eda el cisma entre corre\u00edstas y morenistas.<\/p>\n<p>Pero un audio en el que se o\u00eda a Serrano decir que hay que \u00abbajarse\u00bb al entonces fiscal de Estado, Carlos Baca Mancheno, provoc\u00f3 su destituci\u00f3n como titular del legislativo y termin\u00f3 su periodo como asamble\u00edsta, en 2021, manejando un perfil muy bajo.<\/p>\n<p>En 2024, el movimiento Centro Democr\u00e1tico, de Jimmy Jairala, propuso su nombre como precandidato a la Presidencia de la Rep\u00fablica, pero casi al cierre de las inscripciones, Serrano declin\u00f3. <strong>Fuente: Primicias<\/strong><\/p>\n","protected":false},"excerpt":{"rendered":"<p>La situaci\u00f3n jur\u00eddica y migratoria del exministro del Interior del corre\u00edsmo y expresidente de la Asamblea Nacional, Jos\u00e9 Serrano Salgado, se complic\u00f3 a\u00fan m\u00e1s este 18 de agosto. Por un lado, desde el 7 de agosto, el exfuncionario se encuentra bajo custodia del Sistema de Localizaci\u00f3n de Detenidos del\u00a0Servicio de Control de Inmigraci\u00f3n y Aduanas (ICE, por sus siglas en ingl\u00e9s), de Estados Unidos. Y, por otro, este lunes la Fiscal\u00eda ecuatoriana pidi\u00f3 al juez que lleva la causa por el asesinato de Fernando Villavicencio, que llame a una audiencia en la que formular\u00e1 cargos contra Serrano, y otros, por su presunta participaci\u00f3n en el crimen. Seg\u00fan la Fiscal\u00eda, existir\u00edan \u00abs\u00f3lidos elementos de convicci\u00f3n\u00bb que llevan a los investigadores a presumir la participaci\u00f3n del exministro, junto al exasamble\u00edsta, Ronny Aleaga; Daniel Salcedo; y Xavier Jord\u00e1n, como autores intelectuales del magnicidio. La defensa en Ecuador de Jos\u00e9 Serrano prefiri\u00f3 no pronunciarse sobre el pedido de la Fiscal\u00eda, al no contar con una autorizaci\u00f3n para hacerlo por parte del exfuncionario del gobierno de Rafael Correa. Las sospechas sobre el exministro Su paso por el Ministerio del Interior, la Asamblea Nacional y la vida p\u00fablica, en general, no ha estado libre de acusaciones y cuestionamientos, al punto que registra media docena de denuncias ante la Fiscal\u00eda General del Estado. Ninguna de estas investigaciones, sin embargo, ha registrado avances que se hayan hecho p\u00fablicos, por lo que nunca se le ha formulado cargos.\u00a0Algunos de los casos y denuncias que rondan a Jos\u00e9 Serrano -adem\u00e1s del crimen de Villavicencio- son: 1.- En marzo de 2019, cuando a\u00fan era asamble\u00edsta por el movimiento Alianza PAIS, Oswaldo Rivadeneira, exasesor de su despacho en el Ministerio del Interior, lo se\u00f1al\u00f3 por supuestamente haber exigido el 10% de los salarios a los 500 funcionarios de esa entidad. Secuestro 2.- En julio de 2023, el activista pol\u00edtico, Fernando Balda, lo denunci\u00f3 por su secuestro, ocurrido en 2012, en Colombia. Por ese caso fue sentenciado Pablo Romero, exsecretario de Inteligencia del corre\u00edsmo, quien tambi\u00e9n tiene un llamado a juicio y una orden de prisi\u00f3n vigentes por ese caso. Tentativa de asesinato 3.- En agosto de 2023, fue denunciado por supuesta tentativa de asesinato por el abogado Luigi Garc\u00eda, que defendi\u00f3 a Washington Prado, alias &#8216;Gerald&#8217;, narcotraficante ecuatoriano que paga una condena en Estados Unidos. Difusi\u00f3n de informaci\u00f3n reservada 4.- En enero de 2024, la Fiscal\u00eda anunci\u00f3 la apertura de una investigaci\u00f3n previa por presunta difusi\u00f3n de informaci\u00f3n reservada. El exministro revel\u00f3 en la red social X que el exfiscal C\u00e9sar Su\u00e1rez fue sido asesinado luego de requerir informaci\u00f3n urgente sobre la esposa de Adolfo Mac\u00edas, alias &#8216;Fito&#8217;, ahora extraditado a Estados Unidos. Tr\u00e1fico de influencias y cohecho 5.- En mayo de 2024, el exasamble\u00edsta Jorge Pinto lo denunci\u00f3 por tr\u00e1fico de influencias y cohecho. Esta denuncia se desprendi\u00f3 del juicio al excontralor Carlos P\u00f3lit, en Estados Unidos. Diego S\u00e1nchez, empresario del mundo de los seguros, testific\u00f3 en esa audiencia que hab\u00eda pagado un soborno a Serrano. Serrano y el crimen de Villavicencio A mediados de mayo de 2025 se conoci\u00f3 que el nombre de Serrano era parte de la investigaci\u00f3n que adelanta la Fiscal\u00eda para dar con los autores intelectuales del asesinato de Fernando Villavicencio, ocurrido en agosto de 2023, al norte de Quito. El primer indicio lo habr\u00eda dado un testigo protegido que tiene una sentencia por el caso Plaga. Seg\u00fan esta persona, el asesinato del pol\u00edtico pudo haber sido ordenado por el exvicepresidente Jorge Glas y el propio Serrano. En tanto que, Jord\u00e1n habr\u00eda financiado la ejecuci\u00f3n del crimen y Daniel Salcedo habr\u00faa sido quien\u00a0coordin\u00f3 con los sicarios de la organizaci\u00f3n delictiva Los Lobos. Si la Fiscal\u00eda logra probar esos indicios y el juez dicta medidas cautelares contra Serrano, que ya se encuentra en manos de las autoridades migratorias estadounidenses, la justicia de Ecuador podr\u00eda intentar pedir su retorno al pa\u00eds. Vertiginoso ascenso en la vida p\u00fablica Aunque los inicios en la vida p\u00fablica de Jos\u00e9 Serrano Salgado se los relaciona con el corre\u00edsmo, en realidad empez\u00f3 un poco antes, en el breve gobierno de Alfredo Palacio. En junio de 2005 fue designado como ministro de Trabajo y Empleo, en lugar de Galo Chiriboga, que fue uno de sus primeros enlaces con la pol\u00edtica. En 2008, cuando Chiriboga fue nombrado ministro de Minas y Petr\u00f3leos, design\u00f3 a Serrano como subsecretario de esa cartera de Estado. Ya para 2009, fue el propio Rafael Correa Delgado\u00a0quien le\u00a0encarg\u00f3 la direcci\u00f3n de la Secretar\u00eda de Transparencia y Gesti\u00f3n. Un a\u00f1o m\u00e1s tarde ocup\u00f3 el cargo de ministro de Justicia, Derechos Humanos y Cultos. El puesto que le dio mayor influencia en la escena pol\u00edtica nacional fue el de ministro del Interior que ocup\u00f3 entre 2011 y 2016. En 2017 postul\u00f3 para ser asamble\u00edsta y se convirti\u00f3 en presidente de la Asamblea con una mayor\u00eda de Alianza PAIS que todav\u00eda no sufr\u00eda el cisma entre corre\u00edstas y morenistas. Pero un audio en el que se o\u00eda a Serrano decir que hay que \u00abbajarse\u00bb al entonces fiscal de Estado, Carlos Baca Mancheno, provoc\u00f3 su destituci\u00f3n como titular del legislativo y termin\u00f3 su periodo como asamble\u00edsta, en 2021, manejando un perfil muy bajo. En 2024, el movimiento Centro Democr\u00e1tico, de Jimmy Jairala, propuso su nombre como precandidato a la Presidencia de la Rep\u00fablica, pero casi al cierre de las inscripciones, Serrano declin\u00f3. Fuente: Primicias<\/p>\n","protected":false},"author":1,"featured_media":25672,"comment_status":"closed","ping_status":"closed","sticky":false,"template":"","format":"standard","meta":{"footnotes":""},"categories":[268],"tags":[],"class_list":["post-25671","post","type-post","status-publish","format-standard","has-post-thumbnail","hentry","category-nacionales"],"_links":{"self":[{"href":"https:\/\/www.elamazonico.com\/portal\/wp-json\/wp\/v2\/posts\/25671","targetHints":{"allow":["GET"]}}],"collection":[{"href":"https:\/\/www.elamazonico.com\/portal\/wp-json\/wp\/v2\/posts"}],"about":[{"href":"https:\/\/www.elamazonico.com\/portal\/wp-json\/wp\/v2\/types\/post"}],"author":[{"embeddable":true,"href":"https:\/\/www.elamazonico.com\/portal\/wp-json\/wp\/v2\/users\/1"}],"replies":[{"embeddable":true,"href":"https:\/\/www.elamazonico.com\/portal\/wp-json\/wp\/v2\/comments?post=25671"}],"version-history":[{"count":1,"href":"https:\/\/www.elamazonico.com\/portal\/wp-json\/wp\/v2\/posts\/25671\/revisions"}],"predecessor-version":[{"id":25673,"href":"https:\/\/www.elamazonico.com\/portal\/wp-json\/wp\/v2\/posts\/25671\/revisions\/25673"}],"wp:featuredmedia":[{"embeddable":true,"href":"https:\/\/www.elamazonico.com\/portal\/wp-json\/wp\/v2\/media\/25672"}],"wp:attachment":[{"href":"https:\/\/www.elamazonico.com\/portal\/wp-json\/wp\/v2\/media?parent=25671"}],"wp:term":[{"taxonomy":"category","embeddable":true,"href":"https:\/\/www.elamazonico.com\/portal\/wp-json\/wp\/v2\/categories?post=25671"},{"taxonomy":"post_tag","embeddable":true,"href":"https:\/\/www.elamazonico.com\/portal\/wp-json\/wp\/v2\/tags?post=25671"}],"curies":[{"name":"wp","href":"https:\/\/api.w.org\/{rel}","templated":true}]}}