{"id":25663,"date":"2025-08-19T04:41:56","date_gmt":"2025-08-19T09:41:56","guid":{"rendered":"https:\/\/www.elamazonico.com\/portal\/?p=25663"},"modified":"2025-08-18T15:42:22","modified_gmt":"2025-08-18T20:42:22","slug":"gobernacion-de-zamora-chinchipe-presenta-balance-de-gestion-y-avances-en-seguridad-salud-infraestructura-y-desarrollo-productivo","status":"publish","type":"post","link":"https:\/\/www.elamazonico.com\/portal\/gobernacion-de-zamora-chinchipe-presenta-balance-de-gestion-y-avances-en-seguridad-salud-infraestructura-y-desarrollo-productivo\/","title":{"rendered":"Gobernaci\u00f3n de Zamora Chinchipe presenta balance de gesti\u00f3n y avances en seguridad, salud, infraestructura y desarrollo productivo"},"content":{"rendered":"<p>La Gobernadora de Zamora Chinchipe, Ivonne Panchi, ofreci\u00f3 una rueda de prensa en la que present\u00f3 un informe detallado sobre las acciones ejecutadas durante estos \u00faltimos quince d\u00edas de gesti\u00f3n, reafirmando el compromiso institucional de trabajar en territorio bajo las directrices del presidente Daniel Noboa Az\u00edn, para impulsar un Ecuador m\u00e1s seguro, productivo y con mayores oportunidades de desarrollo.<\/p>\n<p><strong>Seguridad y cultura de paz<\/strong><br \/>\nLa Gobernadora destac\u00f3 que Zamora Chinchipe contin\u00faa siendo la segunda provincia m\u00e1s segura del pa\u00eds, gracias al trabajo articulado entre la ciudadan\u00eda, la Polic\u00eda Nacional y los jefes pol\u00edticos de cada cant\u00f3n. En este marco, se han desarrollado charlas de prevenci\u00f3n y convivencia pac\u00edfica que se replicar\u00e1n en todo el territorio, fomentando una cultura de paz y seguridad ciudadana.<\/p>\n<p><strong>Salud y atenci\u00f3n prioritaria<\/strong><br \/>\nEn el \u00e1mbito de la salud, inform\u00f3 sobre la implementaci\u00f3n del audi\u00f3metro cl\u00ednico de dos canales en el Hospital Julius Doepfner, lo que permitir\u00e1 diagn\u00f3sticos auditivos m\u00e1s precisos y oportunos.<\/p>\n<p>Asimismo, confirm\u00f3 la renovaci\u00f3n de convenios con las cl\u00ednicas de di\u00e1lisis de la provincia, garantizando la atenci\u00f3n a pacientes con enfermedades renales. De igual manera, anunci\u00f3 que se avanza en el proceso de mantenimiento integral de ambulancias, con el fin de asegurar que est\u00e9n operativas al 100 % en los pr\u00f3ximos d\u00edas.<\/p>\n<p><strong>Desarrollo productivo y emprendimiento<\/strong><br \/>\nLa Gobernadora resalt\u00f3 la reapertura de la oficina del Instituto de Econom\u00eda Popular y Solidaria (IEPS), ubicada en los bajos de la Gobernaci\u00f3n, que brinda asesor\u00eda, acompa\u00f1amiento y acceso a l\u00edneas de cr\u00e9dito para emprendedores locales. Adem\u00e1s, inform\u00f3 sobre la llegada de la unidad m\u00f3vil de la Canciller\u00eda, que ofreci\u00f3 servicios de legalizaci\u00f3n y apostillamiento de documentos a la ciudadan\u00eda.<\/p>\n<p>En el \u00e1mbito tur\u00edstico, extendi\u00f3 la invitaci\u00f3n a participar en el programa \u201cEmprende Turismo \u2013 Capital Semilla\u201d, impulsado por el Ministerio de Turismo, cuyo plazo de inscripci\u00f3n se mantiene abierto hasta el 24 de agosto. Esta iniciativa busca fortalecer emprendimientos innovadores en alojamiento, gastronom\u00eda, transporte, turismo comunitario y otros servicios afines.<\/p>\n<p><strong>Infraestructura y vialidad<\/strong><br \/>\nDentro del eje de infraestructura, la Gobernadora destac\u00f3 los avances en la coordinaci\u00f3n interinstitucional con CELEC, Prefectura y MTOP para el mantenimiento de la V\u00eda Antigua Zamora \u2013 Sabanillas, mediante mingas comunitarias. Tambi\u00e9n inform\u00f3 sobre la visita del subsecretario del MTOP, Edwin Duque, para evaluar puntos cr\u00edticos y definir recursos de intervenci\u00f3n vial.<\/p>\n<p>Adicionalmente, anunci\u00f3 que la planificaci\u00f3n del Cuarto Eje Vial avanza conforme al cronograma establecido, previendo el inicio de obra en el primer semestre de 2026.<\/p>\n<p><strong>Inclusi\u00f3n social y actividades comunitarias<\/strong><br \/>\nEn el \u00e1mbito social, destac\u00f3 actividades de integraci\u00f3n como la excursi\u00f3n en Tutupali (Yacuambi) con la participaci\u00f3n de ni\u00f1os y j\u00f3venes, y la jornada \u201cPedaleando por la Paz y la Seguridad\u201d organizada junto a la Polic\u00eda Nacional en Paquisha y Centinela del C\u00f3ndor.<\/p>\n<p>Respecto al CONADIS, aclar\u00f3 que no existe cierre de su oficina en la provincia, sino una transici\u00f3n administrativa; se prev\u00e9 la contrataci\u00f3n de una nueva profesional y la reactivaci\u00f3n de los servicios desde el pr\u00f3ximo mes.<\/p>\n<p>Finalmente, la Gobernadora enfatiz\u00f3 que la Gobernaci\u00f3n mantiene una pol\u00edtica de puertas abiertas para atender inquietudes y dar seguimiento a denuncias, incluyendo las relacionadas con miner\u00eda ilegal, las cuales se canalizan hacia las entidades competentes.<br \/>\n\u201cDesde Zamora Chinchipe impulsamos, defendemos y construimos el nuevo Ecuador con responsabilidad y compromiso, articulando con todas las instituciones del Estado y trabajando junto a nuestra gente\u201d, se\u00f1al\u00f3.<\/p>\n","protected":false},"excerpt":{"rendered":"<p>La Gobernadora de Zamora Chinchipe, Ivonne Panchi, ofreci\u00f3 una rueda de prensa en la que present\u00f3 un informe detallado sobre las acciones ejecutadas durante estos \u00faltimos quince d\u00edas de gesti\u00f3n, reafirmando el compromiso institucional de trabajar en territorio bajo las directrices del presidente Daniel Noboa Az\u00edn, para impulsar un Ecuador m\u00e1s seguro, productivo y con mayores oportunidades de desarrollo. Seguridad y cultura de paz La Gobernadora destac\u00f3 que Zamora Chinchipe contin\u00faa siendo la segunda provincia m\u00e1s segura del pa\u00eds, gracias al trabajo articulado entre la ciudadan\u00eda, la Polic\u00eda Nacional y los jefes pol\u00edticos de cada cant\u00f3n. En este marco, se han desarrollado charlas de prevenci\u00f3n y convivencia pac\u00edfica que se replicar\u00e1n en todo el territorio, fomentando una cultura de paz y seguridad ciudadana. Salud y atenci\u00f3n prioritaria En el \u00e1mbito de la salud, inform\u00f3 sobre la implementaci\u00f3n del audi\u00f3metro cl\u00ednico de dos canales en el Hospital Julius Doepfner, lo que permitir\u00e1 diagn\u00f3sticos auditivos m\u00e1s precisos y oportunos. Asimismo, confirm\u00f3 la renovaci\u00f3n de convenios con las cl\u00ednicas de di\u00e1lisis de la provincia, garantizando la atenci\u00f3n a pacientes con enfermedades renales. De igual manera, anunci\u00f3 que se avanza en el proceso de mantenimiento integral de ambulancias, con el fin de asegurar que est\u00e9n operativas al 100 % en los pr\u00f3ximos d\u00edas. Desarrollo productivo y emprendimiento La Gobernadora resalt\u00f3 la reapertura de la oficina del Instituto de Econom\u00eda Popular y Solidaria (IEPS), ubicada en los bajos de la Gobernaci\u00f3n, que brinda asesor\u00eda, acompa\u00f1amiento y acceso a l\u00edneas de cr\u00e9dito para emprendedores locales. Adem\u00e1s, inform\u00f3 sobre la llegada de la unidad m\u00f3vil de la Canciller\u00eda, que ofreci\u00f3 servicios de legalizaci\u00f3n y apostillamiento de documentos a la ciudadan\u00eda. En el \u00e1mbito tur\u00edstico, extendi\u00f3 la invitaci\u00f3n a participar en el programa \u201cEmprende Turismo \u2013 Capital Semilla\u201d, impulsado por el Ministerio de Turismo, cuyo plazo de inscripci\u00f3n se mantiene abierto hasta el 24 de agosto. Esta iniciativa busca fortalecer emprendimientos innovadores en alojamiento, gastronom\u00eda, transporte, turismo comunitario y otros servicios afines. Infraestructura y vialidad Dentro del eje de infraestructura, la Gobernadora destac\u00f3 los avances en la coordinaci\u00f3n interinstitucional con CELEC, Prefectura y MTOP para el mantenimiento de la V\u00eda Antigua Zamora \u2013 Sabanillas, mediante mingas comunitarias. Tambi\u00e9n inform\u00f3 sobre la visita del subsecretario del MTOP, Edwin Duque, para evaluar puntos cr\u00edticos y definir recursos de intervenci\u00f3n vial. Adicionalmente, anunci\u00f3 que la planificaci\u00f3n del Cuarto Eje Vial avanza conforme al cronograma establecido, previendo el inicio de obra en el primer semestre de 2026. Inclusi\u00f3n social y actividades comunitarias En el \u00e1mbito social, destac\u00f3 actividades de integraci\u00f3n como la excursi\u00f3n en Tutupali (Yacuambi) con la participaci\u00f3n de ni\u00f1os y j\u00f3venes, y la jornada \u201cPedaleando por la Paz y la Seguridad\u201d organizada junto a la Polic\u00eda Nacional en Paquisha y Centinela del C\u00f3ndor. Respecto al CONADIS, aclar\u00f3 que no existe cierre de su oficina en la provincia, sino una transici\u00f3n administrativa; se prev\u00e9 la contrataci\u00f3n de una nueva profesional y la reactivaci\u00f3n de los servicios desde el pr\u00f3ximo mes. Finalmente, la Gobernadora enfatiz\u00f3 que la Gobernaci\u00f3n mantiene una pol\u00edtica de puertas abiertas para atender inquietudes y dar seguimiento a denuncias, incluyendo las relacionadas con miner\u00eda ilegal, las cuales se canalizan hacia las entidades competentes. \u201cDesde Zamora Chinchipe impulsamos, defendemos y construimos el nuevo Ecuador con responsabilidad y compromiso, articulando con todas las instituciones del Estado y trabajando junto a nuestra gente\u201d, se\u00f1al\u00f3.<\/p>\n","protected":false},"author":1,"featured_media":25664,"comment_status":"closed","ping_status":"closed","sticky":false,"template":"","format":"standard","meta":{"footnotes":""},"categories":[243],"tags":[],"class_list":["post-25663","post","type-post","status-publish","format-standard","has-post-thumbnail","hentry","category-noticias-zamora"],"_links":{"self":[{"href":"https:\/\/www.elamazonico.com\/portal\/wp-json\/wp\/v2\/posts\/25663","targetHints":{"allow":["GET"]}}],"collection":[{"href":"https:\/\/www.elamazonico.com\/portal\/wp-json\/wp\/v2\/posts"}],"about":[{"href":"https:\/\/www.elamazonico.com\/portal\/wp-json\/wp\/v2\/types\/post"}],"author":[{"embeddable":true,"href":"https:\/\/www.elamazonico.com\/portal\/wp-json\/wp\/v2\/users\/1"}],"replies":[{"embeddable":true,"href":"https:\/\/www.elamazonico.com\/portal\/wp-json\/wp\/v2\/comments?post=25663"}],"version-history":[{"count":1,"href":"https:\/\/www.elamazonico.com\/portal\/wp-json\/wp\/v2\/posts\/25663\/revisions"}],"predecessor-version":[{"id":25665,"href":"https:\/\/www.elamazonico.com\/portal\/wp-json\/wp\/v2\/posts\/25663\/revisions\/25665"}],"wp:featuredmedia":[{"embeddable":true,"href":"https:\/\/www.elamazonico.com\/portal\/wp-json\/wp\/v2\/media\/25664"}],"wp:attachment":[{"href":"https:\/\/www.elamazonico.com\/portal\/wp-json\/wp\/v2\/media?parent=25663"}],"wp:term":[{"taxonomy":"category","embeddable":true,"href":"https:\/\/www.elamazonico.com\/portal\/wp-json\/wp\/v2\/categories?post=25663"},{"taxonomy":"post_tag","embeddable":true,"href":"https:\/\/www.elamazonico.com\/portal\/wp-json\/wp\/v2\/tags?post=25663"}],"curies":[{"name":"wp","href":"https:\/\/api.w.org\/{rel}","templated":true}]}}