{"id":25654,"date":"2025-08-18T15:20:23","date_gmt":"2025-08-18T20:20:23","guid":{"rendered":"https:\/\/www.elamazonico.com\/portal\/?p=25654"},"modified":"2025-08-18T15:20:23","modified_gmt":"2025-08-18T20:20:23","slug":"centros-educativos-de-sabanilla-seran-repotenciados-en-beneficio-de-la-ninez","status":"publish","type":"post","link":"https:\/\/www.elamazonico.com\/portal\/centros-educativos-de-sabanilla-seran-repotenciados-en-beneficio-de-la-ninez\/","title":{"rendered":"Centros educativos de Sabanilla ser\u00e1n repotenciados en beneficio de la ni\u00f1ez"},"content":{"rendered":"<p>El Gobierno Aut\u00f3nomo Descentralizado Parroquial de Sabanilla, cant\u00f3n Zamora, liderado por su presidenta Ang\u00e9lica Tocto, ha concretado la firma de un importante convenio con la Secretar\u00eda T\u00e9cnica de la Circunscripci\u00f3n Territorial Especial Amaz\u00f3nica (CTEA), orientado a fortalecer la infraestructura educativa de la parroquia.<\/p>\n<p>Gracias a este acuerdo, se ejecutar\u00e1 el Proyecto de Construcci\u00f3n y Repotenciaci\u00f3n de los Centros Educativos de la Parroquia Sabanilla, con el prop\u00f3sito de garantizar mejores condiciones de infraestructura para ni\u00f1os, ni\u00f1as y j\u00f3venes, generando espacios dignos y adecuados para el proceso de ense\u00f1anza-aprendizaje.<\/p>\n<p>La presidenta parroquial destac\u00f3 que este logro es el resultado del compromiso, la gesti\u00f3n y la visi\u00f3n de trabajar por el bienestar de la comunidad, reafirmando la importancia de la educaci\u00f3n como pilar fundamental para el desarrollo integral y sostenible del territorio.<\/p>\n","protected":false},"excerpt":{"rendered":"<p>El Gobierno Aut\u00f3nomo Descentralizado Parroquial de Sabanilla, cant\u00f3n Zamora, liderado por su presidenta Ang\u00e9lica Tocto, ha concretado la firma de un importante convenio con la Secretar\u00eda T\u00e9cnica de la Circunscripci\u00f3n Territorial Especial Amaz\u00f3nica (CTEA), orientado a fortalecer la infraestructura educativa de la parroquia. Gracias a este acuerdo, se ejecutar\u00e1 el Proyecto de Construcci\u00f3n y Repotenciaci\u00f3n de los Centros Educativos de la Parroquia Sabanilla, con el prop\u00f3sito de garantizar mejores condiciones de infraestructura para ni\u00f1os, ni\u00f1as y j\u00f3venes, generando espacios dignos y adecuados para el proceso de ense\u00f1anza-aprendizaje. La presidenta parroquial destac\u00f3 que este logro es el resultado del compromiso, la gesti\u00f3n y la visi\u00f3n de trabajar por el bienestar de la comunidad, reafirmando la importancia de la educaci\u00f3n como pilar fundamental para el desarrollo integral y sostenible del territorio.<\/p>\n","protected":false},"author":1,"featured_media":25655,"comment_status":"closed","ping_status":"closed","sticky":false,"template":"","format":"standard","meta":{"footnotes":""},"categories":[243],"tags":[],"class_list":["post-25654","post","type-post","status-publish","format-standard","has-post-thumbnail","hentry","category-noticias-zamora"],"_links":{"self":[{"href":"https:\/\/www.elamazonico.com\/portal\/wp-json\/wp\/v2\/posts\/25654","targetHints":{"allow":["GET"]}}],"collection":[{"href":"https:\/\/www.elamazonico.com\/portal\/wp-json\/wp\/v2\/posts"}],"about":[{"href":"https:\/\/www.elamazonico.com\/portal\/wp-json\/wp\/v2\/types\/post"}],"author":[{"embeddable":true,"href":"https:\/\/www.elamazonico.com\/portal\/wp-json\/wp\/v2\/users\/1"}],"replies":[{"embeddable":true,"href":"https:\/\/www.elamazonico.com\/portal\/wp-json\/wp\/v2\/comments?post=25654"}],"version-history":[{"count":1,"href":"https:\/\/www.elamazonico.com\/portal\/wp-json\/wp\/v2\/posts\/25654\/revisions"}],"predecessor-version":[{"id":25656,"href":"https:\/\/www.elamazonico.com\/portal\/wp-json\/wp\/v2\/posts\/25654\/revisions\/25656"}],"wp:featuredmedia":[{"embeddable":true,"href":"https:\/\/www.elamazonico.com\/portal\/wp-json\/wp\/v2\/media\/25655"}],"wp:attachment":[{"href":"https:\/\/www.elamazonico.com\/portal\/wp-json\/wp\/v2\/media?parent=25654"}],"wp:term":[{"taxonomy":"category","embeddable":true,"href":"https:\/\/www.elamazonico.com\/portal\/wp-json\/wp\/v2\/categories?post=25654"},{"taxonomy":"post_tag","embeddable":true,"href":"https:\/\/www.elamazonico.com\/portal\/wp-json\/wp\/v2\/tags?post=25654"}],"curies":[{"name":"wp","href":"https:\/\/api.w.org\/{rel}","templated":true}]}}