{"id":25648,"date":"2025-08-18T14:21:16","date_gmt":"2025-08-18T19:21:16","guid":{"rendered":"https:\/\/www.elamazonico.com\/portal\/?p=25648"},"modified":"2025-08-18T14:24:53","modified_gmt":"2025-08-18T19:24:53","slug":"lula-anuncio-la-firma-de-acuerdos-en-agricultura-e-inteligencia-artificial-con-ecuador-ante-la-visita-de-noboa","status":"publish","type":"post","link":"https:\/\/www.elamazonico.com\/portal\/lula-anuncio-la-firma-de-acuerdos-en-agricultura-e-inteligencia-artificial-con-ecuador-ante-la-visita-de-noboa\/","title":{"rendered":"Lula anunci\u00f3 la firma de acuerdos en agricultura e inteligencia artificial con Ecuador ante la visita de Noboa"},"content":{"rendered":"<p>En el inicio de sus visitas oficiales a varios pa\u00edses de Am\u00e9rica Latina, el presidente Daniel Noboa fue recibido por su hom\u00f3logo de Brasil, Luiz In\u00e1cio Lula da Silva, en Brasilia, este 18 de agosto de 2025.<\/p>\n<p>De acuerdo con los medios gubernamentales brasile\u00f1os, Noboa fue recibido por Lula en el Palacio de Planalto, sede del poder ejecutivo de ese pa\u00eds. Despu\u00e9s del encuentro en ese lugar, se trasladaron al Palacio de Itamaraty, la sede de la canciller\u00eda brasile\u00f1a, donde participaron de un almuerzo.<\/p>\n<p>En las c\u00e1maras tambi\u00e9n se observ\u00f3 a la canciller de Ecuador, Gabriela Sommerfeld, y al de Brasil, Mauri Vieira.<\/p>\n<p>\u00bfDe qu\u00e9 hablar\u00e1n Daniel Noboa y Lula en Brasil? Los aranceles de Trump entran en la agenda<br \/>\nFirma de acuerdos<br \/>\nA consideraci\u00f3n de Lula da Silva, las relaciones de Brasil con Ecuador tendr\u00e1n \u00abnuevos cap\u00edtulos\u00bb con la firma de tres acuerdos \u00aben el \u00e1rea de lucha contra el hambre y pobreza, agricultura, familia e inteligencia artificial\u00bb.<\/p>\n<p>Hasta el momento, ni las autoridades brasile\u00f1as o ecuatorianas han brindado detalles sobre la naturaleza individual de los tres acuerdos mencionados por Brasilia.<\/p>\n<p>Relaci\u00f3n comercial: la prioridad<br \/>\n\u00abLe he dicho al presidente Noboa que estamos dispuestos a trabajar por un comercio m\u00e1s equilibrado, reduciendo las barreras a los productos ecuatorianos\u00bb, coment\u00f3 el presidente brasile\u00f1o en una conferencia de prensa conjunta.<\/p>\n<p>\u00abVamos a comenzar por cumplir la decisi\u00f3n judicial que determin\u00f3 la reapertura del mercado brasile\u00f1o para el banano producido en Ecuador. Iniciaremos con la banana deshidratada\u00bb, a\u00f1adi\u00f3.<\/p>\n<p>Desde la Asociaci\u00f3n de Comercializadores de Banano del Ecuador explicaron a PRIMICIAS que, la restricci\u00f3n que tiene el banano ecuatoriano en Brasil es una de tipo fitosanitaria.<\/p>\n<p>En 2017, ya se hab\u00eda permitido el ingreso de este producto el mercado brasile\u00f1o, pero volvi\u00f3 a ser restringido en febrero de 2019. A consideraci\u00f3n de Ecuador, la restricci\u00f3n impuesta en ese a\u00f1o por Brasil no ten\u00eda justificaci\u00f3n.<\/p>\n<p>Adicionalmente, Lula da Silva coment\u00f3 que ambos gobiernos est\u00e1n \u00abatentos a la necesidad en la reanudaci\u00f3n de importaci\u00f3n de camarones\u00bb.<\/p>\n<p>A cambio, dijo el presidente brasile\u00f1o, \u00abestoy seguro que el Gobierno ecuatoriano estar\u00e1 atento a los productos de inter\u00e9s de Brasil, comenzado con la carne de cerdo\u00bb.<\/p>\n<p>Integraci\u00f3n vial y a\u00e9rea<br \/>\nLos mandatarios anunciaron que en 2026 se reanudar\u00e1n los vuelos directos entre Sao Paulo y Quito.<\/p>\n<p>En la ma\u00f1ana, la canciller\u00eda de Ecuador hab\u00eda informado de una reuni\u00f3n que mantuvo Daniel Noboa con directivos de la aerol\u00ednea brasile\u00f1a GOL Airlines, incluido el presidente y director ejecutivo de la firma, Celso Guimaraes Ferrer.<\/p>\n<p>Adem\u00e1s, Lula da Silva afirm\u00f3 que, como parte del programa de Rutas de Integraci\u00f3n Sudamericana, que impulsa Brasilia, los gobiernos conversar\u00e1n sobre carreteras y v\u00edas fluviales \u00abque contactar\u00e1n Manaos con el puerto ecuatoriano de Manta\u00bb, Noboa posteriormente a\u00f1adi\u00f3 que el puerto de Guayaquil tambi\u00e9n se beneficiar\u00e1 de esta integraci\u00f3n de rutas.<\/p>\n<p>\u00bfC\u00f3mo fue recibido Noboa por Lula?<br \/>\nDespu\u00e9s de hacer honor a los himnos nacionales de ambos pa\u00edses, los mandatarios ingresaron al Palacio de Planalto, en donde se estrecharon las manos para ser fotografiados.<\/p>\n<p>Tras el apret\u00f3n, Lula invit\u00f3 a Noboa a saludar a varios funcionarios del gobierno brasile\u00f1o as\u00ed como a empresarios de su pa\u00eds. Posteriormente, Noboa hizo lo mismo con miembros de su gabinete, entre los que estaba el Ministro del Interior, John Reimberg, y el de Producci\u00f3n, Luis Jaramillo.<\/p>\n<p>Daniel Noboa viajar\u00e1 acompa\u00f1ado de seis ministros y secretarios a Brasil, Uruguay y Argentina<br \/>\n\u00bfQu\u00e9 expectativa hab\u00edan en Brasilia?<br \/>\nPeriodistas del gubernamental Canal Gov comentaron, en la transmisi\u00f3n dedicada al recibimiento de Noboa, que se espera que por las reuniones surjan nuevos acuerdos bilaterales, a la vez que recalcaron el intercambio comercial entre ambas econom\u00edas sudamericanas.<\/p>\n<p>En las \u00faltimas semanas, el gobierno de Lula mantiene tensas relaciones con Estados Unidos despu\u00e9s que Donald Trump impuso aranceles del 50% a los productos brasile\u00f1os.<\/p>\n<p>Ante esto, el 13 de agosto el mandatario de Brasil anunci\u00f3 que buscar\u00e1 nuevos mercados para sustituir las exportaciones hacia Estados Unidos. <strong>Fuente: Primicias<\/strong><\/p>\n","protected":false},"excerpt":{"rendered":"<p>En el inicio de sus visitas oficiales a varios pa\u00edses de Am\u00e9rica Latina, el presidente Daniel Noboa fue recibido por su hom\u00f3logo de Brasil, Luiz In\u00e1cio Lula da Silva, en Brasilia, este 18 de agosto de 2025. De acuerdo con los medios gubernamentales brasile\u00f1os, Noboa fue recibido por Lula en el Palacio de Planalto, sede del poder ejecutivo de ese pa\u00eds. Despu\u00e9s del encuentro en ese lugar, se trasladaron al Palacio de Itamaraty, la sede de la canciller\u00eda brasile\u00f1a, donde participaron de un almuerzo. En las c\u00e1maras tambi\u00e9n se observ\u00f3 a la canciller de Ecuador, Gabriela Sommerfeld, y al de Brasil, Mauri Vieira. \u00bfDe qu\u00e9 hablar\u00e1n Daniel Noboa y Lula en Brasil? Los aranceles de Trump entran en la agenda Firma de acuerdos A consideraci\u00f3n de Lula da Silva, las relaciones de Brasil con Ecuador tendr\u00e1n \u00abnuevos cap\u00edtulos\u00bb con la firma de tres acuerdos \u00aben el \u00e1rea de lucha contra el hambre y pobreza, agricultura, familia e inteligencia artificial\u00bb. Hasta el momento, ni las autoridades brasile\u00f1as o ecuatorianas han brindado detalles sobre la naturaleza individual de los tres acuerdos mencionados por Brasilia. Relaci\u00f3n comercial: la prioridad \u00abLe he dicho al presidente Noboa que estamos dispuestos a trabajar por un comercio m\u00e1s equilibrado, reduciendo las barreras a los productos ecuatorianos\u00bb, coment\u00f3 el presidente brasile\u00f1o en una conferencia de prensa conjunta. \u00abVamos a comenzar por cumplir la decisi\u00f3n judicial que determin\u00f3 la reapertura del mercado brasile\u00f1o para el banano producido en Ecuador. Iniciaremos con la banana deshidratada\u00bb, a\u00f1adi\u00f3. Desde la Asociaci\u00f3n de Comercializadores de Banano del Ecuador explicaron a PRIMICIAS que, la restricci\u00f3n que tiene el banano ecuatoriano en Brasil es una de tipo fitosanitaria. En 2017, ya se hab\u00eda permitido el ingreso de este producto el mercado brasile\u00f1o, pero volvi\u00f3 a ser restringido en febrero de 2019. A consideraci\u00f3n de Ecuador, la restricci\u00f3n impuesta en ese a\u00f1o por Brasil no ten\u00eda justificaci\u00f3n. Adicionalmente, Lula da Silva coment\u00f3 que ambos gobiernos est\u00e1n \u00abatentos a la necesidad en la reanudaci\u00f3n de importaci\u00f3n de camarones\u00bb. A cambio, dijo el presidente brasile\u00f1o, \u00abestoy seguro que el Gobierno ecuatoriano estar\u00e1 atento a los productos de inter\u00e9s de Brasil, comenzado con la carne de cerdo\u00bb. Integraci\u00f3n vial y a\u00e9rea Los mandatarios anunciaron que en 2026 se reanudar\u00e1n los vuelos directos entre Sao Paulo y Quito. En la ma\u00f1ana, la canciller\u00eda de Ecuador hab\u00eda informado de una reuni\u00f3n que mantuvo Daniel Noboa con directivos de la aerol\u00ednea brasile\u00f1a GOL Airlines, incluido el presidente y director ejecutivo de la firma, Celso Guimaraes Ferrer. Adem\u00e1s, Lula da Silva afirm\u00f3 que, como parte del programa de Rutas de Integraci\u00f3n Sudamericana, que impulsa Brasilia, los gobiernos conversar\u00e1n sobre carreteras y v\u00edas fluviales \u00abque contactar\u00e1n Manaos con el puerto ecuatoriano de Manta\u00bb, Noboa posteriormente a\u00f1adi\u00f3 que el puerto de Guayaquil tambi\u00e9n se beneficiar\u00e1 de esta integraci\u00f3n de rutas. \u00bfC\u00f3mo fue recibido Noboa por Lula? Despu\u00e9s de hacer honor a los himnos nacionales de ambos pa\u00edses, los mandatarios ingresaron al Palacio de Planalto, en donde se estrecharon las manos para ser fotografiados. Tras el apret\u00f3n, Lula invit\u00f3 a Noboa a saludar a varios funcionarios del gobierno brasile\u00f1o as\u00ed como a empresarios de su pa\u00eds. Posteriormente, Noboa hizo lo mismo con miembros de su gabinete, entre los que estaba el Ministro del Interior, John Reimberg, y el de Producci\u00f3n, Luis Jaramillo. Daniel Noboa viajar\u00e1 acompa\u00f1ado de seis ministros y secretarios a Brasil, Uruguay y Argentina \u00bfQu\u00e9 expectativa hab\u00edan en Brasilia? Periodistas del gubernamental Canal Gov comentaron, en la transmisi\u00f3n dedicada al recibimiento de Noboa, que se espera que por las reuniones surjan nuevos acuerdos bilaterales, a la vez que recalcaron el intercambio comercial entre ambas econom\u00edas sudamericanas. En las \u00faltimas semanas, el gobierno de Lula mantiene tensas relaciones con Estados Unidos despu\u00e9s que Donald Trump impuso aranceles del 50% a los productos brasile\u00f1os. Ante esto, el 13 de agosto el mandatario de Brasil anunci\u00f3 que buscar\u00e1 nuevos mercados para sustituir las exportaciones hacia Estados Unidos. Fuente: Primicias<\/p>\n","protected":false},"author":1,"featured_media":25649,"comment_status":"closed","ping_status":"closed","sticky":false,"template":"","format":"standard","meta":{"footnotes":""},"categories":[5,268],"tags":[],"class_list":["post-25648","post","type-post","status-publish","format-standard","has-post-thumbnail","hentry","category-internacionales","category-nacionales"],"_links":{"self":[{"href":"https:\/\/www.elamazonico.com\/portal\/wp-json\/wp\/v2\/posts\/25648","targetHints":{"allow":["GET"]}}],"collection":[{"href":"https:\/\/www.elamazonico.com\/portal\/wp-json\/wp\/v2\/posts"}],"about":[{"href":"https:\/\/www.elamazonico.com\/portal\/wp-json\/wp\/v2\/types\/post"}],"author":[{"embeddable":true,"href":"https:\/\/www.elamazonico.com\/portal\/wp-json\/wp\/v2\/users\/1"}],"replies":[{"embeddable":true,"href":"https:\/\/www.elamazonico.com\/portal\/wp-json\/wp\/v2\/comments?post=25648"}],"version-history":[{"count":1,"href":"https:\/\/www.elamazonico.com\/portal\/wp-json\/wp\/v2\/posts\/25648\/revisions"}],"predecessor-version":[{"id":25650,"href":"https:\/\/www.elamazonico.com\/portal\/wp-json\/wp\/v2\/posts\/25648\/revisions\/25650"}],"wp:featuredmedia":[{"embeddable":true,"href":"https:\/\/www.elamazonico.com\/portal\/wp-json\/wp\/v2\/media\/25649"}],"wp:attachment":[{"href":"https:\/\/www.elamazonico.com\/portal\/wp-json\/wp\/v2\/media?parent=25648"}],"wp:term":[{"taxonomy":"category","embeddable":true,"href":"https:\/\/www.elamazonico.com\/portal\/wp-json\/wp\/v2\/categories?post=25648"},{"taxonomy":"post_tag","embeddable":true,"href":"https:\/\/www.elamazonico.com\/portal\/wp-json\/wp\/v2\/tags?post=25648"}],"curies":[{"name":"wp","href":"https:\/\/api.w.org\/{rel}","templated":true}]}}