{"id":25638,"date":"2025-08-18T07:36:45","date_gmt":"2025-08-18T12:36:45","guid":{"rendered":"https:\/\/www.elamazonico.com\/portal\/?p=25638"},"modified":"2025-08-18T07:36:45","modified_gmt":"2025-08-18T12:36:45","slug":"jhamilton-martinez-fue-reelecto-con-84-votos-a-presidir-la-casa-de-la-cultura-de-zamora-ch","status":"publish","type":"post","link":"https:\/\/www.elamazonico.com\/portal\/jhamilton-martinez-fue-reelecto-con-84-votos-a-presidir-la-casa-de-la-cultura-de-zamora-ch\/","title":{"rendered":"Jhamilton Mart\u00ednez fue reelecto con 84 votos a presidir la Casa de la Cultura de Zamora Ch."},"content":{"rendered":"<p data-start=\"249\" data-end=\"602\">El pasado s\u00e1bado 16 de agosto de 2025 se vivi\u00f3 una jornada significativa para la vida cultural de Zamora Chinchipe. La Casa de la Cultura Ecuatoriana \u201cBenjam\u00edn Carri\u00f3n\u201d \u2013 N\u00facleo Provincial, realiz\u00f3 el proceso electoral para designar a su nuevo Directorio, un ejercicio democr\u00e1tico que reafirma la importancia de la institucionalidad cultural en la provincia.<\/p>\n<p data-start=\"604\" data-end=\"903\">La jornada concluy\u00f3 a las 17h00, momento en que la Junta Receptora del Voto instal\u00f3 una sesi\u00f3n p\u00fablica y permanente para efectuar el escrutinio. Posteriormente, los resultados fueron entregados a la Comisi\u00f3n Electoral Provincial, consolidando as\u00ed un proceso transparente y abierto a la ciudadan\u00eda.<\/p>\n<h3 data-start=\"905\" data-end=\"935\"><strong data-start=\"909\" data-end=\"933\">Resultados oficiales<\/strong><\/h3>\n<p data-start=\"936\" data-end=\"1316\">Los datos finales proclamaron como ganador al movimiento <strong data-start=\"993\" data-end=\"1010\">Cultura Unida<\/strong>, encabezado por <strong data-start=\"1027\" data-end=\"1056\">Jhamilton Mart\u00ednez Romero<\/strong>, quien obtuvo <strong data-start=\"1071\" data-end=\"1083\">84 votos<\/strong>. En segundo lugar se ubic\u00f3 <strong data-start=\"1111\" data-end=\"1125\">Jimmy Tene<\/strong>, candidato de la lista <strong data-start=\"1149\" data-end=\"1167\">Cultura Activa<\/strong>, con <strong data-start=\"1173\" data-end=\"1185\">36 votos<\/strong>; mientras que el tercer lugar correspondi\u00f3 a <strong data-start=\"1231\" data-end=\"1256\">Armando Romero Torres<\/strong>, representante de <strong data-start=\"1275\" data-end=\"1295\">Renacer Cultural<\/strong>, con <strong data-start=\"1301\" data-end=\"1313\">31 votos<\/strong>.<\/p>\n<p data-start=\"1318\" data-end=\"1673\">M\u00e1s all\u00e1 de la cifra, lo trascendente del proceso radica en la participaci\u00f3n activa de gestores, artistas y promotores culturales, quienes ratificaron que la construcci\u00f3n de la identidad provincial se fundamenta en el di\u00e1logo democr\u00e1tico y en la capacidad de organizarse en torno a un mismo objetivo: fortalecer el arte y la cultura en Zamora Chinchipe.<\/p>\n<p data-start=\"1708\" data-end=\"2228\">El N\u00facleo de Zamora Chinchipe de la Casa de la Cultura fue creado el <strong data-start=\"1777\" data-end=\"1804\">7 de septiembre de 1981<\/strong>. Desde entonces, destacados gestores como <strong data-start=\"1847\" data-end=\"1915\">Alonso Salcedo, V\u00edctor Rodr\u00edguez, Floro Regalado y Leonel Feij\u00f3o<\/strong> han presidido la instituci\u00f3n, dejando un legado de compromiso con la creaci\u00f3n, difusi\u00f3n y preservaci\u00f3n de la identidad cultural. Esta trayectoria hist\u00f3rica da cuenta de una instituci\u00f3n que, m\u00e1s all\u00e1 de sus limitaciones, ha sostenido un espacio de encuentro y promoci\u00f3n para diversas manifestaciones art\u00edsticas.<\/p>\n","protected":false},"excerpt":{"rendered":"<p>El pasado s\u00e1bado 16 de agosto de 2025 se vivi\u00f3 una jornada significativa para la vida cultural de Zamora Chinchipe. La Casa de la Cultura Ecuatoriana \u201cBenjam\u00edn Carri\u00f3n\u201d \u2013 N\u00facleo Provincial, realiz\u00f3 el proceso electoral para designar a su nuevo Directorio, un ejercicio democr\u00e1tico que reafirma la importancia de la institucionalidad cultural en la provincia. La jornada concluy\u00f3 a las 17h00, momento en que la Junta Receptora del Voto instal\u00f3 una sesi\u00f3n p\u00fablica y permanente para efectuar el escrutinio. Posteriormente, los resultados fueron entregados a la Comisi\u00f3n Electoral Provincial, consolidando as\u00ed un proceso transparente y abierto a la ciudadan\u00eda. Resultados oficiales Los datos finales proclamaron como ganador al movimiento Cultura Unida, encabezado por Jhamilton Mart\u00ednez Romero, quien obtuvo 84 votos. En segundo lugar se ubic\u00f3 Jimmy Tene, candidato de la lista Cultura Activa, con 36 votos; mientras que el tercer lugar correspondi\u00f3 a Armando Romero Torres, representante de Renacer Cultural, con 31 votos. M\u00e1s all\u00e1 de la cifra, lo trascendente del proceso radica en la participaci\u00f3n activa de gestores, artistas y promotores culturales, quienes ratificaron que la construcci\u00f3n de la identidad provincial se fundamenta en el di\u00e1logo democr\u00e1tico y en la capacidad de organizarse en torno a un mismo objetivo: fortalecer el arte y la cultura en Zamora Chinchipe. El N\u00facleo de Zamora Chinchipe de la Casa de la Cultura fue creado el 7 de septiembre de 1981. Desde entonces, destacados gestores como Alonso Salcedo, V\u00edctor Rodr\u00edguez, Floro Regalado y Leonel Feij\u00f3o han presidido la instituci\u00f3n, dejando un legado de compromiso con la creaci\u00f3n, difusi\u00f3n y preservaci\u00f3n de la identidad cultural. Esta trayectoria hist\u00f3rica da cuenta de una instituci\u00f3n que, m\u00e1s all\u00e1 de sus limitaciones, ha sostenido un espacio de encuentro y promoci\u00f3n para diversas manifestaciones art\u00edsticas.<\/p>\n","protected":false},"author":1,"featured_media":25639,"comment_status":"closed","ping_status":"closed","sticky":false,"template":"","format":"standard","meta":{"footnotes":""},"categories":[243],"tags":[],"class_list":["post-25638","post","type-post","status-publish","format-standard","has-post-thumbnail","hentry","category-noticias-zamora"],"_links":{"self":[{"href":"https:\/\/www.elamazonico.com\/portal\/wp-json\/wp\/v2\/posts\/25638","targetHints":{"allow":["GET"]}}],"collection":[{"href":"https:\/\/www.elamazonico.com\/portal\/wp-json\/wp\/v2\/posts"}],"about":[{"href":"https:\/\/www.elamazonico.com\/portal\/wp-json\/wp\/v2\/types\/post"}],"author":[{"embeddable":true,"href":"https:\/\/www.elamazonico.com\/portal\/wp-json\/wp\/v2\/users\/1"}],"replies":[{"embeddable":true,"href":"https:\/\/www.elamazonico.com\/portal\/wp-json\/wp\/v2\/comments?post=25638"}],"version-history":[{"count":1,"href":"https:\/\/www.elamazonico.com\/portal\/wp-json\/wp\/v2\/posts\/25638\/revisions"}],"predecessor-version":[{"id":25640,"href":"https:\/\/www.elamazonico.com\/portal\/wp-json\/wp\/v2\/posts\/25638\/revisions\/25640"}],"wp:featuredmedia":[{"embeddable":true,"href":"https:\/\/www.elamazonico.com\/portal\/wp-json\/wp\/v2\/media\/25639"}],"wp:attachment":[{"href":"https:\/\/www.elamazonico.com\/portal\/wp-json\/wp\/v2\/media?parent=25638"}],"wp:term":[{"taxonomy":"category","embeddable":true,"href":"https:\/\/www.elamazonico.com\/portal\/wp-json\/wp\/v2\/categories?post=25638"},{"taxonomy":"post_tag","embeddable":true,"href":"https:\/\/www.elamazonico.com\/portal\/wp-json\/wp\/v2\/tags?post=25638"}],"curies":[{"name":"wp","href":"https:\/\/api.w.org\/{rel}","templated":true}]}}