{"id":25628,"date":"2025-08-17T09:28:13","date_gmt":"2025-08-17T14:28:13","guid":{"rendered":"https:\/\/www.elamazonico.com\/portal\/?p=25628"},"modified":"2025-08-17T09:28:13","modified_gmt":"2025-08-17T14:28:13","slug":"el-presidente-daniel-noboa-inicia-una-gira-por-brasil-uruguay-argentina-y-japon-esta-es-la-agenda-de-actividades","status":"publish","type":"post","link":"https:\/\/www.elamazonico.com\/portal\/el-presidente-daniel-noboa-inicia-una-gira-por-brasil-uruguay-argentina-y-japon-esta-es-la-agenda-de-actividades\/","title":{"rendered":"El presidente Daniel Noboa inicia una gira por Brasil, Uruguay, Argentina y Jap\u00f3n: esta es la agenda de actividades"},"content":{"rendered":"<div class=\"paragraph texto\">\n<p class=\"p_0\">El presidente de Ecuador,\u00a0<b><a href=\"https:\/\/www.vistazo.com\/politica\/nacional\/2025-08-15-fusion-ministerios-daniel-noboa-cambio-carteras-estado-ML9937178\">Daniel Noboa<\/a><\/b>, iniciar\u00e1 este domingo una\u00a0<b>nueva gira internacional<\/b>, que comenzar\u00e1 en Brasil y lo llevar\u00e1 luego a Uruguay, Argentina y Jap\u00f3n, y en la que estar\u00e1 acompa\u00f1ado de varios funcionarios, entre ellos su ministra de Relaciones Exteriores, Gabriela Sommerfeld.<\/p>\n<p class=\"p_1\">El decreto ejecutivo relativo al desplazamiento detalla que la gira se realizar\u00e1 entre el<b>\u00a017 y el 22 de agosto<\/b>.<\/p>\n<p class=\"p_2\"><b>Revise:\u00a0<a href=\"https:\/\/www.vistazo.com\/actualidad\/nacional\/2025-08-14-daniel-noboa-cartel-de-los-soles-grupo-terrorista-nicolas-maduro-YK9936221\">Daniel Noboa declara como grupo terrorista al Cartel de los Soles, que opera desde Venezuela<\/a><\/b><\/p>\n<p class=\"p_3\">La portavoz del Gobierno, Carolina Jaramillo, ya hab\u00eda avanzado que, el 18 de agosto, Noboa se reunir\u00e1 con su hom\u00f3logo brasile\u00f1o,\u00a0<b>Luiz In\u00e1cio Lula da Silva<\/b>, con quien busca darle un nuevo impulso a la relaci\u00f3n bilateral en material de cooperaci\u00f3n, educaci\u00f3n, inversiones y comercio.<\/p>\n<div class=\"Center2Display\">\n<div id=\"Center2\"><\/div>\n<\/div>\n<p class=\"p_4\">En Brasil, Noboa se reunir\u00e1 tambi\u00e9n con el presidente de la C\u00e1mara de Diputados,\u00a0<b>Hugo Motta<\/b>.<\/p>\n<p class=\"p_5\">Seg\u00fan la agenda oficial, el 19 de agosto, el mandatario ecuatoriano visitar\u00e1\u00a0<b>Uruguay<\/b>, pa\u00eds con el que pretende diversificar y ampliar el intercambio comercial. Noboa, que ser\u00e1 recibido por par uruguayo,\u00a0<b>Yamand\u00fa Orsi<\/b>, buscar\u00e1 atraer inversi\u00f3n sobre todo en las \u00e1reas de servicios, inteligencia artificial, sector inmrobiliario y puertos.<\/p>\n<p class=\"p_6\">En la naci\u00f3n austral tambi\u00e9n tendr\u00e1 una reuni\u00f3n con la Asociaci\u00f3n Latinoamericana de Integraci\u00f3n (<u><b>Aladi<\/b><\/u>), y un evento empresarial en el que participar\u00e1n alrededor de cien empresarios, entre otras actividades.<\/p>\n<p class=\"p_7\">Noboa llegar\u00e1 a\u00a0<b>Argentina<\/b>\u00a0el 20 de agosto para fortalecer la cooperaci\u00f3n bilateral en sectores estrat\u00e9gicos como seguridad, comercio, miner\u00eda, energ\u00eda renovable y biotecnolog\u00eda. Se reunir\u00e1 con el presidente argentino,\u00a0<b>Javier Milei<\/b>, y tendr\u00e1 encuentros con la C\u00e1mara de Diputados, con la comunidad de estudiantes y con empresarios, entre otros compromisos.<\/p>\n<p class=\"p_8\"><b>Revise:\u00a0<a href=\"https:\/\/www.vistazo.com\/politica\/nacional\/2025-08-15-fusion-ministerios-daniel-noboa-cambio-carteras-estado-ML9937178\">As\u00ed ser\u00e1 la fusi\u00f3n de ministerios dispuesta por Daniel Noboa y el cambio de nombres en las Carteras de Estado<\/a><\/b><\/p>\n<\/div>\n<div class=\"multimediaMacroWrapper img lateral\">\n<figure class=\"contentMedia art-img\">\n<div><img fetchpriority=\"high\" decoding=\"async\" class=\" lazyloaded\" title=\"Daniel Noboa inicia gira internacional.\" src=\"https:\/\/www.vistazo.com\/placeholder\/svg\/viewbox\/768x432\" sizes=\"100vw\" srcset=\"\/\/www.vistazo.com\/binrepository\/768x432\/0c0\/0d0\/none\/12727\/YMBN\/54718778253-e1cab90ac0-c-2359684-2025_2362614_20250817080652.jpg 768w,\/\/www.vistazo.com\/binrepository\/640x360\/0c0\/0d0\/none\/12727\/YMBG\/54718778253-e1cab90ac0-c-2359684-2025_2362614_20250817080652.jpg 640w,\/\/www.vistazo.com\/binrepository\/512x288\/0c0\/0d0\/none\/12727\/YMBF\/54718778253-e1cab90ac0-c-2359684-2025_2362614_20250817080652.jpg 512w,\/\/www.vistazo.com\/binrepository\/384x216\/0c0\/0d0\/none\/12727\/YMBL\/54718778253-e1cab90ac0-c-2359684-2025_2362614_20250817080652.jpg 384w,\/\/www.vistazo.com\/binrepository\/300x169\/0c0\/0d0\/none\/12727\/YMBM\/54718778253-e1cab90ac0-c-2359684-2025_2362614_20250817080652.jpg 300w\" alt=\"$!Daniel Noboa inicia gira internacional.\" width=\"768\" height=\"432\" data-srcset=\"\/\/www.vistazo.com\/binrepository\/768x432\/0c0\/0d0\/none\/12727\/YMBN\/54718778253-e1cab90ac0-c-2359684-2025_2362614_20250817080652.jpg 768w,\/\/www.vistazo.com\/binrepository\/640x360\/0c0\/0d0\/none\/12727\/YMBG\/54718778253-e1cab90ac0-c-2359684-2025_2362614_20250817080652.jpg 640w,\/\/www.vistazo.com\/binrepository\/512x288\/0c0\/0d0\/none\/12727\/YMBF\/54718778253-e1cab90ac0-c-2359684-2025_2362614_20250817080652.jpg 512w,\/\/www.vistazo.com\/binrepository\/384x216\/0c0\/0d0\/none\/12727\/YMBL\/54718778253-e1cab90ac0-c-2359684-2025_2362614_20250817080652.jpg 384w,\/\/www.vistazo.com\/binrepository\/300x169\/0c0\/0d0\/none\/12727\/YMBM\/54718778253-e1cab90ac0-c-2359684-2025_2362614_20250817080652.jpg 300w\" \/><\/div>\n<div class=\"cutline-byline\"><span class=\"cutline-text\">Daniel Noboa inicia gira internacional.\u00a0<\/span><span class=\"byline-image\">(Foto: Presidencia )<\/span><\/div>\n<\/figure>\n<\/div>\n<h2 class=\"h2vistazo\">VIAJE A JAP\u00d3N<\/h2>\n<div class=\"paragraph texto\">\n<p class=\"p_9\">Seg\u00fan Jaramillo, del 24 al 30 de agosto, Noboa visitar\u00e1\u00a0<b><a href=\"https:\/\/www.vistazo.com\/politica\/internacional\/2025-07-30-ecuador-japon-agosto-proceso-tratado-de-libre-comercio-CN9852235\">Jap\u00f3n<\/a><\/b>, donde se reunir\u00e1 con el primer ministro,\u00a0<b>Ishiba Shigeru<\/b>, \u00ablo que representa una oportunidad estrat\u00e9gica para consolidar y fortalecer las relaciones diplom\u00e1ticas entre ambos pa\u00edses\u00bb.<\/p>\n<p class=\"p_10\">\u00abJap\u00f3n es un socio clave para el Ecuador en Asia y este tipo de encuentros al m\u00e1s de alto nivel constituyen una manifestaci\u00f3n clave de voluntad pol\u00edtica para profundizar el di\u00e1logo bilateral y avanzar hacia una cooperaci\u00f3n m\u00e1s estructurada y diversificada\u00bb, explic\u00f3 la vocera esta semana.<\/p>\n<p class=\"p_11\">En la visita se prev\u00e9 firmar el\u00a0<u><b>memor\u00e1ndum de entendimiento\u00a0<\/b><\/u>entre la organizaci\u00f3n de Comercio Exterior de Jap\u00f3n (Jetro, por sus siglas en ingl\u00e9s) y Pro Ecuador, con Noboa como testigo de honor, avanz\u00f3 Jaramillo al anotar que esta agenda permitir\u00e1 abordar de manera directa la profundizaci\u00f3n de los v\u00ednculos econ\u00f3micos y comerciales entre ambos pa\u00edses.<\/p>\n<p class=\"p_12\"><b>Revise:\u00a0<a href=\"https:\/\/www.vistazo.com\/actualidad\/internacional\/2025-08-16-joven-atacado-arrastrado-oso-mientras-senderismo-japon-DG9945432\">Joven fue atacado y arrastrado por un oso mientras hac\u00eda senderismo en Jap\u00f3n<\/a><\/b><\/p>\n<p class=\"p_13\">Jap\u00f3n es una de las principales econom\u00edas del mundo y un inversionista relevante en Am\u00e9rica Latina, dijo Jaramillo al agregar que fomentar la atracci\u00f3n de inversiones extranjeras directas japonesas en sectores como energ\u00eda renovable, agroindustria, pesca, tecnolog\u00eda e infraestructura\u00a0<b>\u00abes prioritario\u00bb<\/b>\u00a0para el desarrollo sostenible de Ecuador.<\/p>\n<p class=\"p_14\">Antes de asumir el nuevo mandato, el pasado 24 de mayo, para el que fue reelegido el pasado 13 de abril,\u00a0<u><b>Noboa realiz\u00f3 una gira internacional de quince d\u00edas en la que visit\u00f3 seis pa\u00edses<\/b><\/u>, entre ellos El Vaticano (para el funeral del papa Francisco), Espa\u00f1a, Emiratos \u00c1rabes Unidos, Israel, Reino Unido y Francia.<\/p>\n<p class=\"p_15\">En junio pasado, Noboa viaj\u00f3 a China, Espa\u00f1a e Italia.<\/p>\n<p class=\"p_16\">Entre los resultados de las giras,\u00a0<u><b>Ecuador recibir\u00e1 inversiones por mil millones de d\u00f3lares hasta finales de 2026<\/b><\/u>, provenientes de Espa\u00f1a y China para el sector de energ\u00eda.<\/p>\n<p class=\"p_17\">En la visita a Espa\u00f1a se concret\u00f3 la\u00a0<u><b>inversi\u00f3n de 600 millones de d\u00f3lares por parte del Grupo Cox Energy<\/b><\/u>, una empresa espa\u00f1ola de energ\u00edas renovables, solar y fotovoltaica que desarrolla actividades de generaci\u00f3n, comercializaci\u00f3n de electricidad en Espa\u00f1a y M\u00e9xico, as\u00ed como para la operaci\u00f3n y el mantenimiento de plantas de energ\u00eda renovables, entre otros.<\/p>\n<p class=\"p_18\">Cox Energy -a trav\u00e9s de su filial Cox Ecuador, con la que se firm\u00f3 una carta de entendimiento- invertir\u00e1 en el pa\u00eds andino en\u00a0<u><b>cinco proyectos y una l\u00ednea de transmisi\u00f3n de 80 kil\u00f3metros<\/b><\/u>.<\/p>\n<p class=\"p_19\">Por otra parte, la firma\u00a0<u><b>Power China invertir\u00e1 400 millones de d\u00f3lares<\/b><\/u>, que llegar\u00e1n al pa\u00eds para proyectos de energ\u00eda renovable y almacenamiento.<\/p>\n<\/div>\n","protected":false},"excerpt":{"rendered":"<p>El presidente de Ecuador,\u00a0Daniel Noboa, iniciar\u00e1 este domingo una\u00a0nueva gira internacional, que comenzar\u00e1 en Brasil y lo llevar\u00e1 luego a Uruguay, Argentina y Jap\u00f3n, y en la que estar\u00e1 acompa\u00f1ado de varios funcionarios, entre ellos su ministra de Relaciones Exteriores, Gabriela Sommerfeld. El decreto ejecutivo relativo al desplazamiento detalla que la gira se realizar\u00e1 entre el\u00a017 y el 22 de agosto. Revise:\u00a0Daniel Noboa declara como grupo terrorista al Cartel de los Soles, que opera desde Venezuela La portavoz del Gobierno, Carolina Jaramillo, ya hab\u00eda avanzado que, el 18 de agosto, Noboa se reunir\u00e1 con su hom\u00f3logo brasile\u00f1o,\u00a0Luiz In\u00e1cio Lula da Silva, con quien busca darle un nuevo impulso a la relaci\u00f3n bilateral en material de cooperaci\u00f3n, educaci\u00f3n, inversiones y comercio. En Brasil, Noboa se reunir\u00e1 tambi\u00e9n con el presidente de la C\u00e1mara de Diputados,\u00a0Hugo Motta. Seg\u00fan la agenda oficial, el 19 de agosto, el mandatario ecuatoriano visitar\u00e1\u00a0Uruguay, pa\u00eds con el que pretende diversificar y ampliar el intercambio comercial. Noboa, que ser\u00e1 recibido por par uruguayo,\u00a0Yamand\u00fa Orsi, buscar\u00e1 atraer inversi\u00f3n sobre todo en las \u00e1reas de servicios, inteligencia artificial, sector inmrobiliario y puertos. En la naci\u00f3n austral tambi\u00e9n tendr\u00e1 una reuni\u00f3n con la Asociaci\u00f3n Latinoamericana de Integraci\u00f3n (Aladi), y un evento empresarial en el que participar\u00e1n alrededor de cien empresarios, entre otras actividades. Noboa llegar\u00e1 a\u00a0Argentina\u00a0el 20 de agosto para fortalecer la cooperaci\u00f3n bilateral en sectores estrat\u00e9gicos como seguridad, comercio, miner\u00eda, energ\u00eda renovable y biotecnolog\u00eda. Se reunir\u00e1 con el presidente argentino,\u00a0Javier Milei, y tendr\u00e1 encuentros con la C\u00e1mara de Diputados, con la comunidad de estudiantes y con empresarios, entre otros compromisos. Revise:\u00a0As\u00ed ser\u00e1 la fusi\u00f3n de ministerios dispuesta por Daniel Noboa y el cambio de nombres en las Carteras de Estado Daniel Noboa inicia gira internacional.\u00a0(Foto: Presidencia ) VIAJE A JAP\u00d3N Seg\u00fan Jaramillo, del 24 al 30 de agosto, Noboa visitar\u00e1\u00a0Jap\u00f3n, donde se reunir\u00e1 con el primer ministro,\u00a0Ishiba Shigeru, \u00ablo que representa una oportunidad estrat\u00e9gica para consolidar y fortalecer las relaciones diplom\u00e1ticas entre ambos pa\u00edses\u00bb. \u00abJap\u00f3n es un socio clave para el Ecuador en Asia y este tipo de encuentros al m\u00e1s de alto nivel constituyen una manifestaci\u00f3n clave de voluntad pol\u00edtica para profundizar el di\u00e1logo bilateral y avanzar hacia una cooperaci\u00f3n m\u00e1s estructurada y diversificada\u00bb, explic\u00f3 la vocera esta semana. En la visita se prev\u00e9 firmar el\u00a0memor\u00e1ndum de entendimiento\u00a0entre la organizaci\u00f3n de Comercio Exterior de Jap\u00f3n (Jetro, por sus siglas en ingl\u00e9s) y Pro Ecuador, con Noboa como testigo de honor, avanz\u00f3 Jaramillo al anotar que esta agenda permitir\u00e1 abordar de manera directa la profundizaci\u00f3n de los v\u00ednculos econ\u00f3micos y comerciales entre ambos pa\u00edses. Revise:\u00a0Joven fue atacado y arrastrado por un oso mientras hac\u00eda senderismo en Jap\u00f3n Jap\u00f3n es una de las principales econom\u00edas del mundo y un inversionista relevante en Am\u00e9rica Latina, dijo Jaramillo al agregar que fomentar la atracci\u00f3n de inversiones extranjeras directas japonesas en sectores como energ\u00eda renovable, agroindustria, pesca, tecnolog\u00eda e infraestructura\u00a0\u00abes prioritario\u00bb\u00a0para el desarrollo sostenible de Ecuador. Antes de asumir el nuevo mandato, el pasado 24 de mayo, para el que fue reelegido el pasado 13 de abril,\u00a0Noboa realiz\u00f3 una gira internacional de quince d\u00edas en la que visit\u00f3 seis pa\u00edses, entre ellos El Vaticano (para el funeral del papa Francisco), Espa\u00f1a, Emiratos \u00c1rabes Unidos, Israel, Reino Unido y Francia. En junio pasado, Noboa viaj\u00f3 a China, Espa\u00f1a e Italia. Entre los resultados de las giras,\u00a0Ecuador recibir\u00e1 inversiones por mil millones de d\u00f3lares hasta finales de 2026, provenientes de Espa\u00f1a y China para el sector de energ\u00eda. En la visita a Espa\u00f1a se concret\u00f3 la\u00a0inversi\u00f3n de 600 millones de d\u00f3lares por parte del Grupo Cox Energy, una empresa espa\u00f1ola de energ\u00edas renovables, solar y fotovoltaica que desarrolla actividades de generaci\u00f3n, comercializaci\u00f3n de electricidad en Espa\u00f1a y M\u00e9xico, as\u00ed como para la operaci\u00f3n y el mantenimiento de plantas de energ\u00eda renovables, entre otros. Cox Energy -a trav\u00e9s de su filial Cox Ecuador, con la que se firm\u00f3 una carta de entendimiento- invertir\u00e1 en el pa\u00eds andino en\u00a0cinco proyectos y una l\u00ednea de transmisi\u00f3n de 80 kil\u00f3metros. Por otra parte, la firma\u00a0Power China invertir\u00e1 400 millones de d\u00f3lares, que llegar\u00e1n al pa\u00eds para proyectos de energ\u00eda renovable y almacenamiento.<\/p>\n","protected":false},"author":1,"featured_media":25629,"comment_status":"closed","ping_status":"closed","sticky":false,"template":"","format":"standard","meta":{"footnotes":""},"categories":[268],"tags":[],"class_list":["post-25628","post","type-post","status-publish","format-standard","has-post-thumbnail","hentry","category-nacionales"],"_links":{"self":[{"href":"https:\/\/www.elamazonico.com\/portal\/wp-json\/wp\/v2\/posts\/25628","targetHints":{"allow":["GET"]}}],"collection":[{"href":"https:\/\/www.elamazonico.com\/portal\/wp-json\/wp\/v2\/posts"}],"about":[{"href":"https:\/\/www.elamazonico.com\/portal\/wp-json\/wp\/v2\/types\/post"}],"author":[{"embeddable":true,"href":"https:\/\/www.elamazonico.com\/portal\/wp-json\/wp\/v2\/users\/1"}],"replies":[{"embeddable":true,"href":"https:\/\/www.elamazonico.com\/portal\/wp-json\/wp\/v2\/comments?post=25628"}],"version-history":[{"count":1,"href":"https:\/\/www.elamazonico.com\/portal\/wp-json\/wp\/v2\/posts\/25628\/revisions"}],"predecessor-version":[{"id":25630,"href":"https:\/\/www.elamazonico.com\/portal\/wp-json\/wp\/v2\/posts\/25628\/revisions\/25630"}],"wp:featuredmedia":[{"embeddable":true,"href":"https:\/\/www.elamazonico.com\/portal\/wp-json\/wp\/v2\/media\/25629"}],"wp:attachment":[{"href":"https:\/\/www.elamazonico.com\/portal\/wp-json\/wp\/v2\/media?parent=25628"}],"wp:term":[{"taxonomy":"category","embeddable":true,"href":"https:\/\/www.elamazonico.com\/portal\/wp-json\/wp\/v2\/categories?post=25628"},{"taxonomy":"post_tag","embeddable":true,"href":"https:\/\/www.elamazonico.com\/portal\/wp-json\/wp\/v2\/tags?post=25628"}],"curies":[{"name":"wp","href":"https:\/\/api.w.org\/{rel}","templated":true}]}}