{"id":25625,"date":"2025-08-17T09:26:31","date_gmt":"2025-08-17T14:26:31","guid":{"rendered":"https:\/\/www.elamazonico.com\/portal\/?p=25625"},"modified":"2025-08-17T09:26:57","modified_gmt":"2025-08-17T14:26:57","slug":"de-guardia-a-millonario-esto-se-conoce-sobre-el-sujeto-detenido-en-una-narcovivienda-de-quevedo","status":"publish","type":"post","link":"https:\/\/www.elamazonico.com\/portal\/de-guardia-a-millonario-esto-se-conoce-sobre-el-sujeto-detenido-en-una-narcovivienda-de-quevedo\/","title":{"rendered":"De guardia a millonario: esto se conoce sobre el sujeto detenido en una narcovivienda de Quevedo"},"content":{"rendered":"<div class=\"paragraph texto\">\n<p class=\"p_0\">El Ministerio de Defensa inform\u00f3 este s\u00e1bado que en 2020, Lizandro L.,\u00a0<b><a href=\"https:\/\/www.vistazo.com\/actualidad\/nacional\/2025-08-15-hallan-narcovivienda-miembro-lobos-quevedo-paredes-marmol-BB9939201\">detenido el viernes<\/a><\/b>,\u00a0<u><b>trabajaba como guardia de seguridad en el Ministerio de Gobierno,<\/b><\/u>\u00a0pero\u00a0<u>\u00aben muy poco tiempo pas\u00f3 de ser un funcionario p\u00fablico a un presunto delincuente\u00bb<\/u>.<\/p>\n<p class=\"p_1\"><u>\u00ab\u00bfC\u00f3mo alguien con un sueldo promedio, como cualquier ecuatoriano, pas\u00f3 a tener una narco mansi\u00f3n en tan poco tiempo?\u00bb<\/u>, se pregunt\u00f3 en un comunicado en el que se refiere a una casa de al menos tres pisos, \u00abllena de lujos\u00bb.<\/p>\n<p class=\"p_3\">Detalla que la vivienda tiene \u00abparedes de m\u00e1rmol, varias cocinas, bar, sal\u00f3n de juegos, mesas de billar, espacios de recreaci\u00f3n y dormitorios de lujo\u00bb,<\/p>\n<div class=\"Center2Display\">\n<div id=\"Center2\"><\/div>\n<\/div>\n<p class=\"p_4\">\u00abLa casa estaba llena de arte y cuadros de narcotraficantes hist\u00f3ricos como\u00a0<u><b>Pablo Escobar, Joaqu\u00edn \u2018El Chapo\u2019 Guzm\u00e1n\u00a0<\/b><\/u>y otros personajes relacionados con la narcocultura\u00bb, reza el escrito titulado \u00abDe servidor p\u00fablico a millonario\u00bb.<\/p>\n<\/div>\n<div class=\"multimediaMacroWrapper img lateral\">\n<figure class=\"contentMedia art-img\">\n<div><img fetchpriority=\"high\" decoding=\"async\" class=\" lazyloaded\" title=\"As\u00ed era la narcovivienda.\" src=\"https:\/\/www.vistazo.com\/placeholder\/svg\/viewbox\/768x959\" sizes=\"100vw\" srcset=\"\/\/www.vistazo.com\/binrepository\/768x959\/0c0\/0d0\/none\/12727\/KXRR\/gybb2isxqaatcdl_2362363_20250816184805.jpg 768w,\/\/www.vistazo.com\/binrepository\/640x799\/0c0\/0d0\/none\/12727\/KXRK\/gybb2isxqaatcdl_2362363_20250816184805.jpg 640w,\/\/www.vistazo.com\/binrepository\/512x639\/0c0\/0d0\/none\/12727\/KXRT\/gybb2isxqaatcdl_2362363_20250816184805.jpg 512w,\/\/www.vistazo.com\/binrepository\/384x480\/0c0\/0d0\/none\/12727\/KXKT\/gybb2isxqaatcdl_2362363_20250816184805.jpg 384w,\/\/www.vistazo.com\/binrepository\/300x375\/0c0\/0d0\/none\/12727\/KXNP\/gybb2isxqaatcdl_2362363_20250816184805.jpg 300w\" alt=\"$!As\u00ed era la narcovivienda.\" width=\"768\" height=\"959\" data-srcset=\"\/\/www.vistazo.com\/binrepository\/768x959\/0c0\/0d0\/none\/12727\/KXRR\/gybb2isxqaatcdl_2362363_20250816184805.jpg 768w,\/\/www.vistazo.com\/binrepository\/640x799\/0c0\/0d0\/none\/12727\/KXRK\/gybb2isxqaatcdl_2362363_20250816184805.jpg 640w,\/\/www.vistazo.com\/binrepository\/512x639\/0c0\/0d0\/none\/12727\/KXRT\/gybb2isxqaatcdl_2362363_20250816184805.jpg 512w,\/\/www.vistazo.com\/binrepository\/384x480\/0c0\/0d0\/none\/12727\/KXKT\/gybb2isxqaatcdl_2362363_20250816184805.jpg 384w,\/\/www.vistazo.com\/binrepository\/300x375\/0c0\/0d0\/none\/12727\/KXNP\/gybb2isxqaatcdl_2362363_20250816184805.jpg 300w\" \/><\/div>\n<div class=\"cutline-byline\"><span class=\"cutline-text\">As\u00ed era la narcovivienda.\u00a0<\/span><span class=\"byline-image\">(Foto: Ministerio de Defensa )<\/span><\/div>\n<\/figure>\n<\/div>\n<h2 class=\"h2vistazo\">\u00bfSIGUE TRABAJANDO PARA EL ESTADO?<\/h2>\n<div class=\"paragraph texto\">\n<p class=\"p_5\">Dentro de la vivienda tambi\u00e9n se encontraron armas, municiones y credenciales que vinculaban a Lizandro L. con su pasado laboral.<\/p>\n<p class=\"p_6\">Una fuente del Ministerio de Defensa indic\u00f3 este s\u00e1bado a EFE que<u><b>\u00a0el detenido ya no trabajaba para el Estado<\/b><\/u>\u00a0al momento de su detenci\u00f3n el viernes en el marco de la Operaci\u00f3n Gran Escala, cuya finalidad fue atacar a la delincuencia responsable \u00abde los cr\u00edmenes m\u00e1s atroces\u00bb en la provincia tropical de Los R\u00edos.<\/p>\n<p class=\"p_7\">En esa operaci\u00f3n de seguridad se aprehendi\u00f3, adem\u00e1s, a dos presuntos delincuentes:\u00a0<b>Edgar G., alias \u00abCojo\u00bb, y Joffre C., alias \u00abMocho\u00bb<\/b>, miembros del Grupo de Delincuencia Organizada (GDO) &#8216;Los Lobos&#8217;.<\/p>\n<p class=\"p_8\">En esta misma operaci\u00f3n se logr\u00f3 la liberaci\u00f3n de un transportista secuestrado desde el jueves y por cuyo rescate exig\u00edan 200.000 d\u00f3lares a su familia.<\/p>\n<p class=\"p_9\">El Ministerio de Defensa subray\u00f3 que el mensaje a los delincuentes es contundente: \u00ab<u><b>Todos terminar\u00e1n en la c\u00e1rcel o el infierno.\u00a0<\/b><\/u>M\u00e1s que una promesa, es una certeza. Por ello, esperamos que la justicia haga su parte\u00bb, concluy\u00f3.<\/p>\n<\/div>\n<div class=\"multimediaMacroWrapper img lateral\">\n<figure class=\"contentMedia art-img\">\n<div><img decoding=\"async\" class=\" lazyloaded\" title=\"La credencial del exguardia de seguridad.\" src=\"https:\/\/www.vistazo.com\/placeholder\/svg\/viewbox\/768x467\" sizes=\"100vw\" srcset=\"\/\/www.vistazo.com\/binrepository\/768x468\/0c0\/768d467\/none\/12727\/AQQV\/captura-de-pantalla-2025-08-16-a-las_2362390_20250816190247.png 768w,\/\/www.vistazo.com\/binrepository\/640x390\/0c0\/640d389\/none\/12727\/AQEC\/captura-de-pantalla-2025-08-16-a-las_2362390_20250816190247.png 640w,\/\/www.vistazo.com\/binrepository\/512x312\/0c0\/512d311\/none\/12727\/AQXO\/captura-de-pantalla-2025-08-16-a-las_2362390_20250816190247.png 512w,\/\/www.vistazo.com\/binrepository\/384x234\/0c0\/384d234\/none\/12727\/AQOY\/captura-de-pantalla-2025-08-16-a-las_2362390_20250816190247.png 384w,\/\/www.vistazo.com\/binrepository\/300x183\/0c0\/300d182\/none\/12727\/AQQX\/captura-de-pantalla-2025-08-16-a-las_2362390_20250816190247.png 300w\" alt=\"$!La credencial del exguardia de seguridad.\" width=\"768\" height=\"467\" data-srcset=\"\/\/www.vistazo.com\/binrepository\/768x468\/0c0\/768d467\/none\/12727\/AQQV\/captura-de-pantalla-2025-08-16-a-las_2362390_20250816190247.png 768w,\/\/www.vistazo.com\/binrepository\/640x390\/0c0\/640d389\/none\/12727\/AQEC\/captura-de-pantalla-2025-08-16-a-las_2362390_20250816190247.png 640w,\/\/www.vistazo.com\/binrepository\/512x312\/0c0\/512d311\/none\/12727\/AQXO\/captura-de-pantalla-2025-08-16-a-las_2362390_20250816190247.png 512w,\/\/www.vistazo.com\/binrepository\/384x234\/0c0\/384d234\/none\/12727\/AQOY\/captura-de-pantalla-2025-08-16-a-las_2362390_20250816190247.png 384w,\/\/www.vistazo.com\/binrepository\/300x183\/0c0\/300d182\/none\/12727\/AQQX\/captura-de-pantalla-2025-08-16-a-las_2362390_20250816190247.png 300w\" \/><\/div>\n<div class=\"cutline-byline\"><span class=\"cutline-text\">La credencial del exguardia de seguridad.\u00a0<\/span><span class=\"byline-image\">(Foto: Ministerio de Defensa )<\/span><\/div>\n<\/figure>\n<\/div>\n<h2 class=\"h2vistazo\">SUS REGISTROS JUDICIALES<\/h2>\n<div class=\"paragraph texto\">\n<p class=\"p_11\"><b>Lizandro Gabriel L. A.<\/b>\u00a0inicialmente trabajaba como guardia de seguridad, pero ahora las autoridades lo vinculan con la\u00a0<u><b>banda criminal \u2018Los Lobos\u2019.<\/b><\/u><\/p>\n<p class=\"p_12\">En el sistema de la Funci\u00f3n Judicial se observa que el sujeto cuenta con\u00a0<u><b>varios antecedentes penales\u00a0<\/b><\/u>por los delitos de tenencia de armas, evasi\u00f3n y una demanda de alimentos.<\/p>\n<p class=\"p_13\">Mientras que en la Fiscal\u00eda, hay una denuncia contra \u00e9l por el presunto delito de\u00a0<b>intimidaci\u00f3n<\/b>.<\/p>\n<p class=\"p_14\">Tras su detenci\u00f3n en la narcovivienda de Quevedo,\u00a0<u><b>Lizandro fue procesado por tenencia y porte de armas.<\/b><\/u><\/p>\n<p class=\"p_15\">La audiencia de flagrancia se desarroll\u00f3 el pasado viernes 15 de agosto del 2025, a las 22:45, en la Unidad Judicial Multicompetente Penal con Sede en el Cant\u00f3n La Man\u00e1, pero por el momento se desconoce si sigue detenido o qued\u00f3 en libertad. <strong>Fuente: Vistazo<\/strong><\/p>\n<\/div>\n","protected":false},"excerpt":{"rendered":"<p>El Ministerio de Defensa inform\u00f3 este s\u00e1bado que en 2020, Lizandro L.,\u00a0detenido el viernes,\u00a0trabajaba como guardia de seguridad en el Ministerio de Gobierno,\u00a0pero\u00a0\u00aben muy poco tiempo pas\u00f3 de ser un funcionario p\u00fablico a un presunto delincuente\u00bb. \u00ab\u00bfC\u00f3mo alguien con un sueldo promedio, como cualquier ecuatoriano, pas\u00f3 a tener una narco mansi\u00f3n en tan poco tiempo?\u00bb, se pregunt\u00f3 en un comunicado en el que se refiere a una casa de al menos tres pisos, \u00abllena de lujos\u00bb. Detalla que la vivienda tiene \u00abparedes de m\u00e1rmol, varias cocinas, bar, sal\u00f3n de juegos, mesas de billar, espacios de recreaci\u00f3n y dormitorios de lujo\u00bb, \u00abLa casa estaba llena de arte y cuadros de narcotraficantes hist\u00f3ricos como\u00a0Pablo Escobar, Joaqu\u00edn \u2018El Chapo\u2019 Guzm\u00e1n\u00a0y otros personajes relacionados con la narcocultura\u00bb, reza el escrito titulado \u00abDe servidor p\u00fablico a millonario\u00bb. As\u00ed era la narcovivienda.\u00a0(Foto: Ministerio de Defensa ) \u00bfSIGUE TRABAJANDO PARA EL ESTADO? Dentro de la vivienda tambi\u00e9n se encontraron armas, municiones y credenciales que vinculaban a Lizandro L. con su pasado laboral. Una fuente del Ministerio de Defensa indic\u00f3 este s\u00e1bado a EFE que\u00a0el detenido ya no trabajaba para el Estado\u00a0al momento de su detenci\u00f3n el viernes en el marco de la Operaci\u00f3n Gran Escala, cuya finalidad fue atacar a la delincuencia responsable \u00abde los cr\u00edmenes m\u00e1s atroces\u00bb en la provincia tropical de Los R\u00edos. En esa operaci\u00f3n de seguridad se aprehendi\u00f3, adem\u00e1s, a dos presuntos delincuentes:\u00a0Edgar G., alias \u00abCojo\u00bb, y Joffre C., alias \u00abMocho\u00bb, miembros del Grupo de Delincuencia Organizada (GDO) &#8216;Los Lobos&#8217;. En esta misma operaci\u00f3n se logr\u00f3 la liberaci\u00f3n de un transportista secuestrado desde el jueves y por cuyo rescate exig\u00edan 200.000 d\u00f3lares a su familia. El Ministerio de Defensa subray\u00f3 que el mensaje a los delincuentes es contundente: \u00abTodos terminar\u00e1n en la c\u00e1rcel o el infierno.\u00a0M\u00e1s que una promesa, es una certeza. Por ello, esperamos que la justicia haga su parte\u00bb, concluy\u00f3. La credencial del exguardia de seguridad.\u00a0(Foto: Ministerio de Defensa ) SUS REGISTROS JUDICIALES Lizandro Gabriel L. A.\u00a0inicialmente trabajaba como guardia de seguridad, pero ahora las autoridades lo vinculan con la\u00a0banda criminal \u2018Los Lobos\u2019. En el sistema de la Funci\u00f3n Judicial se observa que el sujeto cuenta con\u00a0varios antecedentes penales\u00a0por los delitos de tenencia de armas, evasi\u00f3n y una demanda de alimentos. Mientras que en la Fiscal\u00eda, hay una denuncia contra \u00e9l por el presunto delito de\u00a0intimidaci\u00f3n. Tras su detenci\u00f3n en la narcovivienda de Quevedo,\u00a0Lizandro fue procesado por tenencia y porte de armas. La audiencia de flagrancia se desarroll\u00f3 el pasado viernes 15 de agosto del 2025, a las 22:45, en la Unidad Judicial Multicompetente Penal con Sede en el Cant\u00f3n La Man\u00e1, pero por el momento se desconoce si sigue detenido o qued\u00f3 en libertad. Fuente: Vistazo<\/p>\n","protected":false},"author":1,"featured_media":25626,"comment_status":"closed","ping_status":"closed","sticky":false,"template":"","format":"standard","meta":{"footnotes":""},"categories":[268],"tags":[],"class_list":["post-25625","post","type-post","status-publish","format-standard","has-post-thumbnail","hentry","category-nacionales"],"_links":{"self":[{"href":"https:\/\/www.elamazonico.com\/portal\/wp-json\/wp\/v2\/posts\/25625","targetHints":{"allow":["GET"]}}],"collection":[{"href":"https:\/\/www.elamazonico.com\/portal\/wp-json\/wp\/v2\/posts"}],"about":[{"href":"https:\/\/www.elamazonico.com\/portal\/wp-json\/wp\/v2\/types\/post"}],"author":[{"embeddable":true,"href":"https:\/\/www.elamazonico.com\/portal\/wp-json\/wp\/v2\/users\/1"}],"replies":[{"embeddable":true,"href":"https:\/\/www.elamazonico.com\/portal\/wp-json\/wp\/v2\/comments?post=25625"}],"version-history":[{"count":1,"href":"https:\/\/www.elamazonico.com\/portal\/wp-json\/wp\/v2\/posts\/25625\/revisions"}],"predecessor-version":[{"id":25627,"href":"https:\/\/www.elamazonico.com\/portal\/wp-json\/wp\/v2\/posts\/25625\/revisions\/25627"}],"wp:featuredmedia":[{"embeddable":true,"href":"https:\/\/www.elamazonico.com\/portal\/wp-json\/wp\/v2\/media\/25626"}],"wp:attachment":[{"href":"https:\/\/www.elamazonico.com\/portal\/wp-json\/wp\/v2\/media?parent=25625"}],"wp:term":[{"taxonomy":"category","embeddable":true,"href":"https:\/\/www.elamazonico.com\/portal\/wp-json\/wp\/v2\/categories?post=25625"},{"taxonomy":"post_tag","embeddable":true,"href":"https:\/\/www.elamazonico.com\/portal\/wp-json\/wp\/v2\/tags?post=25625"}],"curies":[{"name":"wp","href":"https:\/\/api.w.org\/{rel}","templated":true}]}}