{"id":25620,"date":"2025-08-15T11:51:57","date_gmt":"2025-08-15T16:51:57","guid":{"rendered":"https:\/\/www.elamazonico.com\/portal\/?p=25620"},"modified":"2025-08-15T11:51:57","modified_gmt":"2025-08-15T16:51:57","slug":"mtop-reafirma-compromiso-con-la-vialidad-de-zamora-chinchipe-y-anuncia-proyectos-estrategicos-de-gran-impacto","status":"publish","type":"post","link":"https:\/\/www.elamazonico.com\/portal\/mtop-reafirma-compromiso-con-la-vialidad-de-zamora-chinchipe-y-anuncia-proyectos-estrategicos-de-gran-impacto\/","title":{"rendered":"MTOP reafirma compromiso con la vialidad de Zamora Chinchipe y anuncia proyectos estrat\u00e9gicos de gran impacto"},"content":{"rendered":"<p>El subsecretario de la Zonal 7 del Ministerio de Transporte y Obras P\u00fablicas (MTOP), Edwin Duque, realiz\u00f3 este viernes un recorrido por la provincia de Zamora Chinchipe, con el objetivo de transmitir el saludo y el compromiso del ministro Roberto Luque, as\u00ed como de constatar las necesidades y avances en materia vial.<\/p>\n<p>Durante su visita, Duque destac\u00f3 la importancia de mantener una presencia constante en territorio para fortalecer el trabajo conjunto entre las autoridades nacionales, la gobernaci\u00f3n y el equipo t\u00e9cnico de la provincia. Subray\u00f3 que Zamora Chinchipe ha contado hist\u00f3ricamente con personal especializado que ha respondido con eficacia a las necesidades de mantenimiento y soluci\u00f3n de problemas viales.<\/p>\n<p>El funcionario record\u00f3 la intervenci\u00f3n ejecutada en marzo pasado, cuando una emergencia vial afect\u00f3 a la provincia y a toda la Zonal 7. En esa ocasi\u00f3n, se destinaron recursos y maquinaria para atender de manera inmediata las afectaciones. Sin embargo, se\u00f1al\u00f3 que la visi\u00f3n del actual gobierno es trascender la reacci\u00f3n ante crisis y adoptar una estrategia preventiva.<\/p>\n<p>En este sentido, inform\u00f3 que, en coordinaci\u00f3n con el Banco Mundial, se han identificado puntos cr\u00edticos en el tramo Loja\u2013Zamora para el desarrollo de estudios t\u00e9cnicos que permitan implementar soluciones definitivas, reduciendo as\u00ed la incidencia de deslizamientos y cierres recurrentes de la v\u00eda.<\/p>\n<p>Como acci\u00f3n inmediata, el MTOP intervendr\u00e1 en los pr\u00f3ximos d\u00edas con maquinaria para la limpieza y remediaci\u00f3n de calzadas afectadas por la etapa invernal at\u00edpica registrada este a\u00f1o. A mediano plazo, se prev\u00e9 ejecutar obras permanentes que garanticen un tr\u00e1nsito seguro y estable.<\/p>\n<p>Asimismo, Duque anunci\u00f3 la ejecuci\u00f3n del segundo tramo del Cuarto Eje Vial, un proyecto hist\u00f3rico para la provincia y la regi\u00f3n, con una inversi\u00f3n superior a los 100 millones de d\u00f3lares. Este plan, esperado por a\u00f1os, permitir\u00e1 dinamizar la econom\u00eda y mejorar la conectividad en toda la Zona 7.<\/p>\n<p>Actualmente, el MTOP ha cumplido con los requisitos exigidos por la entidad multilateral que financiar\u00e1 la obra, y se prev\u00e9 que la firma del contrato se realice en diciembre de este a\u00f1o, para iniciar la construcci\u00f3n durante el primer semestre de 2026.<\/p>\n<p>\u201cQueremos que la ciudadan\u00eda sepa que los deslizamientos que por a\u00f1os han afectado la normalidad de la v\u00eda Loja\u2013Zamora ser\u00e1n atendidos de manera definitiva, y que nuestro trabajo no solo ser\u00e1 reactivo, sino preventivo y sostenible en el tiempo\u201d, enfatiz\u00f3 el subsecretario Duque.<\/p>\n","protected":false},"excerpt":{"rendered":"<p>El subsecretario de la Zonal 7 del Ministerio de Transporte y Obras P\u00fablicas (MTOP), Edwin Duque, realiz\u00f3 este viernes un recorrido por la provincia de Zamora Chinchipe, con el objetivo de transmitir el saludo y el compromiso del ministro Roberto Luque, as\u00ed como de constatar las necesidades y avances en materia vial. Durante su visita, Duque destac\u00f3 la importancia de mantener una presencia constante en territorio para fortalecer el trabajo conjunto entre las autoridades nacionales, la gobernaci\u00f3n y el equipo t\u00e9cnico de la provincia. Subray\u00f3 que Zamora Chinchipe ha contado hist\u00f3ricamente con personal especializado que ha respondido con eficacia a las necesidades de mantenimiento y soluci\u00f3n de problemas viales. El funcionario record\u00f3 la intervenci\u00f3n ejecutada en marzo pasado, cuando una emergencia vial afect\u00f3 a la provincia y a toda la Zonal 7. En esa ocasi\u00f3n, se destinaron recursos y maquinaria para atender de manera inmediata las afectaciones. Sin embargo, se\u00f1al\u00f3 que la visi\u00f3n del actual gobierno es trascender la reacci\u00f3n ante crisis y adoptar una estrategia preventiva. En este sentido, inform\u00f3 que, en coordinaci\u00f3n con el Banco Mundial, se han identificado puntos cr\u00edticos en el tramo Loja\u2013Zamora para el desarrollo de estudios t\u00e9cnicos que permitan implementar soluciones definitivas, reduciendo as\u00ed la incidencia de deslizamientos y cierres recurrentes de la v\u00eda. Como acci\u00f3n inmediata, el MTOP intervendr\u00e1 en los pr\u00f3ximos d\u00edas con maquinaria para la limpieza y remediaci\u00f3n de calzadas afectadas por la etapa invernal at\u00edpica registrada este a\u00f1o. A mediano plazo, se prev\u00e9 ejecutar obras permanentes que garanticen un tr\u00e1nsito seguro y estable. Asimismo, Duque anunci\u00f3 la ejecuci\u00f3n del segundo tramo del Cuarto Eje Vial, un proyecto hist\u00f3rico para la provincia y la regi\u00f3n, con una inversi\u00f3n superior a los 100 millones de d\u00f3lares. Este plan, esperado por a\u00f1os, permitir\u00e1 dinamizar la econom\u00eda y mejorar la conectividad en toda la Zona 7. Actualmente, el MTOP ha cumplido con los requisitos exigidos por la entidad multilateral que financiar\u00e1 la obra, y se prev\u00e9 que la firma del contrato se realice en diciembre de este a\u00f1o, para iniciar la construcci\u00f3n durante el primer semestre de 2026. \u201cQueremos que la ciudadan\u00eda sepa que los deslizamientos que por a\u00f1os han afectado la normalidad de la v\u00eda Loja\u2013Zamora ser\u00e1n atendidos de manera definitiva, y que nuestro trabajo no solo ser\u00e1 reactivo, sino preventivo y sostenible en el tiempo\u201d, enfatiz\u00f3 el subsecretario Duque.<\/p>\n","protected":false},"author":1,"featured_media":25621,"comment_status":"closed","ping_status":"closed","sticky":false,"template":"","format":"standard","meta":{"footnotes":""},"categories":[243],"tags":[],"class_list":["post-25620","post","type-post","status-publish","format-standard","has-post-thumbnail","hentry","category-noticias-zamora"],"_links":{"self":[{"href":"https:\/\/www.elamazonico.com\/portal\/wp-json\/wp\/v2\/posts\/25620","targetHints":{"allow":["GET"]}}],"collection":[{"href":"https:\/\/www.elamazonico.com\/portal\/wp-json\/wp\/v2\/posts"}],"about":[{"href":"https:\/\/www.elamazonico.com\/portal\/wp-json\/wp\/v2\/types\/post"}],"author":[{"embeddable":true,"href":"https:\/\/www.elamazonico.com\/portal\/wp-json\/wp\/v2\/users\/1"}],"replies":[{"embeddable":true,"href":"https:\/\/www.elamazonico.com\/portal\/wp-json\/wp\/v2\/comments?post=25620"}],"version-history":[{"count":1,"href":"https:\/\/www.elamazonico.com\/portal\/wp-json\/wp\/v2\/posts\/25620\/revisions"}],"predecessor-version":[{"id":25622,"href":"https:\/\/www.elamazonico.com\/portal\/wp-json\/wp\/v2\/posts\/25620\/revisions\/25622"}],"wp:featuredmedia":[{"embeddable":true,"href":"https:\/\/www.elamazonico.com\/portal\/wp-json\/wp\/v2\/media\/25621"}],"wp:attachment":[{"href":"https:\/\/www.elamazonico.com\/portal\/wp-json\/wp\/v2\/media?parent=25620"}],"wp:term":[{"taxonomy":"category","embeddable":true,"href":"https:\/\/www.elamazonico.com\/portal\/wp-json\/wp\/v2\/categories?post=25620"},{"taxonomy":"post_tag","embeddable":true,"href":"https:\/\/www.elamazonico.com\/portal\/wp-json\/wp\/v2\/tags?post=25620"}],"curies":[{"name":"wp","href":"https:\/\/api.w.org\/{rel}","templated":true}]}}