{"id":25617,"date":"2025-08-15T10:58:27","date_gmt":"2025-08-15T15:58:27","guid":{"rendered":"https:\/\/www.elamazonico.com\/portal\/?p=25617"},"modified":"2025-08-15T10:58:27","modified_gmt":"2025-08-15T15:58:27","slug":"unidad-educativa-zumba-fortalece-las-competencias-docentes-a-traves-de-capacitacion-especializada","status":"publish","type":"post","link":"https:\/\/www.elamazonico.com\/portal\/unidad-educativa-zumba-fortalece-las-competencias-docentes-a-traves-de-capacitacion-especializada\/","title":{"rendered":"Unidad Educativa Zumba fortalece las competencias docentes a trav\u00e9s de capacitaci\u00f3n especializada"},"content":{"rendered":"<p>Durante los d\u00edas 13, 14 y 15 de agosto de 2025, la Unidad Educativa Zumba desarroll\u00f3 tres jornadas de intensos talleres te\u00f3rico\u2013pr\u00e1cticos en el marco de la capacitaci\u00f3n \u201cInnovaci\u00f3n en Gesti\u00f3n Curricular por Competencias\u201d, dirigida por el consultor pedag\u00f3gico Fausto Guerra y avalada por REDIE Ecuador.<\/p>\n<p>La formaci\u00f3n abord\u00f3 ejes fundamentales para la actualizaci\u00f3n docente, entre ellos:<br \/>\n\u2022 Fundamentos y gesti\u00f3n del curr\u00edculo por competencias.<br \/>\n\u2022 Planificaci\u00f3n microcurricular con enfoque de dise\u00f1o inverso.<br \/>\n\u2022 Evaluaci\u00f3n formativa y sumativa basada en evidencias.<br \/>\n\u2022 Estrategias para fomentar la autonom\u00eda y la reflexi\u00f3n cr\u00edtica en los estudiantes.<\/p>\n<p>Este espacio acad\u00e9mico tuvo como prop\u00f3sito fortalecer las habilidades pedag\u00f3gicas de los docentes, promoviendo pr\u00e1cticas educativas innovadoras que respondan a las demandas actuales de la educaci\u00f3n. La metodolog\u00eda combin\u00f3 el an\u00e1lisis te\u00f3rico con la aplicaci\u00f3n pr\u00e1ctica, lo que permiti\u00f3 a los participantes integrar los nuevos conocimientos a su realidad institucional.<\/p>\n<p>La Unidad Educativa Zumba reafirma que esta experiencia contribuye significativamente a planificar, innovar y evaluar con mayor eficacia, garantizando una educaci\u00f3n de calidad y pertinente para los estudiantes.<\/p>\n<p>A trav\u00e9s de este tipo de capacitaciones, el cuerpo docente ratifica su compromiso con la formaci\u00f3n continua y la mejora permanente de sus procesos pedag\u00f3gicos, en beneficio de toda la comunidad educativa. <strong>Fuente: Vistazo<\/strong><\/p>\n","protected":false},"excerpt":{"rendered":"<p>Durante los d\u00edas 13, 14 y 15 de agosto de 2025, la Unidad Educativa Zumba desarroll\u00f3 tres jornadas de intensos talleres te\u00f3rico\u2013pr\u00e1cticos en el marco de la capacitaci\u00f3n \u201cInnovaci\u00f3n en Gesti\u00f3n Curricular por Competencias\u201d, dirigida por el consultor pedag\u00f3gico Fausto Guerra y avalada por REDIE Ecuador. La formaci\u00f3n abord\u00f3 ejes fundamentales para la actualizaci\u00f3n docente, entre ellos: \u2022 Fundamentos y gesti\u00f3n del curr\u00edculo por competencias. \u2022 Planificaci\u00f3n microcurricular con enfoque de dise\u00f1o inverso. \u2022 Evaluaci\u00f3n formativa y sumativa basada en evidencias. \u2022 Estrategias para fomentar la autonom\u00eda y la reflexi\u00f3n cr\u00edtica en los estudiantes. Este espacio acad\u00e9mico tuvo como prop\u00f3sito fortalecer las habilidades pedag\u00f3gicas de los docentes, promoviendo pr\u00e1cticas educativas innovadoras que respondan a las demandas actuales de la educaci\u00f3n. La metodolog\u00eda combin\u00f3 el an\u00e1lisis te\u00f3rico con la aplicaci\u00f3n pr\u00e1ctica, lo que permiti\u00f3 a los participantes integrar los nuevos conocimientos a su realidad institucional. La Unidad Educativa Zumba reafirma que esta experiencia contribuye significativamente a planificar, innovar y evaluar con mayor eficacia, garantizando una educaci\u00f3n de calidad y pertinente para los estudiantes. A trav\u00e9s de este tipo de capacitaciones, el cuerpo docente ratifica su compromiso con la formaci\u00f3n continua y la mejora permanente de sus procesos pedag\u00f3gicos, en beneficio de toda la comunidad educativa. Fuente: Vistazo<\/p>\n","protected":false},"author":1,"featured_media":25618,"comment_status":"closed","ping_status":"closed","sticky":false,"template":"","format":"standard","meta":{"footnotes":""},"categories":[243],"tags":[],"class_list":["post-25617","post","type-post","status-publish","format-standard","has-post-thumbnail","hentry","category-noticias-zamora"],"_links":{"self":[{"href":"https:\/\/www.elamazonico.com\/portal\/wp-json\/wp\/v2\/posts\/25617","targetHints":{"allow":["GET"]}}],"collection":[{"href":"https:\/\/www.elamazonico.com\/portal\/wp-json\/wp\/v2\/posts"}],"about":[{"href":"https:\/\/www.elamazonico.com\/portal\/wp-json\/wp\/v2\/types\/post"}],"author":[{"embeddable":true,"href":"https:\/\/www.elamazonico.com\/portal\/wp-json\/wp\/v2\/users\/1"}],"replies":[{"embeddable":true,"href":"https:\/\/www.elamazonico.com\/portal\/wp-json\/wp\/v2\/comments?post=25617"}],"version-history":[{"count":1,"href":"https:\/\/www.elamazonico.com\/portal\/wp-json\/wp\/v2\/posts\/25617\/revisions"}],"predecessor-version":[{"id":25619,"href":"https:\/\/www.elamazonico.com\/portal\/wp-json\/wp\/v2\/posts\/25617\/revisions\/25619"}],"wp:featuredmedia":[{"embeddable":true,"href":"https:\/\/www.elamazonico.com\/portal\/wp-json\/wp\/v2\/media\/25618"}],"wp:attachment":[{"href":"https:\/\/www.elamazonico.com\/portal\/wp-json\/wp\/v2\/media?parent=25617"}],"wp:term":[{"taxonomy":"category","embeddable":true,"href":"https:\/\/www.elamazonico.com\/portal\/wp-json\/wp\/v2\/categories?post=25617"},{"taxonomy":"post_tag","embeddable":true,"href":"https:\/\/www.elamazonico.com\/portal\/wp-json\/wp\/v2\/tags?post=25617"}],"curies":[{"name":"wp","href":"https:\/\/api.w.org\/{rel}","templated":true}]}}