{"id":25614,"date":"2025-08-15T10:55:56","date_gmt":"2025-08-15T15:55:56","guid":{"rendered":"https:\/\/www.elamazonico.com\/portal\/?p=25614"},"modified":"2025-08-15T10:55:56","modified_gmt":"2025-08-15T15:55:56","slug":"maleta-con-mas-de-50-000-dolares-hallada-en-urbanizacion-de-daule-hay-19-detenidos-incluida-una-cabo-de-la-policia","status":"publish","type":"post","link":"https:\/\/www.elamazonico.com\/portal\/maleta-con-mas-de-50-000-dolares-hallada-en-urbanizacion-de-daule-hay-19-detenidos-incluida-una-cabo-de-la-policia\/","title":{"rendered":"Maleta con m\u00e1s de 50.000 d\u00f3lares hallada en urbanizaci\u00f3n de Daule: hay 19 detenidos, incluida una cabo de la Polic\u00eda"},"content":{"rendered":"<div class=\"paragraph texto\">\n<p class=\"p_0\">Una maleta llena con 50.000 d\u00f3lares en efectivo, un altar a la \u2018Santa Muerte\u2019 en una urbanizaci\u00f3n en la parroquia Aurora, Daule, y una\u00a0<b>cabo de la Polic\u00eda<\/b>\u00a0estuvieron entre los hallazgos y detenidos durante el\u00a0<b><a href=\"https:\/\/www.vistazo.com\/actualidad\/nacional\/2025-08-08-ecuador-semestre-violento-homicidios-asesinato-2025-DM9907423\" target=\"_blank\" rel=\"noopener noreferrer\">operativo<\/a><\/b>\u00a0&#8216;Apolo 3&#8217;, realizado en la madrugada de este viernes 15 de agosto.<\/p>\n<p class=\"p_2\">Con el despliegue de 200 efectivos, la Polic\u00eda Nacional ejecut\u00f3\u00a0<b>18 allanamientos<\/b>\u00a0en los cantones Naranjal, Playas y Daule, provincia del Guayas, donde fueron aprehendidas 19 personas que estar\u00edan vinculadas al grupo criminal &#8216;<b>Los \u00c1guilas<\/b>&#8216;.<\/p>\n<p class=\"p_3\">Como resultado del operativo, fue detenida una cabo en servicio activo. La funcionaria estaba en la urbanizaci\u00f3n Santa Mar\u00eda de Casa Grande, acompa\u00f1ada de una persona presuntamente vinculada a la banda delictiva.<\/p>\n<div class=\"Center2Display\">\n<div id=\"Center2\">En aquel inmueble allanado, la Polic\u00eda tambi\u00e9n incaut\u00f3 una maleta con m\u00e1s de 50.000 d\u00f3lares, seg\u00fan detall\u00f3 un agente. Hallaron una maleta roja llena de fajos de billetes de 20 d\u00f3lares.<\/div>\n<\/div>\n<p class=\"p_5\">Entre los elementos\u00a0<b>incautados\u00a0<\/b>se encuentran 11 armas de fuego con 84 cartuchos, 24 terminales m\u00f3viles, 2 c\u00e1maras digitales, 2 motocicletas recuperadas, 2 retenidas y sustancias il\u00edcitas.<\/p>\n<\/div>\n<h2 class=\"h2vistazo\">Ministro del Interior denunciar\u00e1 a jueces y fiscales<\/h2>\n<div class=\"paragraph texto\">\n<p class=\"p_7\">El Ministro del Interior, Joh Reimberg, particip\u00f3 en el operativo y reiter\u00f3 su advertencia a jueces y fiscales que no dictan prisi\u00f3n preventiva a los detenidos en operativos del Bloque de Seguridad.<\/p>\n<p class=\"p_8\">\u201cAquellos jueces que todav\u00eda no escarmientan lo que es dejar en libertad a estos delincuentes&#8230; vamos a denunciarlos como Ministerio del Interior, porque no est\u00e1n haciendo las cosas correctas\u201d, se\u00f1al\u00f3.<\/p>\n<p class=\"p_9\">Reimberg mencion\u00f3 que una\u00a0<b>jueza\u00a0<\/b>liber\u00f3 a 20 miembros de una organizaci\u00f3n criminal implicada en tr\u00e1fico de drogas, y uno de ellos fue nuevamente detenido en una urbanizaci\u00f3n durante un operativo policial.<\/p>\n<p class=\"p_10\">Este caso incluye a alias \u2018Yoker\u2019, asesino reincidente recapturado el 14 de agosto; hab\u00eda sido detenido previamente el 16 de abril de 2025, pero liberado ese mismo d\u00eda con medidas sustitutivas.<\/p>\n<p class=\"p_11\">Asimismo, Reimberg ha apuntado contra la\u00a0<u>Corte Constitucional\u00a0<\/u>por prohibir la prisi\u00f3n preventiva autom\u00e1tica. Critic\u00f3 que, ser reincidente ya no representa un problema, algo que, seg\u00fan el ministro,\u00a0<u>\u00abes casi un pase VIP que los deja en libertad, esperando sentencia\u201d. <strong>Fuente: Vistazo<\/strong><\/u><\/p>\n<\/div>\n","protected":false},"excerpt":{"rendered":"<p>Una maleta llena con 50.000 d\u00f3lares en efectivo, un altar a la \u2018Santa Muerte\u2019 en una urbanizaci\u00f3n en la parroquia Aurora, Daule, y una\u00a0cabo de la Polic\u00eda\u00a0estuvieron entre los hallazgos y detenidos durante el\u00a0operativo\u00a0&#8216;Apolo 3&#8217;, realizado en la madrugada de este viernes 15 de agosto. Con el despliegue de 200 efectivos, la Polic\u00eda Nacional ejecut\u00f3\u00a018 allanamientos\u00a0en los cantones Naranjal, Playas y Daule, provincia del Guayas, donde fueron aprehendidas 19 personas que estar\u00edan vinculadas al grupo criminal &#8216;Los \u00c1guilas&#8216;. Como resultado del operativo, fue detenida una cabo en servicio activo. La funcionaria estaba en la urbanizaci\u00f3n Santa Mar\u00eda de Casa Grande, acompa\u00f1ada de una persona presuntamente vinculada a la banda delictiva. En aquel inmueble allanado, la Polic\u00eda tambi\u00e9n incaut\u00f3 una maleta con m\u00e1s de 50.000 d\u00f3lares, seg\u00fan detall\u00f3 un agente. Hallaron una maleta roja llena de fajos de billetes de 20 d\u00f3lares. Entre los elementos\u00a0incautados\u00a0se encuentran 11 armas de fuego con 84 cartuchos, 24 terminales m\u00f3viles, 2 c\u00e1maras digitales, 2 motocicletas recuperadas, 2 retenidas y sustancias il\u00edcitas. Ministro del Interior denunciar\u00e1 a jueces y fiscales El Ministro del Interior, Joh Reimberg, particip\u00f3 en el operativo y reiter\u00f3 su advertencia a jueces y fiscales que no dictan prisi\u00f3n preventiva a los detenidos en operativos del Bloque de Seguridad. \u201cAquellos jueces que todav\u00eda no escarmientan lo que es dejar en libertad a estos delincuentes&#8230; vamos a denunciarlos como Ministerio del Interior, porque no est\u00e1n haciendo las cosas correctas\u201d, se\u00f1al\u00f3. Reimberg mencion\u00f3 que una\u00a0jueza\u00a0liber\u00f3 a 20 miembros de una organizaci\u00f3n criminal implicada en tr\u00e1fico de drogas, y uno de ellos fue nuevamente detenido en una urbanizaci\u00f3n durante un operativo policial. Este caso incluye a alias \u2018Yoker\u2019, asesino reincidente recapturado el 14 de agosto; hab\u00eda sido detenido previamente el 16 de abril de 2025, pero liberado ese mismo d\u00eda con medidas sustitutivas. Asimismo, Reimberg ha apuntado contra la\u00a0Corte Constitucional\u00a0por prohibir la prisi\u00f3n preventiva autom\u00e1tica. Critic\u00f3 que, ser reincidente ya no representa un problema, algo que, seg\u00fan el ministro,\u00a0\u00abes casi un pase VIP que los deja en libertad, esperando sentencia\u201d. Fuente: Vistazo<\/p>\n","protected":false},"author":1,"featured_media":25615,"comment_status":"closed","ping_status":"closed","sticky":false,"template":"","format":"standard","meta":{"footnotes":""},"categories":[268],"tags":[],"class_list":["post-25614","post","type-post","status-publish","format-standard","has-post-thumbnail","hentry","category-nacionales"],"_links":{"self":[{"href":"https:\/\/www.elamazonico.com\/portal\/wp-json\/wp\/v2\/posts\/25614","targetHints":{"allow":["GET"]}}],"collection":[{"href":"https:\/\/www.elamazonico.com\/portal\/wp-json\/wp\/v2\/posts"}],"about":[{"href":"https:\/\/www.elamazonico.com\/portal\/wp-json\/wp\/v2\/types\/post"}],"author":[{"embeddable":true,"href":"https:\/\/www.elamazonico.com\/portal\/wp-json\/wp\/v2\/users\/1"}],"replies":[{"embeddable":true,"href":"https:\/\/www.elamazonico.com\/portal\/wp-json\/wp\/v2\/comments?post=25614"}],"version-history":[{"count":1,"href":"https:\/\/www.elamazonico.com\/portal\/wp-json\/wp\/v2\/posts\/25614\/revisions"}],"predecessor-version":[{"id":25616,"href":"https:\/\/www.elamazonico.com\/portal\/wp-json\/wp\/v2\/posts\/25614\/revisions\/25616"}],"wp:featuredmedia":[{"embeddable":true,"href":"https:\/\/www.elamazonico.com\/portal\/wp-json\/wp\/v2\/media\/25615"}],"wp:attachment":[{"href":"https:\/\/www.elamazonico.com\/portal\/wp-json\/wp\/v2\/media?parent=25614"}],"wp:term":[{"taxonomy":"category","embeddable":true,"href":"https:\/\/www.elamazonico.com\/portal\/wp-json\/wp\/v2\/categories?post=25614"},{"taxonomy":"post_tag","embeddable":true,"href":"https:\/\/www.elamazonico.com\/portal\/wp-json\/wp\/v2\/tags?post=25614"}],"curies":[{"name":"wp","href":"https:\/\/api.w.org\/{rel}","templated":true}]}}