{"id":25611,"date":"2025-08-15T10:48:25","date_gmt":"2025-08-15T15:48:25","guid":{"rendered":"https:\/\/www.elamazonico.com\/portal\/?p=25611"},"modified":"2025-08-15T10:48:25","modified_gmt":"2025-08-15T15:48:25","slug":"asi-sera-la-fusion-de-ministerios-dispuesta-por-daniel-noboa-y-el-cambio-de-nombres-en-las-carteras-de-estado","status":"publish","type":"post","link":"https:\/\/www.elamazonico.com\/portal\/asi-sera-la-fusion-de-ministerios-dispuesta-por-daniel-noboa-y-el-cambio-de-nombres-en-las-carteras-de-estado\/","title":{"rendered":"As\u00ed ser\u00e1 la fusi\u00f3n de ministerios dispuesta por Daniel Noboa y el cambio de nombres en las Carteras de Estado"},"content":{"rendered":"<div class=\"paragraph texto\">\n<p class=\"p_0\">El presidente de la Rep\u00fablica,\u00a0<b><a href=\"https:\/\/www.vistazo.com\/cronologia\/-\/meta\/daniel-noboa\" target=\"_blank\" rel=\"noopener noreferrer\">Daniel Noboa<\/a><\/b>, firm\u00f3 este jueves 14 de agosto los decretos ejecutivos N.\u00ba 94, 95, 96, 97, 98, 99 y 100, mediante los cuales dispuso la\u00a0<u>fusi\u00f3n de ministerios<\/u>, as\u00ed como el traslado y la adscripci\u00f3n de entidades gubernamentales, en el marco de su plan de eficiencia administrativa.<\/p>\n<p class=\"p_2\">Mientras se lleve a cabo este proceso, Noboa puntualiz\u00f3 que la ejecuci\u00f3n de todos los planes, programas, proyectos, obligaciones, competencias, atribuciones y, adem\u00e1s, la atenci\u00f3n a la ciudadan\u00eda\u00a0<u>continuar\u00e1n operando con total normalidad y sin interrupciones<\/u>.<\/p>\n<p class=\"p_3\"><strong>As\u00ed se fusionar\u00e1n los ministerios<\/strong><\/p>\n<\/div>\n<div class=\"paragraph texto\">\n<p class=\"p_4\">Los decretos ejecutivos ordenan la fusi\u00f3n de ministerios, disponiendo que las partidas presupuestarias, as\u00ed como todos los bienes muebles e inmuebles, activos y pasivos, se transfieran al ministerio que absorba a otro.<\/p>\n<p class=\"p_5\">Adem\u00e1s, se asignan nuevas\u00a0<b>denominaciones\u00a0<\/b>a las Carteras de Estado, conforme se detalla a continuaci\u00f3n:<\/p>\n<p class=\"p_6\">Fusi\u00f3nese por absorci\u00f3n al\u00a0<b>Ministerio de Gobierno<\/b>, el Ministerio de la Mujer y Derechos Humanos. Manteni\u00e9ndose su denominaci\u00f3n actual.<\/p>\n<p class=\"p_7\">Fusi\u00f3nese por absorci\u00f3n al Ministerio de Educaci\u00f3n, las siguientes instituciones: Ministerio de Cultura y Patrimonio; Secretar\u00eda de Educaci\u00f3n Superior, Ciencia, Tecnolog\u00eda e Innovaci\u00f3n y Ministerio del Deporte. La nueva denominaci\u00f3n ser\u00e1\u00a0<b>Ministerio de Educaci\u00f3n, Deporte y Cultura<\/b>.<\/p>\n<p class=\"p_8\">Fusi\u00f3nese por absorci\u00f3n al Ministerio de Transporte y Obras P\u00fablicas las siguientes instituciones: Ministerio de Desarrollo Urbano y Vivienda; y, la Secretar\u00eda de Inversiones P\u00fablico Privadas. La nueva denominaci\u00f3n ser\u00e1\u00a0<b>Ministerio de Infraestructura y Transporte (MIT)<\/b>.<\/p>\n<p class=\"p_9\">Fusi\u00f3nese por absorci\u00f3n al Ministerio de Ambiente, Agua y Transici\u00f3n Ecol\u00f3gica al Ministerio de Energ\u00eda y Minas. La nueva denominaci\u00f3n ser\u00e1\u00a0<b>Ministerio de Ambiente y Energ\u00eda<\/b>.<\/p>\n<p class=\"p_11\">Fusi\u00f3nese por absorci\u00f3n al Ministerio de Turismo al Ministerio de Producci\u00f3n, Comercio Exterior, Inversiones y Pesca. La nueva denominaci\u00f3n ser\u00e1\u00a0<b>Ministerio de Producci\u00f3n, Comercio Exterior e Inversiones<\/b>.<\/p>\n<p class=\"p_12\">Trasl\u00e1dese \u00fanicamente el Viceministerio de Acuacultura y Pesca del Ministerio de Producci\u00f3n, Comercio Exterior, Inversiones y Pesca, a trav\u00e9s de fusi\u00f3n por absorci\u00f3n, al Ministerio de Agricultura y Ganader\u00eda. La nueva denominaci\u00f3n ser\u00e1\u00a0<b>Ministerio de Agricultura, Ganader\u00eda y Pesca<\/b>.<\/p>\n<p class=\"p_13\">Fusi\u00f3nese por absorci\u00f3n al Ministerio de Inclusi\u00f3n Econ\u00f3mica y Social, la Secretar\u00eda T\u00e9cnica Ecuador crece sin Desnutrici\u00f3n Infantil. La nueva denominaci\u00f3n ser\u00e1\u00a0<b>Ministerio de Desarrollo Humano<\/b>.<\/p>\n<p class=\"p_14\">Fusi\u00f3nese por absorci\u00f3n la Secretar\u00eda Nacional de Planificaci\u00f3n a la Presidencia de la Rep\u00fablica, integr\u00e1ndose dentro de su estructura org\u00e1nica como parte de la Secretar\u00eda General de la Administraci\u00f3n P\u00fablica y Gabinete de la Presidencia de la Rep\u00fablica. La nueva denominaci\u00f3n ser\u00e1\u00a0<b>Secretar\u00eda General de la Administraci\u00f3n P\u00fablica y Planificaci\u00f3n<\/b>.<\/p>\n<p class=\"p_15\">Fusi\u00f3nese por absorci\u00f3n la Secretar\u00eda T\u00e9cnica del Comit\u00e9 Interinstitucional de Prevenci\u00f3n de Asentamientos Humanos Irregulares al\u00a0<b>Ministerio de Transporte y Obras P\u00fablicas<\/b>.<\/p>\n<p class=\"p_16\">Adscr\u00edbase el Servicio Nacional de Atenci\u00f3n Integral a Personas Adultas Privadas de la Libertad y a Adolescentes Infractores al\u00a0<b>Ministerio del Interior<\/b>.<\/p>\n<p class=\"p_17\">Adscr\u00edbase el Servicio Integrado de Seguridad Ecu911 al\u00a0<b>Ministerio del Interior<\/b>.<\/p>\n<p class=\"p_18\">Seg\u00fan destac\u00f3 el Ejecutivo, \u00abde esta manera, el Plan de Eficiencia Administrativa avanza a paso firme para\u00a0<u>simplificar el aparato estatal, modernizar procesos en el sector p\u00fablico y garantizar el uso adecuado de los recursos del pa\u00eds<\/u>\u00ab.<\/p>\n<\/div>\n","protected":false},"excerpt":{"rendered":"<p>El presidente de la Rep\u00fablica,\u00a0Daniel Noboa, firm\u00f3 este jueves 14 de agosto los decretos ejecutivos N.\u00ba 94, 95, 96, 97, 98, 99 y 100, mediante los cuales dispuso la\u00a0fusi\u00f3n de ministerios, as\u00ed como el traslado y la adscripci\u00f3n de entidades gubernamentales, en el marco de su plan de eficiencia administrativa. Mientras se lleve a cabo este proceso, Noboa puntualiz\u00f3 que la ejecuci\u00f3n de todos los planes, programas, proyectos, obligaciones, competencias, atribuciones y, adem\u00e1s, la atenci\u00f3n a la ciudadan\u00eda\u00a0continuar\u00e1n operando con total normalidad y sin interrupciones. As\u00ed se fusionar\u00e1n los ministerios Los decretos ejecutivos ordenan la fusi\u00f3n de ministerios, disponiendo que las partidas presupuestarias, as\u00ed como todos los bienes muebles e inmuebles, activos y pasivos, se transfieran al ministerio que absorba a otro. Adem\u00e1s, se asignan nuevas\u00a0denominaciones\u00a0a las Carteras de Estado, conforme se detalla a continuaci\u00f3n: Fusi\u00f3nese por absorci\u00f3n al\u00a0Ministerio de Gobierno, el Ministerio de la Mujer y Derechos Humanos. Manteni\u00e9ndose su denominaci\u00f3n actual. Fusi\u00f3nese por absorci\u00f3n al Ministerio de Educaci\u00f3n, las siguientes instituciones: Ministerio de Cultura y Patrimonio; Secretar\u00eda de Educaci\u00f3n Superior, Ciencia, Tecnolog\u00eda e Innovaci\u00f3n y Ministerio del Deporte. La nueva denominaci\u00f3n ser\u00e1\u00a0Ministerio de Educaci\u00f3n, Deporte y Cultura. Fusi\u00f3nese por absorci\u00f3n al Ministerio de Transporte y Obras P\u00fablicas las siguientes instituciones: Ministerio de Desarrollo Urbano y Vivienda; y, la Secretar\u00eda de Inversiones P\u00fablico Privadas. La nueva denominaci\u00f3n ser\u00e1\u00a0Ministerio de Infraestructura y Transporte (MIT). Fusi\u00f3nese por absorci\u00f3n al Ministerio de Ambiente, Agua y Transici\u00f3n Ecol\u00f3gica al Ministerio de Energ\u00eda y Minas. La nueva denominaci\u00f3n ser\u00e1\u00a0Ministerio de Ambiente y Energ\u00eda. Fusi\u00f3nese por absorci\u00f3n al Ministerio de Turismo al Ministerio de Producci\u00f3n, Comercio Exterior, Inversiones y Pesca. La nueva denominaci\u00f3n ser\u00e1\u00a0Ministerio de Producci\u00f3n, Comercio Exterior e Inversiones. Trasl\u00e1dese \u00fanicamente el Viceministerio de Acuacultura y Pesca del Ministerio de Producci\u00f3n, Comercio Exterior, Inversiones y Pesca, a trav\u00e9s de fusi\u00f3n por absorci\u00f3n, al Ministerio de Agricultura y Ganader\u00eda. La nueva denominaci\u00f3n ser\u00e1\u00a0Ministerio de Agricultura, Ganader\u00eda y Pesca. Fusi\u00f3nese por absorci\u00f3n al Ministerio de Inclusi\u00f3n Econ\u00f3mica y Social, la Secretar\u00eda T\u00e9cnica Ecuador crece sin Desnutrici\u00f3n Infantil. La nueva denominaci\u00f3n ser\u00e1\u00a0Ministerio de Desarrollo Humano. Fusi\u00f3nese por absorci\u00f3n la Secretar\u00eda Nacional de Planificaci\u00f3n a la Presidencia de la Rep\u00fablica, integr\u00e1ndose dentro de su estructura org\u00e1nica como parte de la Secretar\u00eda General de la Administraci\u00f3n P\u00fablica y Gabinete de la Presidencia de la Rep\u00fablica. La nueva denominaci\u00f3n ser\u00e1\u00a0Secretar\u00eda General de la Administraci\u00f3n P\u00fablica y Planificaci\u00f3n. Fusi\u00f3nese por absorci\u00f3n la Secretar\u00eda T\u00e9cnica del Comit\u00e9 Interinstitucional de Prevenci\u00f3n de Asentamientos Humanos Irregulares al\u00a0Ministerio de Transporte y Obras P\u00fablicas. Adscr\u00edbase el Servicio Nacional de Atenci\u00f3n Integral a Personas Adultas Privadas de la Libertad y a Adolescentes Infractores al\u00a0Ministerio del Interior. Adscr\u00edbase el Servicio Integrado de Seguridad Ecu911 al\u00a0Ministerio del Interior. Seg\u00fan destac\u00f3 el Ejecutivo, \u00abde esta manera, el Plan de Eficiencia Administrativa avanza a paso firme para\u00a0simplificar el aparato estatal, modernizar procesos en el sector p\u00fablico y garantizar el uso adecuado de los recursos del pa\u00eds\u00ab.<\/p>\n","protected":false},"author":1,"featured_media":25612,"comment_status":"closed","ping_status":"closed","sticky":false,"template":"","format":"standard","meta":{"footnotes":""},"categories":[268],"tags":[],"class_list":["post-25611","post","type-post","status-publish","format-standard","has-post-thumbnail","hentry","category-nacionales"],"_links":{"self":[{"href":"https:\/\/www.elamazonico.com\/portal\/wp-json\/wp\/v2\/posts\/25611","targetHints":{"allow":["GET"]}}],"collection":[{"href":"https:\/\/www.elamazonico.com\/portal\/wp-json\/wp\/v2\/posts"}],"about":[{"href":"https:\/\/www.elamazonico.com\/portal\/wp-json\/wp\/v2\/types\/post"}],"author":[{"embeddable":true,"href":"https:\/\/www.elamazonico.com\/portal\/wp-json\/wp\/v2\/users\/1"}],"replies":[{"embeddable":true,"href":"https:\/\/www.elamazonico.com\/portal\/wp-json\/wp\/v2\/comments?post=25611"}],"version-history":[{"count":1,"href":"https:\/\/www.elamazonico.com\/portal\/wp-json\/wp\/v2\/posts\/25611\/revisions"}],"predecessor-version":[{"id":25613,"href":"https:\/\/www.elamazonico.com\/portal\/wp-json\/wp\/v2\/posts\/25611\/revisions\/25613"}],"wp:featuredmedia":[{"embeddable":true,"href":"https:\/\/www.elamazonico.com\/portal\/wp-json\/wp\/v2\/media\/25612"}],"wp:attachment":[{"href":"https:\/\/www.elamazonico.com\/portal\/wp-json\/wp\/v2\/media?parent=25611"}],"wp:term":[{"taxonomy":"category","embeddable":true,"href":"https:\/\/www.elamazonico.com\/portal\/wp-json\/wp\/v2\/categories?post=25611"},{"taxonomy":"post_tag","embeddable":true,"href":"https:\/\/www.elamazonico.com\/portal\/wp-json\/wp\/v2\/tags?post=25611"}],"curies":[{"name":"wp","href":"https:\/\/api.w.org\/{rel}","templated":true}]}}