{"id":25608,"date":"2025-08-15T06:10:20","date_gmt":"2025-08-15T11:10:20","guid":{"rendered":"https:\/\/www.elamazonico.com\/portal\/?p=25608"},"modified":"2025-08-15T06:10:20","modified_gmt":"2025-08-15T11:10:20","slug":"loja-se-prepara-para-recibir-a-la-virgen-del-cisne-bajo-el-lema-peregrinos-de-esperanza","status":"publish","type":"post","link":"https:\/\/www.elamazonico.com\/portal\/loja-se-prepara-para-recibir-a-la-virgen-del-cisne-bajo-el-lema-peregrinos-de-esperanza\/","title":{"rendered":"Loja se prepara para recibir a la Virgen del Cisne bajo el lema \u201cPeregrinos de Esperanza\u201d"},"content":{"rendered":"<p>La Di\u00f3cesis de Loja, en coordinaci\u00f3n con varias entidades locales, ofreci\u00f3 una rueda de prensa el martes 12 de agosto, para dar a conocer los detalles del recibimiento de la sagrada imagen de la Virgen del Cisne, cuya tradicional peregrinaci\u00f3n congrega cada a\u00f1o a miles de fieles provenientes de diversas regiones del pa\u00eds.<\/p>\n<p>El lema que enmarca la edici\u00f3n 2025 de esta manifestaci\u00f3n de fe, \u201cPeregrinos de Esperanza\u201d, fue inspirado en el mensaje dejado por el recordado Papa Francisco y retomado por la iglesia local como s\u00edmbolo de unidad y devoci\u00f3n mariana.<\/p>\n<p>El monse\u00f1or Walter Heras, Obispo de Loja, destac\u00f3 que \u201ccon Mar\u00eda, Peregrinos de Esperanza es justamente lo que decimos y caminamos con ella\u201d. Asimismo, se\u00f1al\u00f3 que todo se encuentra listo para la gran celebraci\u00f3n en la parroquia El Cisne este viernes 15 de agosto, acto que marcar\u00e1 el inicio de la peregrinaci\u00f3n hacia la ciudad de Loja.<\/p>\n<p>Durante el encuentro con los medios de comunicaci\u00f3n, se expuso la planificaci\u00f3n eclesi\u00e1stica, los recorridos oficiales y el contingente de seguridad destinado a salvaguardar el orden y la integridad de los participantes.<\/p>\n<p>La gobernadora de Loja, Alexandra Jara Minga, inform\u00f3 que, previo a la llegada de la Virgen, se han ejecutado inspecciones coordinadas entre la Intendencia General de Polic\u00eda, la Polic\u00eda Nacional, las Fuerzas Armadas y la Comisar\u00eda Municipal del GAD de Loja, abarcando no solo la parroquia El Cisne, sino tambi\u00e9n el cant\u00f3n Catamayo y la capital provincial.<\/p>\n<p>Por su parte, el comandante subrogante de la Subzona de Polic\u00eda Loja, coronel Jos\u00e9 C\u00f3ndor Muriel, indic\u00f3 que se contar\u00e1 con un contingente de 357 servidores policiales, reforzado con personal de las subzonas Azuay, Morona Santiago y Zamora Chinchipe, adem\u00e1s de unidades especializadas como la de Equitaci\u00f3n y Remonta, el servicio aeropolicial y un sistema de vallado din\u00e1mico mejorado respecto al a\u00f1o anterior.<\/p>\n<p>El Municipio de Loja tambi\u00e9n present\u00f3 sus acciones para garantizar el desarrollo seguro y ordenado de la romer\u00eda. La alcaldesa Diana Guayanay precis\u00f3 que se desplegar\u00e1n 120 personas en labores de limpieza, seis recolectores de carga posterior, camiones y camionetas para el retiro de desechos en El Cisne y a lo largo del trayecto. En materia de tr\u00e1nsito, se implementar\u00e1 un plan de contingencia con 140 agentes, cierre de v\u00edas en puntos estrat\u00e9gicos y control durante todo el recorrido. Asimismo, se reforzar\u00e1 la seguridad ciudadana con vigilancia en el espacio p\u00fablico, especialmente en las salidas, el trayecto y la terminal terrestre.<\/p>\n<p>Las autoridades subrayaron la importancia del trabajo interinstitucional para garantizar una peregrinaci\u00f3n segura, ordenada y con el sentido espiritual que caracteriza a esta tradici\u00f3n. Finalmente, hicieron un llamado a la ciudadan\u00eda a participar con responsabilidad y devoci\u00f3n, preservando la fe y el orden durante este importante evento religioso.<\/p>\n","protected":false},"excerpt":{"rendered":"<p>La Di\u00f3cesis de Loja, en coordinaci\u00f3n con varias entidades locales, ofreci\u00f3 una rueda de prensa el martes 12 de agosto, para dar a conocer los detalles del recibimiento de la sagrada imagen de la Virgen del Cisne, cuya tradicional peregrinaci\u00f3n congrega cada a\u00f1o a miles de fieles provenientes de diversas regiones del pa\u00eds. El lema que enmarca la edici\u00f3n 2025 de esta manifestaci\u00f3n de fe, \u201cPeregrinos de Esperanza\u201d, fue inspirado en el mensaje dejado por el recordado Papa Francisco y retomado por la iglesia local como s\u00edmbolo de unidad y devoci\u00f3n mariana. El monse\u00f1or Walter Heras, Obispo de Loja, destac\u00f3 que \u201ccon Mar\u00eda, Peregrinos de Esperanza es justamente lo que decimos y caminamos con ella\u201d. Asimismo, se\u00f1al\u00f3 que todo se encuentra listo para la gran celebraci\u00f3n en la parroquia El Cisne este viernes 15 de agosto, acto que marcar\u00e1 el inicio de la peregrinaci\u00f3n hacia la ciudad de Loja. Durante el encuentro con los medios de comunicaci\u00f3n, se expuso la planificaci\u00f3n eclesi\u00e1stica, los recorridos oficiales y el contingente de seguridad destinado a salvaguardar el orden y la integridad de los participantes. La gobernadora de Loja, Alexandra Jara Minga, inform\u00f3 que, previo a la llegada de la Virgen, se han ejecutado inspecciones coordinadas entre la Intendencia General de Polic\u00eda, la Polic\u00eda Nacional, las Fuerzas Armadas y la Comisar\u00eda Municipal del GAD de Loja, abarcando no solo la parroquia El Cisne, sino tambi\u00e9n el cant\u00f3n Catamayo y la capital provincial. Por su parte, el comandante subrogante de la Subzona de Polic\u00eda Loja, coronel Jos\u00e9 C\u00f3ndor Muriel, indic\u00f3 que se contar\u00e1 con un contingente de 357 servidores policiales, reforzado con personal de las subzonas Azuay, Morona Santiago y Zamora Chinchipe, adem\u00e1s de unidades especializadas como la de Equitaci\u00f3n y Remonta, el servicio aeropolicial y un sistema de vallado din\u00e1mico mejorado respecto al a\u00f1o anterior. El Municipio de Loja tambi\u00e9n present\u00f3 sus acciones para garantizar el desarrollo seguro y ordenado de la romer\u00eda. La alcaldesa Diana Guayanay precis\u00f3 que se desplegar\u00e1n 120 personas en labores de limpieza, seis recolectores de carga posterior, camiones y camionetas para el retiro de desechos en El Cisne y a lo largo del trayecto. En materia de tr\u00e1nsito, se implementar\u00e1 un plan de contingencia con 140 agentes, cierre de v\u00edas en puntos estrat\u00e9gicos y control durante todo el recorrido. Asimismo, se reforzar\u00e1 la seguridad ciudadana con vigilancia en el espacio p\u00fablico, especialmente en las salidas, el trayecto y la terminal terrestre. Las autoridades subrayaron la importancia del trabajo interinstitucional para garantizar una peregrinaci\u00f3n segura, ordenada y con el sentido espiritual que caracteriza a esta tradici\u00f3n. Finalmente, hicieron un llamado a la ciudadan\u00eda a participar con responsabilidad y devoci\u00f3n, preservando la fe y el orden durante este importante evento religioso.<\/p>\n","protected":false},"author":1,"featured_media":25609,"comment_status":"closed","ping_status":"closed","sticky":false,"template":"","format":"standard","meta":{"footnotes":""},"categories":[268,284,243],"tags":[],"class_list":["post-25608","post","type-post","status-publish","format-standard","has-post-thumbnail","hentry","category-nacionales","category-noticias-loja","category-noticias-zamora"],"_links":{"self":[{"href":"https:\/\/www.elamazonico.com\/portal\/wp-json\/wp\/v2\/posts\/25608","targetHints":{"allow":["GET"]}}],"collection":[{"href":"https:\/\/www.elamazonico.com\/portal\/wp-json\/wp\/v2\/posts"}],"about":[{"href":"https:\/\/www.elamazonico.com\/portal\/wp-json\/wp\/v2\/types\/post"}],"author":[{"embeddable":true,"href":"https:\/\/www.elamazonico.com\/portal\/wp-json\/wp\/v2\/users\/1"}],"replies":[{"embeddable":true,"href":"https:\/\/www.elamazonico.com\/portal\/wp-json\/wp\/v2\/comments?post=25608"}],"version-history":[{"count":1,"href":"https:\/\/www.elamazonico.com\/portal\/wp-json\/wp\/v2\/posts\/25608\/revisions"}],"predecessor-version":[{"id":25610,"href":"https:\/\/www.elamazonico.com\/portal\/wp-json\/wp\/v2\/posts\/25608\/revisions\/25610"}],"wp:featuredmedia":[{"embeddable":true,"href":"https:\/\/www.elamazonico.com\/portal\/wp-json\/wp\/v2\/media\/25609"}],"wp:attachment":[{"href":"https:\/\/www.elamazonico.com\/portal\/wp-json\/wp\/v2\/media?parent=25608"}],"wp:term":[{"taxonomy":"category","embeddable":true,"href":"https:\/\/www.elamazonico.com\/portal\/wp-json\/wp\/v2\/categories?post=25608"},{"taxonomy":"post_tag","embeddable":true,"href":"https:\/\/www.elamazonico.com\/portal\/wp-json\/wp\/v2\/tags?post=25608"}],"curies":[{"name":"wp","href":"https:\/\/api.w.org\/{rel}","templated":true}]}}