{"id":25605,"date":"2025-08-15T06:07:01","date_gmt":"2025-08-15T11:07:01","guid":{"rendered":"https:\/\/www.elamazonico.com\/portal\/?p=25605"},"modified":"2025-08-15T06:07:01","modified_gmt":"2025-08-15T11:07:01","slug":"ecuador-y-peru-fortalecen-lazos-a-traves-del-turismo-y-el-desarrollo-territorial","status":"publish","type":"post","link":"https:\/\/www.elamazonico.com\/portal\/ecuador-y-peru-fortalecen-lazos-a-traves-del-turismo-y-el-desarrollo-territorial\/","title":{"rendered":"Ecuador y Per\u00fa fortalecen lazos a trav\u00e9s del turismo y el desarrollo territorial"},"content":{"rendered":"<p>En un acto de integraci\u00f3n binacional, el presidente del Consorcio de Gobiernos Provinciales del Ecuador (CONGOPE) y prefecto de El Oro, Clemente Bravo, lider\u00f3 el lanzamiento de la Gira Internacional Piura 2025, una iniciativa estrat\u00e9gica que busca proyectar la riqueza cultural, gastron\u00f3mica y natural de Ecuador hacia el escenario internacional.<\/p>\n<p>Este proyecto, impulsado por el CONGOPE, el Gobierno Nacional y diversos aliados estrat\u00e9gicos, se constituye como una plataforma de promoci\u00f3n y cooperaci\u00f3n destinada a fortalecer la marca pa\u00eds, dinamizar la gesti\u00f3n tur\u00edstica de las 23 provincias ecuatorianas y consolidar los v\u00ednculos de desarrollo con la Rep\u00fablica del Per\u00fa.<\/p>\n<p>La presentaci\u00f3n oficial congreg\u00f3 a autoridades gubernamentales, representantes culturales y actores del sector tur\u00edstico en una jornada de di\u00e1logo y colaboraci\u00f3n. El encuentro no solo reafirm\u00f3 el compromiso con el intercambio cultural y econ\u00f3mico entre ambos pa\u00edses, sino que tambi\u00e9n abri\u00f3 nuevos caminos para el turismo regional sostenible, promoviendo un modelo de gesti\u00f3n articulada que impulse la competitividad y la identidad territorial.<\/p>\n<p>La Gira Internacional Piura 2025 representa una oportunidad estrat\u00e9gica para que Ecuador y Per\u00fa fortalezcan sus relaciones bilaterales, ampl\u00eden sus mercados tur\u00edsticos y consoliden su proyecci\u00f3n internacional, demostrando que la cooperaci\u00f3n transfronteriza es un motor clave para el desarrollo integral de las regiones.<\/p>\n","protected":false},"excerpt":{"rendered":"<p>En un acto de integraci\u00f3n binacional, el presidente del Consorcio de Gobiernos Provinciales del Ecuador (CONGOPE) y prefecto de El Oro, Clemente Bravo, lider\u00f3 el lanzamiento de la Gira Internacional Piura 2025, una iniciativa estrat\u00e9gica que busca proyectar la riqueza cultural, gastron\u00f3mica y natural de Ecuador hacia el escenario internacional. Este proyecto, impulsado por el CONGOPE, el Gobierno Nacional y diversos aliados estrat\u00e9gicos, se constituye como una plataforma de promoci\u00f3n y cooperaci\u00f3n destinada a fortalecer la marca pa\u00eds, dinamizar la gesti\u00f3n tur\u00edstica de las 23 provincias ecuatorianas y consolidar los v\u00ednculos de desarrollo con la Rep\u00fablica del Per\u00fa. La presentaci\u00f3n oficial congreg\u00f3 a autoridades gubernamentales, representantes culturales y actores del sector tur\u00edstico en una jornada de di\u00e1logo y colaboraci\u00f3n. El encuentro no solo reafirm\u00f3 el compromiso con el intercambio cultural y econ\u00f3mico entre ambos pa\u00edses, sino que tambi\u00e9n abri\u00f3 nuevos caminos para el turismo regional sostenible, promoviendo un modelo de gesti\u00f3n articulada que impulse la competitividad y la identidad territorial. La Gira Internacional Piura 2025 representa una oportunidad estrat\u00e9gica para que Ecuador y Per\u00fa fortalezcan sus relaciones bilaterales, ampl\u00eden sus mercados tur\u00edsticos y consoliden su proyecci\u00f3n internacional, demostrando que la cooperaci\u00f3n transfronteriza es un motor clave para el desarrollo integral de las regiones.<\/p>\n","protected":false},"author":1,"featured_media":25606,"comment_status":"closed","ping_status":"closed","sticky":false,"template":"","format":"standard","meta":{"footnotes":""},"categories":[268],"tags":[],"class_list":["post-25605","post","type-post","status-publish","format-standard","has-post-thumbnail","hentry","category-nacionales"],"_links":{"self":[{"href":"https:\/\/www.elamazonico.com\/portal\/wp-json\/wp\/v2\/posts\/25605","targetHints":{"allow":["GET"]}}],"collection":[{"href":"https:\/\/www.elamazonico.com\/portal\/wp-json\/wp\/v2\/posts"}],"about":[{"href":"https:\/\/www.elamazonico.com\/portal\/wp-json\/wp\/v2\/types\/post"}],"author":[{"embeddable":true,"href":"https:\/\/www.elamazonico.com\/portal\/wp-json\/wp\/v2\/users\/1"}],"replies":[{"embeddable":true,"href":"https:\/\/www.elamazonico.com\/portal\/wp-json\/wp\/v2\/comments?post=25605"}],"version-history":[{"count":1,"href":"https:\/\/www.elamazonico.com\/portal\/wp-json\/wp\/v2\/posts\/25605\/revisions"}],"predecessor-version":[{"id":25607,"href":"https:\/\/www.elamazonico.com\/portal\/wp-json\/wp\/v2\/posts\/25605\/revisions\/25607"}],"wp:featuredmedia":[{"embeddable":true,"href":"https:\/\/www.elamazonico.com\/portal\/wp-json\/wp\/v2\/media\/25606"}],"wp:attachment":[{"href":"https:\/\/www.elamazonico.com\/portal\/wp-json\/wp\/v2\/media?parent=25605"}],"wp:term":[{"taxonomy":"category","embeddable":true,"href":"https:\/\/www.elamazonico.com\/portal\/wp-json\/wp\/v2\/categories?post=25605"},{"taxonomy":"post_tag","embeddable":true,"href":"https:\/\/www.elamazonico.com\/portal\/wp-json\/wp\/v2\/tags?post=25605"}],"curies":[{"name":"wp","href":"https:\/\/api.w.org\/{rel}","templated":true}]}}