{"id":25599,"date":"2025-08-14T15:29:48","date_gmt":"2025-08-14T20:29:48","guid":{"rendered":"https:\/\/www.elamazonico.com\/portal\/?p=25599"},"modified":"2025-08-14T15:29:48","modified_gmt":"2025-08-14T20:29:48","slug":"panama-saldra-de-la-lista-de-paraisos-fiscales-en-ecuador-confirma-presidente-jose-raul-mulino","status":"publish","type":"post","link":"https:\/\/www.elamazonico.com\/portal\/panama-saldra-de-la-lista-de-paraisos-fiscales-en-ecuador-confirma-presidente-jose-raul-mulino\/","title":{"rendered":"Panam\u00e1 saldr\u00e1 de la lista de para\u00edsos fiscales en Ecuador, confirma presidente Jos\u00e9 Ra\u00fal Mulino"},"content":{"rendered":"<div class=\"paragraph texto\">\n<p class=\"p_0\"><b>Panam\u00e1\u00a0<\/b>ya no ser\u00e1 considerado un\u00a0<b><a href=\"https:\/\/www.vistazo.com\/actualidad\/nacional\/albania-vuelve-a-ser-incluida-en-la-lista-de-paraisos-fiscales-en-ecuador-sri-agrega-otros-paises-ML6872934\" target=\"_blank\" rel=\"noopener noreferrer\">para\u00edso fiscal<\/a><\/b>\u00a0en\u00a0<b>Ecuador<\/b>. El anuncio lo hizo el presidente paname\u00f1o, Jos\u00e9 Ra\u00fal Mulino, este jueves 14 de agosto de 2025.<\/p>\n<p class=\"p_2\">El primer mandatario asegur\u00f3 que, las agencias tributarias de Panam\u00e1 y Ecuador firman hoy un acuerdo que permitir\u00e1 la salida del pa\u00eds centroamericano de la lista en menci\u00f3n.<\/p>\n<p class=\"p_3\">\u00ab<u>Hoy se firmar\u00e1 al mediod\u00eda un (acuerdo de) intercambio de informaci\u00f3n tributaria entre la Direcci\u00f3n General de Ingresos (DGI) y el Servicio de Rentas Internas del Ecuador<\/u>. Esto es de suma importancia para ambas naciones, sobre todo porque con esto Panam\u00e1 saldr\u00e1 de la lista de para\u00edsos fiscales del Ecuador\u00bb, declar\u00f3 Mulino durante su conferencia de prensa semanal.<\/p>\n<div class=\"Center2Display\">\n<div id=\"Center2\"><\/div>\n<\/div>\n<p class=\"p_4\">El jefe de Estado tuvo palabras de reconocimiento para su hom\u00f3logo,\u00a0<b>Daniel Noboa<\/b>, por \u00abel apoyo y el liderazgo\u00bb que conllev\u00f3 a la firma del acuerdo tributario y la consecuente salida de Panam\u00e1 de la lista discriminatoria, que es \u00abel fruto de conversaciones y acercamientos\u00bb al respecto entre ambos.<\/p>\n<\/div>\n<h2 class=\"h2vistazo\">Acuerdos entre Panam\u00e1 y Ecuador<\/h2>\n<div class=\"paragraph texto\">\n<p class=\"p_6\">La salida de la lista ecuatoriana \u00abes otro paso en la direcci\u00f3n correcta que me he propuesto y es parte de los esfuerzos de mi Gobierno para salir de todas las\u00a0<b>listas discriminatorias<\/b>\u00a0y de las acciones para mejorar las pol\u00edticas p\u00fablicas incluyendo al solicitud de ingreso a la Organizaci\u00f3n para la Cooperaci\u00f3n y el Desarrollo Econ\u00f3micos (OCDE)\u00bb, agreg\u00f3 Mulino.<\/p>\n<p class=\"p_7\">De acuerdo con la informaci\u00f3n oficial paname\u00f1a,\u00a0<u>Ecuador mantiene a Panam\u00e1 en la lista de para\u00edsos fiscales desde el 2008<\/u>. El pa\u00eds centroamericano sali\u00f3 recientemente de una lista de blanqueo de la Uni\u00f3n Europea (UE) y a finales de 2023 tambi\u00e9n de la lista gris del Grupo de Acci\u00f3n Financiera Internacional (GAFI).<\/p>\n<p class=\"p_8\">\u00abPanam\u00e1 ha dado pasos con Estados Unidos y la comunidad europea, lo que facilita que nuestro pa\u00eds siga en esta l\u00ednea y pueda levantar cualquier\u00a0<b>restricci\u00f3n\u00a0<\/b>o lista de para\u00edsos fiscales\u00bb, afirm\u00f3 Noboa el pasado 29 de junio en Sevilla (Espa\u00f1a), tras un reuni\u00f3n con el presidente Mulino, en la que hablaron no solo del tema fiscal sino de la\u00a0<b>cooperaci\u00f3n\u00a0<\/b>en las \u00e1reas\u00a0<b>log\u00edstica y energ\u00e9tica<\/b>.<\/p>\n<p class=\"p_9\">Ecuador \u00ab<u>es un importante usuario del Canal de Panam\u00e1<\/u>\u00ab, destac\u00f3 entonces Mulino, quien expuso a Noboa sobre los planes de la v\u00eda para construir un nuevo embalse que le garantice el suministro de agua, seg\u00fan inform\u00f3 en su momento el Gobierno ecuatoriano. <strong>Fuente: Vistazo<\/strong><\/p>\n<\/div>\n","protected":false},"excerpt":{"rendered":"<p>Panam\u00e1\u00a0ya no ser\u00e1 considerado un\u00a0para\u00edso fiscal\u00a0en\u00a0Ecuador. El anuncio lo hizo el presidente paname\u00f1o, Jos\u00e9 Ra\u00fal Mulino, este jueves 14 de agosto de 2025. El primer mandatario asegur\u00f3 que, las agencias tributarias de Panam\u00e1 y Ecuador firman hoy un acuerdo que permitir\u00e1 la salida del pa\u00eds centroamericano de la lista en menci\u00f3n. \u00abHoy se firmar\u00e1 al mediod\u00eda un (acuerdo de) intercambio de informaci\u00f3n tributaria entre la Direcci\u00f3n General de Ingresos (DGI) y el Servicio de Rentas Internas del Ecuador. Esto es de suma importancia para ambas naciones, sobre todo porque con esto Panam\u00e1 saldr\u00e1 de la lista de para\u00edsos fiscales del Ecuador\u00bb, declar\u00f3 Mulino durante su conferencia de prensa semanal. El jefe de Estado tuvo palabras de reconocimiento para su hom\u00f3logo,\u00a0Daniel Noboa, por \u00abel apoyo y el liderazgo\u00bb que conllev\u00f3 a la firma del acuerdo tributario y la consecuente salida de Panam\u00e1 de la lista discriminatoria, que es \u00abel fruto de conversaciones y acercamientos\u00bb al respecto entre ambos. Acuerdos entre Panam\u00e1 y Ecuador La salida de la lista ecuatoriana \u00abes otro paso en la direcci\u00f3n correcta que me he propuesto y es parte de los esfuerzos de mi Gobierno para salir de todas las\u00a0listas discriminatorias\u00a0y de las acciones para mejorar las pol\u00edticas p\u00fablicas incluyendo al solicitud de ingreso a la Organizaci\u00f3n para la Cooperaci\u00f3n y el Desarrollo Econ\u00f3micos (OCDE)\u00bb, agreg\u00f3 Mulino. De acuerdo con la informaci\u00f3n oficial paname\u00f1a,\u00a0Ecuador mantiene a Panam\u00e1 en la lista de para\u00edsos fiscales desde el 2008. El pa\u00eds centroamericano sali\u00f3 recientemente de una lista de blanqueo de la Uni\u00f3n Europea (UE) y a finales de 2023 tambi\u00e9n de la lista gris del Grupo de Acci\u00f3n Financiera Internacional (GAFI). \u00abPanam\u00e1 ha dado pasos con Estados Unidos y la comunidad europea, lo que facilita que nuestro pa\u00eds siga en esta l\u00ednea y pueda levantar cualquier\u00a0restricci\u00f3n\u00a0o lista de para\u00edsos fiscales\u00bb, afirm\u00f3 Noboa el pasado 29 de junio en Sevilla (Espa\u00f1a), tras un reuni\u00f3n con el presidente Mulino, en la que hablaron no solo del tema fiscal sino de la\u00a0cooperaci\u00f3n\u00a0en las \u00e1reas\u00a0log\u00edstica y energ\u00e9tica. Ecuador \u00abes un importante usuario del Canal de Panam\u00e1\u00ab, destac\u00f3 entonces Mulino, quien expuso a Noboa sobre los planes de la v\u00eda para construir un nuevo embalse que le garantice el suministro de agua, seg\u00fan inform\u00f3 en su momento el Gobierno ecuatoriano. Fuente: Vistazo<\/p>\n","protected":false},"author":1,"featured_media":25600,"comment_status":"closed","ping_status":"closed","sticky":false,"template":"","format":"standard","meta":{"footnotes":""},"categories":[268],"tags":[],"class_list":["post-25599","post","type-post","status-publish","format-standard","has-post-thumbnail","hentry","category-nacionales"],"_links":{"self":[{"href":"https:\/\/www.elamazonico.com\/portal\/wp-json\/wp\/v2\/posts\/25599","targetHints":{"allow":["GET"]}}],"collection":[{"href":"https:\/\/www.elamazonico.com\/portal\/wp-json\/wp\/v2\/posts"}],"about":[{"href":"https:\/\/www.elamazonico.com\/portal\/wp-json\/wp\/v2\/types\/post"}],"author":[{"embeddable":true,"href":"https:\/\/www.elamazonico.com\/portal\/wp-json\/wp\/v2\/users\/1"}],"replies":[{"embeddable":true,"href":"https:\/\/www.elamazonico.com\/portal\/wp-json\/wp\/v2\/comments?post=25599"}],"version-history":[{"count":1,"href":"https:\/\/www.elamazonico.com\/portal\/wp-json\/wp\/v2\/posts\/25599\/revisions"}],"predecessor-version":[{"id":25601,"href":"https:\/\/www.elamazonico.com\/portal\/wp-json\/wp\/v2\/posts\/25599\/revisions\/25601"}],"wp:featuredmedia":[{"embeddable":true,"href":"https:\/\/www.elamazonico.com\/portal\/wp-json\/wp\/v2\/media\/25600"}],"wp:attachment":[{"href":"https:\/\/www.elamazonico.com\/portal\/wp-json\/wp\/v2\/media?parent=25599"}],"wp:term":[{"taxonomy":"category","embeddable":true,"href":"https:\/\/www.elamazonico.com\/portal\/wp-json\/wp\/v2\/categories?post=25599"},{"taxonomy":"post_tag","embeddable":true,"href":"https:\/\/www.elamazonico.com\/portal\/wp-json\/wp\/v2\/tags?post=25599"}],"curies":[{"name":"wp","href":"https:\/\/api.w.org\/{rel}","templated":true}]}}