{"id":25596,"date":"2025-08-14T15:28:28","date_gmt":"2025-08-14T20:28:28","guid":{"rendered":"https:\/\/www.elamazonico.com\/portal\/?p=25596"},"modified":"2025-08-14T15:28:28","modified_gmt":"2025-08-14T20:28:28","slug":"reimberg-anuncia-recaptura-del-criminal-alias-yoker-y-arremete-contra-la-corte-constitucional","status":"publish","type":"post","link":"https:\/\/www.elamazonico.com\/portal\/reimberg-anuncia-recaptura-del-criminal-alias-yoker-y-arremete-contra-la-corte-constitucional\/","title":{"rendered":"Reimberg anuncia recaptura del criminal alias \u2018Yoker\u2019 y arremete contra la Corte Constitucional"},"content":{"rendered":"<div class=\"paragraph texto\">\n<p class=\"p_0\">El ministro del Interior,\u00a0<b>John Reimberg<\/b>, inform\u00f3 este jueves 14 de agosto sobre la recaptura de un\u00a0<b><a href=\"https:\/\/www.vistazo.com\/actualidad\/nacional\/2025-08-08-ecuador-semestre-violento-homicidios-asesinato-2025-DM9907423\" target=\"_blank\" rel=\"noopener noreferrer\">asesino<\/a><\/b>\u00a0reincidente y objetivo criminal, identificado como alias \u2018<b>Yoker\u2019<\/b>, durante un operativo en la provincia de El Oro.<\/p>\n<p class=\"p_1\">Y apunt\u00f3 contra la\u00a0<u>Corte Constitucional\u00a0<\/u>por prohibir la prisi\u00f3n preventiva autom\u00e1tica. Se\u00f1al\u00f3 que, ser reincidente ya no representa un problema, algo que, seg\u00fan el ministro,\u00a0<u>\u00abes casi un pase VIP que los deja en libertad, esperando sentencia\u201d.<\/u><\/p>\n<\/div>\n<div class=\"multimediaMacroWrapper img lateral\">\n<figure class=\"contentMedia art-img\">\n<div><img fetchpriority=\"high\" decoding=\"async\" class=\" lazyloaded\" title=\"El ministro del Interior, John Reimberg, se pronunci\u00f3 tras recaptura de alias Yoker.\" src=\"https:\/\/www.vistazo.com\/placeholder\/svg\/viewbox\/583x358\" sizes=\"100vw\" srcset=\"\/\/www.vistazo.com\/binrepository\/583x358\/0c0\/0d0\/none\/12727\/JLSO\/gyvgvyyxeaiwq-w_2358591_20250814140825.png 583w,\/\/www.vistazo.com\/binrepository\/486x298\/0c0\/0d0\/none\/12727\/JLSV\/gyvgvyyxeaiwq-w_2358591_20250814140825.png 486w,\/\/www.vistazo.com\/binrepository\/389x239\/0c0\/0d0\/none\/12727\/JLRT\/gyvgvyyxeaiwq-w_2358591_20250814140825.png 389w,\/\/www.vistazo.com\/binrepository\/300x184\/0c0\/0d0\/none\/12727\/JLOM\/gyvgvyyxeaiwq-w_2358591_20250814140825.png 300w\" alt=\"$!El ministro del Interior, John Reimberg, se pronunci\u00f3 tras recaptura de alias Yoker.\" width=\"583\" height=\"358\" data-srcset=\"\/\/www.vistazo.com\/binrepository\/583x358\/0c0\/0d0\/none\/12727\/JLSO\/gyvgvyyxeaiwq-w_2358591_20250814140825.png 583w,\/\/www.vistazo.com\/binrepository\/486x298\/0c0\/0d0\/none\/12727\/JLSV\/gyvgvyyxeaiwq-w_2358591_20250814140825.png 486w,\/\/www.vistazo.com\/binrepository\/389x239\/0c0\/0d0\/none\/12727\/JLRT\/gyvgvyyxeaiwq-w_2358591_20250814140825.png 389w,\/\/www.vistazo.com\/binrepository\/300x184\/0c0\/0d0\/none\/12727\/JLOM\/gyvgvyyxeaiwq-w_2358591_20250814140825.png 300w\" \/><\/div>\n<div class=\"cutline-byline\"><span class=\"cutline-text\">El ministro del Interior, John Reimberg, se pronunci\u00f3 tras recaptura de alias Yoker.<\/span>\u00a0<span class=\"byline-image\">(Captura de pantalla. )<\/span><\/div>\n<\/figure>\n<\/div>\n<div class=\"paragraph texto\">\n<p class=\"p_3\">Alias \u2018Yoker\u2019 hab\u00eda sido detenido previamente el 16 de abril de 2025, pero fue liberado ese mismo d\u00eda con medidas sustitutivas.<\/p>\n<div class=\"Center2Display\">\n<div id=\"Center2\"><\/div>\n<\/div>\n<p class=\"p_4\">\u201c<u>Ya lo hab\u00edamos detenido en abril de este a\u00f1o, pero un juez lo liber\u00f3 el mismo d\u00eda. \u00bfLa raz\u00f3n? Era apenas su segunda vez<\/u>\u201d, se\u00f1al\u00f3 Reimberg.<\/p>\n<\/div>\n<div class=\"Citavistazo\">\u201cSabemos que en este pa\u00eds el crimen no descansa. Y, al parecer, la justicia tampoco&#8230; pero del lado equivocado\u201d, concluy\u00f3.<\/div>\n<div class=\"multimediaMacroWrapper img lateral\">\n<figure class=\"contentMedia art-img\">\n<div><img decoding=\"async\" class=\" lazyloaded\" title=\"Reimberg anuncia recaptura del criminal alias \u2018Yoker\u2019 y arremete contra la Corte Constitucional\" src=\"https:\/\/www.vistazo.com\/placeholder\/svg\/viewbox\/768x318\" sizes=\"100vw\" srcset=\"\/\/www.vistazo.com\/binrepository\/768x318\/0c0\/0d0\/none\/12727\/YCGJ\/reso_2358553_20250814134320.jpg 768w,\/\/www.vistazo.com\/binrepository\/640x265\/0c0\/0d0\/none\/12727\/YCNC\/reso_2358553_20250814134320.jpg 640w,\/\/www.vistazo.com\/binrepository\/512x212\/0c0\/0d0\/none\/12727\/YCNG\/reso_2358553_20250814134320.jpg 512w,\/\/www.vistazo.com\/binrepository\/384x159\/0c0\/0d0\/none\/12727\/YCBP\/reso_2358553_20250814134320.jpg 384w,\/\/www.vistazo.com\/binrepository\/300x124\/0c0\/0d0\/none\/12727\/YCLD\/reso_2358553_20250814134320.jpg 300w\" alt=\"$!Reimberg anuncia recaptura del criminal alias \u2018Yoker\u2019 y arremete contra la Corte Constitucional\" width=\"768\" height=\"318\" data-srcset=\"\/\/www.vistazo.com\/binrepository\/768x318\/0c0\/0d0\/none\/12727\/YCGJ\/reso_2358553_20250814134320.jpg 768w,\/\/www.vistazo.com\/binrepository\/640x265\/0c0\/0d0\/none\/12727\/YCNC\/reso_2358553_20250814134320.jpg 640w,\/\/www.vistazo.com\/binrepository\/512x212\/0c0\/0d0\/none\/12727\/YCNG\/reso_2358553_20250814134320.jpg 512w,\/\/www.vistazo.com\/binrepository\/384x159\/0c0\/0d0\/none\/12727\/YCBP\/reso_2358553_20250814134320.jpg 384w,\/\/www.vistazo.com\/binrepository\/300x124\/0c0\/0d0\/none\/12727\/YCLD\/reso_2358553_20250814134320.jpg 300w\" \/><\/div>\n<\/figure>\n<\/div>\n<h2 class=\"h2vistazo\">Captura de &#8216;Yoker&#8217;<\/h2>\n<div class=\"paragraph texto\">\n<p class=\"p_5\">La Polic\u00eda Nacional llev\u00f3 a cabo el operativo \u201c<b>Apolo 6<\/b>\u201d en la provincia de El Oro, este 14 de agosto de 2025, que permiti\u00f3 afectar a c\u00e9lulas delictivas de \u201cLos Lobos\u201d y \u201cSaobox\u201d.<\/p>\n<p class=\"p_6\">El despliegue policial culmin\u00f3 con la\u00a0<b>aprehensi\u00f3n\u00a0<\/b>de 13 individuos en\u00a0<b>flagrancia<\/b>, entre ellos un adolescente, y la detenci\u00f3n de 2 personas m\u00e1s con\u00a0<b>boletas\u00a0<\/b>de\u00a0<b>captura<\/b>, incluyendo a un\u00a0<u>objetivo de alto valor vinculado a un asesinato<\/u>.<\/p>\n<p class=\"p_7\">M\u00e1s de 200 servidores policiales participaron en la operaci\u00f3n, que comprendi\u00f3 un total de\u00a0<b>25 allanamientos\u00a0<\/b>a inmuebles ubicados en cinco sectores clave de Machala: Puerto Bol\u00edvar, Kattyas, Wilson Franco, Nuevo Pilo y Cristo del Consuelo.<\/p>\n<p class=\"p_9\">Entre los\u00a0<b>detenidos\u00a0<\/b>con boleta se encuentra Michael Isaac J. R., alias &#8216;<b>Yoker&#8217;<\/b>, catalogado como objetivo de valor intermedio y presunto autor del asesinato de alias &#8216;<b>Romario&#8217;<\/b>, cabecilla de\u00a0<i>Saobox<\/i>. La Polic\u00eda record\u00f3 que alias &#8216;<b>Yoker&#8217;\u00a0<\/b>hab\u00eda sido capturado el 16 de abril de 2025, pero liberado el mismo d\u00eda con medidas sustitutivas.<\/p>\n<p class=\"p_10\">El operativo dej\u00f3 como resultado la incautaci\u00f3n de 5 armas de fuego, 76 cartuchos de distinto calibre,\u00a0<u>6.000 dosis de sustancias sujetas a fiscalizaci\u00f3n,\u00a0<\/u>as\u00ed como la recuperaci\u00f3n de 9 motocicletas, 2 veh\u00edculos y 23 tel\u00e9fonos celulares. Adem\u00e1s, se desmantel\u00f3 un centro clandestino equipado con 12 c\u00e1maras de videovigilancia.<\/p>\n<p class=\"p_11\">Los aprehendidos y detenidos, junto con los indicios, fueron puestos a \u00f3rdenes de la autoridad competente para resolver su situaci\u00f3n jur\u00eddica. <strong>Fuente: Vistazo<\/strong><\/p>\n<\/div>\n","protected":false},"excerpt":{"rendered":"<p>El ministro del Interior,\u00a0John Reimberg, inform\u00f3 este jueves 14 de agosto sobre la recaptura de un\u00a0asesino\u00a0reincidente y objetivo criminal, identificado como alias \u2018Yoker\u2019, durante un operativo en la provincia de El Oro. Y apunt\u00f3 contra la\u00a0Corte Constitucional\u00a0por prohibir la prisi\u00f3n preventiva autom\u00e1tica. Se\u00f1al\u00f3 que, ser reincidente ya no representa un problema, algo que, seg\u00fan el ministro,\u00a0\u00abes casi un pase VIP que los deja en libertad, esperando sentencia\u201d. El ministro del Interior, John Reimberg, se pronunci\u00f3 tras recaptura de alias Yoker.\u00a0(Captura de pantalla. ) Alias \u2018Yoker\u2019 hab\u00eda sido detenido previamente el 16 de abril de 2025, pero fue liberado ese mismo d\u00eda con medidas sustitutivas. \u201cYa lo hab\u00edamos detenido en abril de este a\u00f1o, pero un juez lo liber\u00f3 el mismo d\u00eda. \u00bfLa raz\u00f3n? Era apenas su segunda vez\u201d, se\u00f1al\u00f3 Reimberg. \u201cSabemos que en este pa\u00eds el crimen no descansa. Y, al parecer, la justicia tampoco&#8230; pero del lado equivocado\u201d, concluy\u00f3. Captura de &#8216;Yoker&#8217; La Polic\u00eda Nacional llev\u00f3 a cabo el operativo \u201cApolo 6\u201d en la provincia de El Oro, este 14 de agosto de 2025, que permiti\u00f3 afectar a c\u00e9lulas delictivas de \u201cLos Lobos\u201d y \u201cSaobox\u201d. El despliegue policial culmin\u00f3 con la\u00a0aprehensi\u00f3n\u00a0de 13 individuos en\u00a0flagrancia, entre ellos un adolescente, y la detenci\u00f3n de 2 personas m\u00e1s con\u00a0boletas\u00a0de\u00a0captura, incluyendo a un\u00a0objetivo de alto valor vinculado a un asesinato. M\u00e1s de 200 servidores policiales participaron en la operaci\u00f3n, que comprendi\u00f3 un total de\u00a025 allanamientos\u00a0a inmuebles ubicados en cinco sectores clave de Machala: Puerto Bol\u00edvar, Kattyas, Wilson Franco, Nuevo Pilo y Cristo del Consuelo. Entre los\u00a0detenidos\u00a0con boleta se encuentra Michael Isaac J. R., alias &#8216;Yoker&#8217;, catalogado como objetivo de valor intermedio y presunto autor del asesinato de alias &#8216;Romario&#8217;, cabecilla de\u00a0Saobox. La Polic\u00eda record\u00f3 que alias &#8216;Yoker&#8217;\u00a0hab\u00eda sido capturado el 16 de abril de 2025, pero liberado el mismo d\u00eda con medidas sustitutivas. El operativo dej\u00f3 como resultado la incautaci\u00f3n de 5 armas de fuego, 76 cartuchos de distinto calibre,\u00a06.000 dosis de sustancias sujetas a fiscalizaci\u00f3n,\u00a0as\u00ed como la recuperaci\u00f3n de 9 motocicletas, 2 veh\u00edculos y 23 tel\u00e9fonos celulares. Adem\u00e1s, se desmantel\u00f3 un centro clandestino equipado con 12 c\u00e1maras de videovigilancia. Los aprehendidos y detenidos, junto con los indicios, fueron puestos a \u00f3rdenes de la autoridad competente para resolver su situaci\u00f3n jur\u00eddica. Fuente: Vistazo<\/p>\n","protected":false},"author":1,"featured_media":25597,"comment_status":"closed","ping_status":"closed","sticky":false,"template":"","format":"standard","meta":{"footnotes":""},"categories":[268],"tags":[],"class_list":["post-25596","post","type-post","status-publish","format-standard","has-post-thumbnail","hentry","category-nacionales"],"_links":{"self":[{"href":"https:\/\/www.elamazonico.com\/portal\/wp-json\/wp\/v2\/posts\/25596","targetHints":{"allow":["GET"]}}],"collection":[{"href":"https:\/\/www.elamazonico.com\/portal\/wp-json\/wp\/v2\/posts"}],"about":[{"href":"https:\/\/www.elamazonico.com\/portal\/wp-json\/wp\/v2\/types\/post"}],"author":[{"embeddable":true,"href":"https:\/\/www.elamazonico.com\/portal\/wp-json\/wp\/v2\/users\/1"}],"replies":[{"embeddable":true,"href":"https:\/\/www.elamazonico.com\/portal\/wp-json\/wp\/v2\/comments?post=25596"}],"version-history":[{"count":1,"href":"https:\/\/www.elamazonico.com\/portal\/wp-json\/wp\/v2\/posts\/25596\/revisions"}],"predecessor-version":[{"id":25598,"href":"https:\/\/www.elamazonico.com\/portal\/wp-json\/wp\/v2\/posts\/25596\/revisions\/25598"}],"wp:featuredmedia":[{"embeddable":true,"href":"https:\/\/www.elamazonico.com\/portal\/wp-json\/wp\/v2\/media\/25597"}],"wp:attachment":[{"href":"https:\/\/www.elamazonico.com\/portal\/wp-json\/wp\/v2\/media?parent=25596"}],"wp:term":[{"taxonomy":"category","embeddable":true,"href":"https:\/\/www.elamazonico.com\/portal\/wp-json\/wp\/v2\/categories?post=25596"},{"taxonomy":"post_tag","embeddable":true,"href":"https:\/\/www.elamazonico.com\/portal\/wp-json\/wp\/v2\/tags?post=25596"}],"curies":[{"name":"wp","href":"https:\/\/api.w.org\/{rel}","templated":true}]}}