{"id":25590,"date":"2025-08-14T15:15:44","date_gmt":"2025-08-14T20:15:44","guid":{"rendered":"https:\/\/www.elamazonico.com\/portal\/?p=25590"},"modified":"2025-08-14T15:26:46","modified_gmt":"2025-08-14T20:26:46","slug":"daniel-noboa-envia-a-la-corte-constitucional-cuatro-preguntas-para-enmendar-la-constitucion-incluye-control-politico-a-jueces","status":"publish","type":"post","link":"https:\/\/www.elamazonico.com\/portal\/daniel-noboa-envia-a-la-corte-constitucional-cuatro-preguntas-para-enmendar-la-constitucion-incluye-control-politico-a-jueces\/","title":{"rendered":"Daniel Noboa env\u00eda a la Corte Constitucional cuatro preguntas para enmendar la Constituci\u00f3n: incluye control pol\u00edtico a jueces"},"content":{"rendered":"<div class=\"paragraph texto\">\n<p class=\"p_0\">El presidente de la Rep\u00fablica,\u00a0<b><a href=\"https:\/\/www.vistazo.com\/cronologia\/-\/meta\/daniel-noboa\" target=\"_blank\" rel=\"noopener noreferrer\">Daniel Noboa<\/a><\/b>, envi\u00f3 a la\u00a0<b>Corte Constitucional<\/b>\u00a0(CC) cuatro preguntas para que sean sometidas a control previo de constitucionalidad, con el objetivo de viabilizar posibles enmiendas a la\u00a0<b>Constituci\u00f3n<\/b>.<\/p>\n<p class=\"p_2\">Las interrogantes a revisar son en torno a la contrataci\u00f3n laboral por horas, la eliminaci\u00f3n del Consejo de Participaci\u00f3n Ciudadana (CPCCS), la reducci\u00f3n de n\u00famero de asamble\u00edstas y que haya control pol\u00edtico a los jueces constitucionales.<\/p>\n<p class=\"p_3\">El Ejecutivo tambi\u00e9n espera que la Corte, mediante un dictamen de\u00a0<b>procedimiento<\/b>, indique la\u00a0<u>v\u00eda por la cual deben tramitarse las reformas constitucionales<\/u>.<\/p>\n<div class=\"Center2Display\">\n<div id=\"Center2\"><strong>CONTRATACI\u00d3N POR HORAS EN TURISMO<\/strong><\/div>\n<\/div>\n<\/div>\n<div class=\"paragraph texto\">\n<p class=\"p_4\">En su solicitud a la Corte Constitucional sobre la modalidad del\u00a0<b>trabajo por horas<\/b>\u00a0en el sector tur\u00edstico, el presidente Noboa argument\u00f3 que, por su naturaleza, este responde a \u00ab<u>picos de demanda estacionales, lo que genera temporadas altas y bajas<\/u>\u00a0en las que se requiere ajustar la fuerza laboral a fluctuaciones espec\u00edficas\u00bb.<\/p>\n<p class=\"p_6\">Se\u00f1al\u00f3 que el sector tur\u00edstico dinamiza la econom\u00eda nacional al fomentar la creaci\u00f3n de\u00a0<b>empleo\u00a0<\/b>y que la situaci\u00f3n laboral del pa\u00eds demanda\u00a0<b>nuevas modalidades<\/b>\u00a0para acceder a plazas de trabajo, sin afectar la seguridad jur\u00eddica ni los derechos adquiridos de los trabajadores.<\/p>\n<p class=\"p_7\">Se aclar\u00f3 que el contrato por horas \u00fanicamente ser\u00e1 permitido en el sector tur\u00edstico y cuando se celebre por primera vez entre el empleador y el trabajador.<\/p>\n<\/div>\n<div class=\"Citavistazo\">Pregunta: \u00bfEst\u00e1 usted de acuerdo con permitir la contrataci\u00f3n laboral por horas, \u00fanicamente para el sector de turismo, siempre que se trate de la primera relaci\u00f3n laboral, garantizando los derechos laborales y respetando los derechos adquiridos de los trabajadores, enmend\u00e1ndola Constituci\u00f3n de conformidad con el Anexo de la pregunta?<\/div>\n<h2 class=\"h2vistazo\">REDUCCI\u00d3N DEL N\u00daMERO DE ASAMBLE\u00cdSTAS<\/h2>\n<div class=\"paragraph texto\">\n<p class=\"p_8\">El presidente Noboa detall\u00f3 el\u00a0<b>gasto\u00a0<\/b>que representa la Asamblea Nacional, actualmente conformada por\u00a0<b>151 asamble\u00edstas<\/b>: 15 elegidos por circunscripci\u00f3n nacional, 130 por circunscripciones provinciales y seis por distritos electorales del exterior.<\/p>\n<p class=\"p_9\">Se\u00f1al\u00f3 que cada asamble\u00edsta recibe una\u00a0<u><b>remuneraci\u00f3n mensual\u00a0<\/b><\/u><u>de USD 4.759<\/u>, lo que significa que, sumando los 151 asamble\u00edstas, el gasto mensual \u00fanicamente en sueldos asciende a USD 718.609.<\/p>\n<p class=\"p_11\"><u>Esto representa un gasto anual de USD 8.623.308 exclusivamente en remuneraciones<\/u>. La cifra mencionada constituye un costo para el Presupuesto General del Estado, sin considerar otros pagos adicionales como la d\u00e9cima tercera y d\u00e9cima cuarta remuneraci\u00f3n, bonificaciones, vi\u00e1ticos, ni el gasto asociado a asesores y personal de apoyo necesarios para el funcionamiento legislativo.<\/p>\n<\/div>\n<div class=\"Citavistazo\">Pregunta: \u00bfEst\u00e1 usted de acuerdo con reducir el n\u00famero de asamble\u00edstas y para ello modificar el sistema de elecci\u00f3n, enmendando la Constituci\u00f3n de conformidad con el Anexo de la pregunta?<\/div>\n<h2 class=\"h2vistazo\">ELIMINACI\u00d3N DEL CPCCS<\/h2>\n<div class=\"paragraph texto\">\n<p class=\"p_12\">Sobre la eliminaci\u00f3n del Consejo de Participaci\u00f3n Ciudadana y Control Social (CPCCS), Noboa explic\u00f3 que la propuesta no altera el car\u00e1cter ni los elementos constitutivos del Estado.<\/p>\n<p class=\"p_13\">Acot\u00f3 que, si bien plantea la supresi\u00f3n del CPCCS, todas sus\u00a0<b>atribuciones\u00a0<\/b>se mantendr\u00e1n y se\u00a0<b>redistribuir\u00e1n\u00a0<\/b>entre la Asamblea Nacional, la Contralor\u00eda General del Estado y la Defensor\u00eda del Pueblo, garantizando que las funciones del CPCCS contin\u00faen llev\u00e1ndose a cabo.<\/p>\n<\/div>\n<div class=\"Citavistazo\">Pregunta: \u00bfEst\u00e1 usted de acuerdo con transferir y adecuar los deberes y atribuciones del Consejo de Participaci\u00f3n Ciudadana y Control Social a la Asamblea Nacional, Defensor\u00eda del Pueblo y Contralor\u00eda General del Estado, y como consecuencia de esto, suprimir el Consejo de Participaci\u00f3n Ciudadana y Control Social, enmendando la Constituci\u00f3n de la Rep\u00fablica del Ecuador de conformidad con el Anexo de la pregunta?<\/div>\n<h2 class=\"h2vistazo\">JUICIO POL\u00cdTICO A LOS MIEMBROS DE LA CORTE CONSTITUCIONAL<\/h2>\n<div class=\"paragraph texto\">\n<p class=\"p_14\">Por \u00faltimo, el presidente Noboa someti\u00f3 a revisi\u00f3n la pregunta sobre el\u00a0<b>control pol\u00edtico\u00a0<\/b>a los jueces de la\u00a0<b>Corte Constitucional<\/b>, el alto tribunal con el que actualmente mantiene una disputa por la\u00a0<b>suspensi\u00f3n\u00a0<\/b>temporal de sus tres leyes econ\u00f3micas urgentes.<\/p>\n<p class=\"p_15\">El mandatario afirm\u00f3 que la medida busca hacer efectiva la disposici\u00f3n del art\u00edculo 233 de la Constituci\u00f3n, que establece que ning\u00fan servidor p\u00fablico est\u00e1 exento de responsabilidades por los actos realizados en el ejercicio de sus funciones.<\/p>\n<p class=\"p_16\">Adem\u00e1s, se\u00f1al\u00f3 que, para garantizar el adecuado ejercicio de la potestad de fiscalizaci\u00f3n de la Asamblea Nacional, es necesario extender el efecto del control pol\u00edtico a los miembros de la Corte Constitucional durante el desempe\u00f1o de sus actividades p\u00fablicas.<\/p>\n<\/div>\n<div class=\"Citavistazo\">Pregunta: \u00bfEst\u00e1 usted de acuerdo con que los jueces de la Corte Constitucional sean tambi\u00e9n considerados como autoridades sujetas a juicio pol\u00edtico, enmendando la Constituci\u00f3n de conformidad con el Anexo de la pregunta? <strong>Fuente: Vistazo<\/strong><\/div>\n<div class=\"html_text\"><iframe src=\"https:\/\/drive.google.com\/file\/d\/1uV_N8AqonaCBTXegB4hbUUZa0ZN8DkOZ\/preview\" width=\"640\" height=\"480\" data-mce-fragment=\"1\"><\/iframe><\/div>\n","protected":false},"excerpt":{"rendered":"<p>El presidente de la Rep\u00fablica,\u00a0Daniel Noboa, envi\u00f3 a la\u00a0Corte Constitucional\u00a0(CC) cuatro preguntas para que sean sometidas a control previo de constitucionalidad, con el objetivo de viabilizar posibles enmiendas a la\u00a0Constituci\u00f3n. Las interrogantes a revisar son en torno a la contrataci\u00f3n laboral por horas, la eliminaci\u00f3n del Consejo de Participaci\u00f3n Ciudadana (CPCCS), la reducci\u00f3n de n\u00famero de asamble\u00edstas y que haya control pol\u00edtico a los jueces constitucionales. El Ejecutivo tambi\u00e9n espera que la Corte, mediante un dictamen de\u00a0procedimiento, indique la\u00a0v\u00eda por la cual deben tramitarse las reformas constitucionales. CONTRATACI\u00d3N POR HORAS EN TURISMO En su solicitud a la Corte Constitucional sobre la modalidad del\u00a0trabajo por horas\u00a0en el sector tur\u00edstico, el presidente Noboa argument\u00f3 que, por su naturaleza, este responde a \u00abpicos de demanda estacionales, lo que genera temporadas altas y bajas\u00a0en las que se requiere ajustar la fuerza laboral a fluctuaciones espec\u00edficas\u00bb. Se\u00f1al\u00f3 que el sector tur\u00edstico dinamiza la econom\u00eda nacional al fomentar la creaci\u00f3n de\u00a0empleo\u00a0y que la situaci\u00f3n laboral del pa\u00eds demanda\u00a0nuevas modalidades\u00a0para acceder a plazas de trabajo, sin afectar la seguridad jur\u00eddica ni los derechos adquiridos de los trabajadores. Se aclar\u00f3 que el contrato por horas \u00fanicamente ser\u00e1 permitido en el sector tur\u00edstico y cuando se celebre por primera vez entre el empleador y el trabajador. Pregunta: \u00bfEst\u00e1 usted de acuerdo con permitir la contrataci\u00f3n laboral por horas, \u00fanicamente para el sector de turismo, siempre que se trate de la primera relaci\u00f3n laboral, garantizando los derechos laborales y respetando los derechos adquiridos de los trabajadores, enmend\u00e1ndola Constituci\u00f3n de conformidad con el Anexo de la pregunta? REDUCCI\u00d3N DEL N\u00daMERO DE ASAMBLE\u00cdSTAS El presidente Noboa detall\u00f3 el\u00a0gasto\u00a0que representa la Asamblea Nacional, actualmente conformada por\u00a0151 asamble\u00edstas: 15 elegidos por circunscripci\u00f3n nacional, 130 por circunscripciones provinciales y seis por distritos electorales del exterior. Se\u00f1al\u00f3 que cada asamble\u00edsta recibe una\u00a0remuneraci\u00f3n mensual\u00a0de USD 4.759, lo que significa que, sumando los 151 asamble\u00edstas, el gasto mensual \u00fanicamente en sueldos asciende a USD 718.609. Esto representa un gasto anual de USD 8.623.308 exclusivamente en remuneraciones. La cifra mencionada constituye un costo para el Presupuesto General del Estado, sin considerar otros pagos adicionales como la d\u00e9cima tercera y d\u00e9cima cuarta remuneraci\u00f3n, bonificaciones, vi\u00e1ticos, ni el gasto asociado a asesores y personal de apoyo necesarios para el funcionamiento legislativo. Pregunta: \u00bfEst\u00e1 usted de acuerdo con reducir el n\u00famero de asamble\u00edstas y para ello modificar el sistema de elecci\u00f3n, enmendando la Constituci\u00f3n de conformidad con el Anexo de la pregunta? ELIMINACI\u00d3N DEL CPCCS Sobre la eliminaci\u00f3n del Consejo de Participaci\u00f3n Ciudadana y Control Social (CPCCS), Noboa explic\u00f3 que la propuesta no altera el car\u00e1cter ni los elementos constitutivos del Estado. Acot\u00f3 que, si bien plantea la supresi\u00f3n del CPCCS, todas sus\u00a0atribuciones\u00a0se mantendr\u00e1n y se\u00a0redistribuir\u00e1n\u00a0entre la Asamblea Nacional, la Contralor\u00eda General del Estado y la Defensor\u00eda del Pueblo, garantizando que las funciones del CPCCS contin\u00faen llev\u00e1ndose a cabo. Pregunta: \u00bfEst\u00e1 usted de acuerdo con transferir y adecuar los deberes y atribuciones del Consejo de Participaci\u00f3n Ciudadana y Control Social a la Asamblea Nacional, Defensor\u00eda del Pueblo y Contralor\u00eda General del Estado, y como consecuencia de esto, suprimir el Consejo de Participaci\u00f3n Ciudadana y Control Social, enmendando la Constituci\u00f3n de la Rep\u00fablica del Ecuador de conformidad con el Anexo de la pregunta? JUICIO POL\u00cdTICO A LOS MIEMBROS DE LA CORTE CONSTITUCIONAL Por \u00faltimo, el presidente Noboa someti\u00f3 a revisi\u00f3n la pregunta sobre el\u00a0control pol\u00edtico\u00a0a los jueces de la\u00a0Corte Constitucional, el alto tribunal con el que actualmente mantiene una disputa por la\u00a0suspensi\u00f3n\u00a0temporal de sus tres leyes econ\u00f3micas urgentes. El mandatario afirm\u00f3 que la medida busca hacer efectiva la disposici\u00f3n del art\u00edculo 233 de la Constituci\u00f3n, que establece que ning\u00fan servidor p\u00fablico est\u00e1 exento de responsabilidades por los actos realizados en el ejercicio de sus funciones. Adem\u00e1s, se\u00f1al\u00f3 que, para garantizar el adecuado ejercicio de la potestad de fiscalizaci\u00f3n de la Asamblea Nacional, es necesario extender el efecto del control pol\u00edtico a los miembros de la Corte Constitucional durante el desempe\u00f1o de sus actividades p\u00fablicas. Pregunta: \u00bfEst\u00e1 usted de acuerdo con que los jueces de la Corte Constitucional sean tambi\u00e9n considerados como autoridades sujetas a juicio pol\u00edtico, enmendando la Constituci\u00f3n de conformidad con el Anexo de la pregunta? Fuente: Vistazo<\/p>\n","protected":false},"author":1,"featured_media":25591,"comment_status":"closed","ping_status":"closed","sticky":false,"template":"","format":"standard","meta":{"footnotes":""},"categories":[268],"tags":[],"class_list":["post-25590","post","type-post","status-publish","format-standard","has-post-thumbnail","hentry","category-nacionales"],"_links":{"self":[{"href":"https:\/\/www.elamazonico.com\/portal\/wp-json\/wp\/v2\/posts\/25590","targetHints":{"allow":["GET"]}}],"collection":[{"href":"https:\/\/www.elamazonico.com\/portal\/wp-json\/wp\/v2\/posts"}],"about":[{"href":"https:\/\/www.elamazonico.com\/portal\/wp-json\/wp\/v2\/types\/post"}],"author":[{"embeddable":true,"href":"https:\/\/www.elamazonico.com\/portal\/wp-json\/wp\/v2\/users\/1"}],"replies":[{"embeddable":true,"href":"https:\/\/www.elamazonico.com\/portal\/wp-json\/wp\/v2\/comments?post=25590"}],"version-history":[{"count":2,"href":"https:\/\/www.elamazonico.com\/portal\/wp-json\/wp\/v2\/posts\/25590\/revisions"}],"predecessor-version":[{"id":25595,"href":"https:\/\/www.elamazonico.com\/portal\/wp-json\/wp\/v2\/posts\/25590\/revisions\/25595"}],"wp:featuredmedia":[{"embeddable":true,"href":"https:\/\/www.elamazonico.com\/portal\/wp-json\/wp\/v2\/media\/25591"}],"wp:attachment":[{"href":"https:\/\/www.elamazonico.com\/portal\/wp-json\/wp\/v2\/media?parent=25590"}],"wp:term":[{"taxonomy":"category","embeddable":true,"href":"https:\/\/www.elamazonico.com\/portal\/wp-json\/wp\/v2\/categories?post=25590"},{"taxonomy":"post_tag","embeddable":true,"href":"https:\/\/www.elamazonico.com\/portal\/wp-json\/wp\/v2\/tags?post=25590"}],"curies":[{"name":"wp","href":"https:\/\/api.w.org\/{rel}","templated":true}]}}