{"id":25583,"date":"2025-08-14T10:26:44","date_gmt":"2025-08-14T15:26:44","guid":{"rendered":"https:\/\/www.elamazonico.com\/portal\/?p=25583"},"modified":"2025-08-14T10:29:56","modified_gmt":"2025-08-14T15:29:56","slug":"el-pangui-celebro-la-graduacion-de-44-ninos-de-los-proyectos-de-cnh-y-cdi","status":"publish","type":"post","link":"https:\/\/www.elamazonico.com\/portal\/el-pangui-celebro-la-graduacion-de-44-ninos-de-los-proyectos-de-cnh-y-cdi\/","title":{"rendered":"El Pangui celebr\u00f3 la graduaci\u00f3n de 44 ni\u00f1os de los proyectos de CNH Y CDI"},"content":{"rendered":"<p>El cant\u00f3n El Pangui vivi\u00f3 una jornada llena de alegr\u00eda y entusiasmo, con la ceremonia de graduaci\u00f3n de 44 ni\u00f1os beneficiarios de los proyectos Creciendo con Nuestros Hijos (CNH) y el Centro de Desarrollo Infantil (CDI), dirigidos a familias en situaci\u00f3n de vulnerabilidad.<\/p>\n<p>La jornada estuvo marcada por sonrisas, aplausos y un ambiente cargado de ternura, donde las familias, educadores y autoridades compartieron y celebraron con satisfacci\u00f3n los avances y aprendizajes alcanzados por los peque\u00f1os en sus primeros a\u00f1os de vida.<\/p>\n<p>Durante el acto de incorporaci\u00f3n, Rub\u00ed Wachap\u00e1, madre beneficiaria de estos proyectos, confes\u00f3 sentirse muy feliz y agradecida, asimismo recomend\u00f3 estos espacios para que los ni\u00f1os aprenden mucho en todas las \u00e1reas.<\/p>\n<p>Este evento constituye un hito para la comunidad, al resaltar el trabajo conjunto entre el Ministerio de Inclusi\u00f3n Econ\u00f3mica y Social (MIES) y el Municipio de El Pangui, cuyo objetivo es fortalecer la atenci\u00f3n integral, la educaci\u00f3n y la protecci\u00f3n de la ni\u00f1ez. Espacios seguros, afectuosos y llenos de oportunidades como los que ofrecen CNH y CDI, garantizan el derecho a una infancia digna y protegida.<\/p>\n<p>En su intervenci\u00f3n, Diana Granda, directora provincial de MIES destac\u00f3 que este tipo de proyectos garantizan los derechos fundamentes de la ni\u00f1ez \u2018\u2018garantizamos sus derechos, sus principios, una vida digna, educaci\u00f3n, salud forjada desde la primera infancia (\u2026) esto es con el fin de garantizar un trabajo eficiente por nuestros ni\u00f1os y ni\u00f1as de este bello cant\u00f3n\u2019\u2019<\/p>\n<p>La ceremonia cont\u00f3 con la presencia de autoridades como el alcalde Jairo Herrera y su c\u00e1mara edilicia, la directora provincial del MIES, Diana Granda quienes ratificaron su compromiso con los grupos de atenci\u00f3n prioritaria y con la construcci\u00f3n de un mejor futuro para la ni\u00f1ez del cant\u00f3n.<\/p>\n<p>En este sentido, el burgomaestre Jairo Herrera, reiter\u00f3 la importancia de ampliar la cobertura de estos servicios \u2018\u2018queremos incrementar un centro m\u00e1s porque El Pangui cada d\u00eda va creciendo (\u2026) la parte social es nuestro compromiso\u2019\u2019<\/p>\n<p>Con esta ceremonia, El Pangui reafirma su enfoque de servicio con la ni\u00f1ez, porque cada ni\u00f1o y ni\u00f1a merece crecer rodeado de amor, cuidado y esperanza.<\/p>\n","protected":false},"excerpt":{"rendered":"<p>El cant\u00f3n El Pangui vivi\u00f3 una jornada llena de alegr\u00eda y entusiasmo, con la ceremonia de graduaci\u00f3n de 44 ni\u00f1os beneficiarios de los proyectos Creciendo con Nuestros Hijos (CNH) y el Centro de Desarrollo Infantil (CDI), dirigidos a familias en situaci\u00f3n de vulnerabilidad. La jornada estuvo marcada por sonrisas, aplausos y un ambiente cargado de ternura, donde las familias, educadores y autoridades compartieron y celebraron con satisfacci\u00f3n los avances y aprendizajes alcanzados por los peque\u00f1os en sus primeros a\u00f1os de vida. Durante el acto de incorporaci\u00f3n, Rub\u00ed Wachap\u00e1, madre beneficiaria de estos proyectos, confes\u00f3 sentirse muy feliz y agradecida, asimismo recomend\u00f3 estos espacios para que los ni\u00f1os aprenden mucho en todas las \u00e1reas. Este evento constituye un hito para la comunidad, al resaltar el trabajo conjunto entre el Ministerio de Inclusi\u00f3n Econ\u00f3mica y Social (MIES) y el Municipio de El Pangui, cuyo objetivo es fortalecer la atenci\u00f3n integral, la educaci\u00f3n y la protecci\u00f3n de la ni\u00f1ez. Espacios seguros, afectuosos y llenos de oportunidades como los que ofrecen CNH y CDI, garantizan el derecho a una infancia digna y protegida. En su intervenci\u00f3n, Diana Granda, directora provincial de MIES destac\u00f3 que este tipo de proyectos garantizan los derechos fundamentes de la ni\u00f1ez \u2018\u2018garantizamos sus derechos, sus principios, una vida digna, educaci\u00f3n, salud forjada desde la primera infancia (\u2026) esto es con el fin de garantizar un trabajo eficiente por nuestros ni\u00f1os y ni\u00f1as de este bello cant\u00f3n\u2019\u2019 La ceremonia cont\u00f3 con la presencia de autoridades como el alcalde Jairo Herrera y su c\u00e1mara edilicia, la directora provincial del MIES, Diana Granda quienes ratificaron su compromiso con los grupos de atenci\u00f3n prioritaria y con la construcci\u00f3n de un mejor futuro para la ni\u00f1ez del cant\u00f3n. En este sentido, el burgomaestre Jairo Herrera, reiter\u00f3 la importancia de ampliar la cobertura de estos servicios \u2018\u2018queremos incrementar un centro m\u00e1s porque El Pangui cada d\u00eda va creciendo (\u2026) la parte social es nuestro compromiso\u2019\u2019 Con esta ceremonia, El Pangui reafirma su enfoque de servicio con la ni\u00f1ez, porque cada ni\u00f1o y ni\u00f1a merece crecer rodeado de amor, cuidado y esperanza.<\/p>\n","protected":false},"author":1,"featured_media":25584,"comment_status":"closed","ping_status":"closed","sticky":false,"template":"","format":"standard","meta":{"footnotes":""},"categories":[243],"tags":[],"class_list":["post-25583","post","type-post","status-publish","format-standard","has-post-thumbnail","hentry","category-noticias-zamora"],"_links":{"self":[{"href":"https:\/\/www.elamazonico.com\/portal\/wp-json\/wp\/v2\/posts\/25583","targetHints":{"allow":["GET"]}}],"collection":[{"href":"https:\/\/www.elamazonico.com\/portal\/wp-json\/wp\/v2\/posts"}],"about":[{"href":"https:\/\/www.elamazonico.com\/portal\/wp-json\/wp\/v2\/types\/post"}],"author":[{"embeddable":true,"href":"https:\/\/www.elamazonico.com\/portal\/wp-json\/wp\/v2\/users\/1"}],"replies":[{"embeddable":true,"href":"https:\/\/www.elamazonico.com\/portal\/wp-json\/wp\/v2\/comments?post=25583"}],"version-history":[{"count":1,"href":"https:\/\/www.elamazonico.com\/portal\/wp-json\/wp\/v2\/posts\/25583\/revisions"}],"predecessor-version":[{"id":25585,"href":"https:\/\/www.elamazonico.com\/portal\/wp-json\/wp\/v2\/posts\/25583\/revisions\/25585"}],"wp:featuredmedia":[{"embeddable":true,"href":"https:\/\/www.elamazonico.com\/portal\/wp-json\/wp\/v2\/media\/25584"}],"wp:attachment":[{"href":"https:\/\/www.elamazonico.com\/portal\/wp-json\/wp\/v2\/media?parent=25583"}],"wp:term":[{"taxonomy":"category","embeddable":true,"href":"https:\/\/www.elamazonico.com\/portal\/wp-json\/wp\/v2\/categories?post=25583"},{"taxonomy":"post_tag","embeddable":true,"href":"https:\/\/www.elamazonico.com\/portal\/wp-json\/wp\/v2\/tags?post=25583"}],"curies":[{"name":"wp","href":"https:\/\/api.w.org\/{rel}","templated":true}]}}