{"id":25576,"date":"2025-08-14T07:02:12","date_gmt":"2025-08-14T12:02:12","guid":{"rendered":"https:\/\/www.elamazonico.com\/portal\/?p=25576"},"modified":"2025-08-14T07:02:20","modified_gmt":"2025-08-14T12:02:20","slug":"elecciones-en-la-casa-de-la-cultura-ecuatoriana-nucleo-de-zamora-chinchipe-y-rechazo-a-la-fusion-con-el-ministerio-de-educacion","status":"publish","type":"post","link":"https:\/\/www.elamazonico.com\/portal\/elecciones-en-la-casa-de-la-cultura-ecuatoriana-nucleo-de-zamora-chinchipe-y-rechazo-a-la-fusion-con-el-ministerio-de-educacion\/","title":{"rendered":"Elecciones en la Casa de la Cultura Ecuatoriana N\u00facleo de Zamora Chinchipe y rechazo a la fusi\u00f3n con el Ministerio de Educaci\u00f3n"},"content":{"rendered":"<p>En los pr\u00f3ximos d\u00edas, la Casa de la Cultura Ecuatoriana \u201cBenjam\u00edn Carri\u00f3n\u201d N\u00facleo de Zamora Chinchipe elegir\u00e1 a su nuevo Director Provincial, en el marco de un proceso electoral que se reanud\u00f3 tras una suspensi\u00f3n temporal a nivel nacional por problemas de documentaci\u00f3n y discrepancias internas relacionadas con la elecci\u00f3n de la Presidencia Nacional.<\/p>\n<p>En este contexto, el doctor Giovanni Jumbo expres\u00f3 su preocupaci\u00f3n por la reciente decisi\u00f3n gubernamental de fusionar el Ministerio de Cultura y Patrimonio con el Ministerio de Educaci\u00f3n, calific\u00e1ndola como una medida que atenta contra la identidad cultural de un pa\u00eds multi\u00e9tnico y pluricultural. Seg\u00fan su criterio, \u201cel Ministerio de Cultura es una instituci\u00f3n aut\u00f3noma cuya misi\u00f3n es fomentar el arte, las tradiciones y los saberes ancestrales, elementos que no deben subordinarse a las l\u00f3gicas y prioridades del sistema educativo\u201d.<\/p>\n<p>Jumbo record\u00f3 que la semana anterior artistas y gestores culturales reconocidos por el Ministerio de Cultura se movilizaron en distintas provincias para protestar contra esta fusi\u00f3n, defendiendo el papel aut\u00f3nomo de la gesti\u00f3n cultural en el Ecuador.<\/p>\n<p><strong>Panorama electoral en Zamora Chinchipe<\/strong><br \/>\nEn la provincia, tres candidatos aspiran a la direcci\u00f3n del n\u00facleo cultural: uno busca la reelecci\u00f3n y dos compiten por primera vez. Jumbo manifest\u00f3 su desacuerdo con las reelecciones, especialmente, dijo \u201ccuando la administraci\u00f3n saliente deja vac\u00edos y dudas sobre su gesti\u00f3n y manejo de recursos\u201d. Tambi\u00e9n hizo un llamado a que el nuevo director impulse procesos de transparencia y control administrativo.<\/p>\n<p>En cuanto a los perfiles de los postulantes, destac\u00f3 la trayectoria de Armando Romero, a quien defini\u00f3 como \u201cun personaje serio, completo y comprometido con la cultura: escritor, cantautor, compositor y m\u00fasico, con capacidad de articular diversas manifestaciones culturales m\u00e1s all\u00e1 de los eventos tradicionales, integrando teatro, poes\u00eda, literatura, mimos, t\u00edteres y otras artes esc\u00e9nicas que han sido relegadas\u201d.<\/p>\n<p><strong>Llamado a la reflexi\u00f3n<\/strong><br \/>\nJumbo inst\u00f3 a los miembros de la Casa de la Cultura y a la comunidad cultural de Zamora Chinchipe a analizar cuidadosamente las propuestas de los tres candidatos, priorizando a quienes tengan un compromiso integral con el fortalecimiento de todas las \u00e1reas culturales de la provincia. Finalmente, expres\u00f3 su respaldo a Armando Romero como una opci\u00f3n que, seg\u00fan su valoraci\u00f3n \u201ctiene la capacidad, el conocimiento y el don de gente para representar dignamente a la cultura provincial\u201d.<\/p>\n","protected":false},"excerpt":{"rendered":"<p>En los pr\u00f3ximos d\u00edas, la Casa de la Cultura Ecuatoriana \u201cBenjam\u00edn Carri\u00f3n\u201d N\u00facleo de Zamora Chinchipe elegir\u00e1 a su nuevo Director Provincial, en el marco de un proceso electoral que se reanud\u00f3 tras una suspensi\u00f3n temporal a nivel nacional por problemas de documentaci\u00f3n y discrepancias internas relacionadas con la elecci\u00f3n de la Presidencia Nacional. En este contexto, el doctor Giovanni Jumbo expres\u00f3 su preocupaci\u00f3n por la reciente decisi\u00f3n gubernamental de fusionar el Ministerio de Cultura y Patrimonio con el Ministerio de Educaci\u00f3n, calific\u00e1ndola como una medida que atenta contra la identidad cultural de un pa\u00eds multi\u00e9tnico y pluricultural. Seg\u00fan su criterio, \u201cel Ministerio de Cultura es una instituci\u00f3n aut\u00f3noma cuya misi\u00f3n es fomentar el arte, las tradiciones y los saberes ancestrales, elementos que no deben subordinarse a las l\u00f3gicas y prioridades del sistema educativo\u201d. Jumbo record\u00f3 que la semana anterior artistas y gestores culturales reconocidos por el Ministerio de Cultura se movilizaron en distintas provincias para protestar contra esta fusi\u00f3n, defendiendo el papel aut\u00f3nomo de la gesti\u00f3n cultural en el Ecuador. Panorama electoral en Zamora Chinchipe En la provincia, tres candidatos aspiran a la direcci\u00f3n del n\u00facleo cultural: uno busca la reelecci\u00f3n y dos compiten por primera vez. Jumbo manifest\u00f3 su desacuerdo con las reelecciones, especialmente, dijo \u201ccuando la administraci\u00f3n saliente deja vac\u00edos y dudas sobre su gesti\u00f3n y manejo de recursos\u201d. Tambi\u00e9n hizo un llamado a que el nuevo director impulse procesos de transparencia y control administrativo. En cuanto a los perfiles de los postulantes, destac\u00f3 la trayectoria de Armando Romero, a quien defini\u00f3 como \u201cun personaje serio, completo y comprometido con la cultura: escritor, cantautor, compositor y m\u00fasico, con capacidad de articular diversas manifestaciones culturales m\u00e1s all\u00e1 de los eventos tradicionales, integrando teatro, poes\u00eda, literatura, mimos, t\u00edteres y otras artes esc\u00e9nicas que han sido relegadas\u201d. Llamado a la reflexi\u00f3n Jumbo inst\u00f3 a los miembros de la Casa de la Cultura y a la comunidad cultural de Zamora Chinchipe a analizar cuidadosamente las propuestas de los tres candidatos, priorizando a quienes tengan un compromiso integral con el fortalecimiento de todas las \u00e1reas culturales de la provincia. Finalmente, expres\u00f3 su respaldo a Armando Romero como una opci\u00f3n que, seg\u00fan su valoraci\u00f3n \u201ctiene la capacidad, el conocimiento y el don de gente para representar dignamente a la cultura provincial\u201d.<\/p>\n","protected":false},"author":1,"featured_media":25577,"comment_status":"closed","ping_status":"closed","sticky":false,"template":"","format":"standard","meta":{"footnotes":""},"categories":[243],"tags":[],"class_list":["post-25576","post","type-post","status-publish","format-standard","has-post-thumbnail","hentry","category-noticias-zamora"],"_links":{"self":[{"href":"https:\/\/www.elamazonico.com\/portal\/wp-json\/wp\/v2\/posts\/25576","targetHints":{"allow":["GET"]}}],"collection":[{"href":"https:\/\/www.elamazonico.com\/portal\/wp-json\/wp\/v2\/posts"}],"about":[{"href":"https:\/\/www.elamazonico.com\/portal\/wp-json\/wp\/v2\/types\/post"}],"author":[{"embeddable":true,"href":"https:\/\/www.elamazonico.com\/portal\/wp-json\/wp\/v2\/users\/1"}],"replies":[{"embeddable":true,"href":"https:\/\/www.elamazonico.com\/portal\/wp-json\/wp\/v2\/comments?post=25576"}],"version-history":[{"count":1,"href":"https:\/\/www.elamazonico.com\/portal\/wp-json\/wp\/v2\/posts\/25576\/revisions"}],"predecessor-version":[{"id":25578,"href":"https:\/\/www.elamazonico.com\/portal\/wp-json\/wp\/v2\/posts\/25576\/revisions\/25578"}],"wp:featuredmedia":[{"embeddable":true,"href":"https:\/\/www.elamazonico.com\/portal\/wp-json\/wp\/v2\/media\/25577"}],"wp:attachment":[{"href":"https:\/\/www.elamazonico.com\/portal\/wp-json\/wp\/v2\/media?parent=25576"}],"wp:term":[{"taxonomy":"category","embeddable":true,"href":"https:\/\/www.elamazonico.com\/portal\/wp-json\/wp\/v2\/categories?post=25576"},{"taxonomy":"post_tag","embeddable":true,"href":"https:\/\/www.elamazonico.com\/portal\/wp-json\/wp\/v2\/tags?post=25576"}],"curies":[{"name":"wp","href":"https:\/\/api.w.org\/{rel}","templated":true}]}}