{"id":25570,"date":"2025-08-13T10:25:20","date_gmt":"2025-08-13T15:25:20","guid":{"rendered":"https:\/\/www.elamazonico.com\/portal\/?p=25570"},"modified":"2025-08-13T10:45:22","modified_gmt":"2025-08-13T15:45:22","slug":"pensar-en-grande-para-nuestra-gente","status":"publish","type":"post","link":"https:\/\/www.elamazonico.com\/portal\/pensar-en-grande-para-nuestra-gente\/","title":{"rendered":"Pensar en grande para nuestra gente"},"content":{"rendered":"<p data-start=\"172\" data-end=\"683\">Los pueblos no se desarrollan con fotos para redes sociales ni con entregas simb\u00f3licas que solo duran un d\u00eda; se desarrollan con visi\u00f3n, planificaci\u00f3n y compromiso real. Si en pa\u00edses como Colombia el caf\u00e9 transform\u00f3 la vida de miles de familias, o en Costa Rica el cacao y en Argentina el vino se convirtieron en fuentes permanentes de riqueza, es porque hubo gobiernos que entendieron que el productor es el coraz\u00f3n de la econom\u00eda y que su trabajo debe tener valor todo el a\u00f1o, no solo en ferias ocasionales.<\/p>\n<p data-start=\"685\" data-end=\"1036\">En nuestra tierra tenemos ca\u00f1a, caf\u00e9, cacao, frutales y emprendimientos con un potencial inmenso. Sin embargo, seguimos atrapados en pr\u00e1cticas que no cambian la realidad: regalar pollos o cuyes sin un plan de comercializaci\u00f3n, hacer ferias una vez al a\u00f1o y olvidarnos de que nuestros productores necesitan vender cada semana para vivir con dignidad.<\/p>\n<p data-start=\"1038\" data-end=\"1414\">La pol\u00edtica que necesitamos es clara: <strong data-start=\"1076\" data-end=\"1129\">capacitar, tecnificar, organizar y abrir mercados<\/strong>. No basta con la buena intenci\u00f3n; se requiere un compromiso firme de la administraci\u00f3n p\u00fablica para construir cadenas productivas que permitan que cada panela, cada quintal de caf\u00e9 o cada litro de panela l\u00edquida salga de nuestras parroquias rumbo a mercados donde se pague lo justo.<\/p>\n<p data-start=\"1416\" data-end=\"1570\">Pensar en grande no es un lujo, es una obligaci\u00f3n. Y eso significa dejar de gobernar para la foto y comenzar a gobernar para el futuro de nuestra gente.<\/p>\n","protected":false},"excerpt":{"rendered":"<p>Los pueblos no se desarrollan con fotos para redes sociales ni con entregas simb\u00f3licas que solo duran un d\u00eda; se desarrollan con visi\u00f3n, planificaci\u00f3n y compromiso real. Si en pa\u00edses como Colombia el caf\u00e9 transform\u00f3 la vida de miles de familias, o en Costa Rica el cacao y en Argentina el vino se convirtieron en fuentes permanentes de riqueza, es porque hubo gobiernos que entendieron que el productor es el coraz\u00f3n de la econom\u00eda y que su trabajo debe tener valor todo el a\u00f1o, no solo en ferias ocasionales. En nuestra tierra tenemos ca\u00f1a, caf\u00e9, cacao, frutales y emprendimientos con un potencial inmenso. Sin embargo, seguimos atrapados en pr\u00e1cticas que no cambian la realidad: regalar pollos o cuyes sin un plan de comercializaci\u00f3n, hacer ferias una vez al a\u00f1o y olvidarnos de que nuestros productores necesitan vender cada semana para vivir con dignidad. La pol\u00edtica que necesitamos es clara: capacitar, tecnificar, organizar y abrir mercados. No basta con la buena intenci\u00f3n; se requiere un compromiso firme de la administraci\u00f3n p\u00fablica para construir cadenas productivas que permitan que cada panela, cada quintal de caf\u00e9 o cada litro de panela l\u00edquida salga de nuestras parroquias rumbo a mercados donde se pague lo justo. Pensar en grande no es un lujo, es una obligaci\u00f3n. Y eso significa dejar de gobernar para la foto y comenzar a gobernar para el futuro de nuestra gente.<\/p>\n","protected":false},"author":1,"featured_media":25572,"comment_status":"closed","ping_status":"closed","sticky":false,"template":"","format":"standard","meta":{"footnotes":""},"categories":[243,7],"tags":[],"class_list":["post-25570","post","type-post","status-publish","format-standard","has-post-thumbnail","hentry","category-noticias-zamora","category-opinion"],"_links":{"self":[{"href":"https:\/\/www.elamazonico.com\/portal\/wp-json\/wp\/v2\/posts\/25570","targetHints":{"allow":["GET"]}}],"collection":[{"href":"https:\/\/www.elamazonico.com\/portal\/wp-json\/wp\/v2\/posts"}],"about":[{"href":"https:\/\/www.elamazonico.com\/portal\/wp-json\/wp\/v2\/types\/post"}],"author":[{"embeddable":true,"href":"https:\/\/www.elamazonico.com\/portal\/wp-json\/wp\/v2\/users\/1"}],"replies":[{"embeddable":true,"href":"https:\/\/www.elamazonico.com\/portal\/wp-json\/wp\/v2\/comments?post=25570"}],"version-history":[{"count":1,"href":"https:\/\/www.elamazonico.com\/portal\/wp-json\/wp\/v2\/posts\/25570\/revisions"}],"predecessor-version":[{"id":25571,"href":"https:\/\/www.elamazonico.com\/portal\/wp-json\/wp\/v2\/posts\/25570\/revisions\/25571"}],"wp:featuredmedia":[{"embeddable":true,"href":"https:\/\/www.elamazonico.com\/portal\/wp-json\/wp\/v2\/media\/25572"}],"wp:attachment":[{"href":"https:\/\/www.elamazonico.com\/portal\/wp-json\/wp\/v2\/media?parent=25570"}],"wp:term":[{"taxonomy":"category","embeddable":true,"href":"https:\/\/www.elamazonico.com\/portal\/wp-json\/wp\/v2\/categories?post=25570"},{"taxonomy":"post_tag","embeddable":true,"href":"https:\/\/www.elamazonico.com\/portal\/wp-json\/wp\/v2\/tags?post=25570"}],"curies":[{"name":"wp","href":"https:\/\/api.w.org\/{rel}","templated":true}]}}