{"id":25567,"date":"2025-08-13T10:09:34","date_gmt":"2025-08-13T15:09:34","guid":{"rendered":"https:\/\/www.elamazonico.com\/portal\/?p=25567"},"modified":"2025-08-13T10:09:34","modified_gmt":"2025-08-13T15:09:34","slug":"cuando-la-democracia-estorba","status":"publish","type":"post","link":"https:\/\/www.elamazonico.com\/portal\/cuando-la-democracia-estorba\/","title":{"rendered":"Cuando la democracia estorba"},"content":{"rendered":"<blockquote><p>Mar\u00eda Sol Borja Periodista. Conductora del podcast Esto no es Pol\u00edtico. Ha sido editora pol\u00edtica, reportera de noticias, cronista y colaboradora en medios nacionales e internacionales como New York Times y Washington Post.<\/p><\/blockquote>\n<p>En Ecuador, la \u00faltima semana ha dejado claro que para el gobierno de Daniel Noboa, la democracia no es un pilar fundamental e inquebrantable, sino un obst\u00e1culo inc\u00f3modo del que puede deshacerse cuando estorba.<\/p>\n<p>Una semana despu\u00e9s de que la ministra de Gobierno y el presidente de la Asamblea \u2014ambos representantes del oficialismo\u2014 aparecieran en cadena nacional, flanqueados por polic\u00edas y militares armados y encapuchados, para advertir a la Corte Constitucional, el ataque contra este organismo no se ha detenido: se ha intensificado.<\/p>\n<p>Con una marcha previamente anunciada, el presidente Daniel Noboa, junto a sus m\u00e1s obsecuentes ministros y legisladores, areng\u00f3 a cientos de personas a hacer lo impensable en democracia: marchar para mermar la institucionalidad de un organismo independiente, la Corte Constitucional.<\/p>\n<p>El escenario hab\u00eda sido cuidadosamente abonado. D\u00edas antes, Quito amaneci\u00f3 con vallas interactivas y pantallas en camiones \u2014atribuidas a un supuesto colectivo\u2014 que mostraban un conteo de muertes violentas desde que la Corte suspendi\u00f3 temporalmente art\u00edculos de las leyes de Inteligencia, Solidaridad e Integridad.<\/p>\n<p>El mensaje era tan claro como perverso: si hay violencia, la culpa no es de quien gobierna, sino de quienes le ponen l\u00edmites a los excesos incompatibles con una democracia.<\/p>\n<p>La ma\u00f1ana de la marcha, las nuevas vallas mostraban los rostros de los nueve jueces constitucionales. En grandes letras rojas, arriba y abajo de sus fotograf\u00edas, se le\u00eda el relato de una mentira: \u201cEstos son los jueces que nos est\u00e1n robando la paz. Firmaron contra leyes que nos proteg\u00edan\u201d.<\/p>\n<p>Esta estrategia visual y discursiva buscaba personificar el supuesto obst\u00e1culo a la seguridad, identificando p\u00fablicamente a los magistrados de la Corte Constitucional tergiversando una decisi\u00f3n que es parte de sus competencia \u2014 suspender temporalmente los art\u00edculos cuestionados\u2014, para posicionarlos como responsables directos de la violencia que azota al pa\u00eds.<\/p>\n<p>\u201cNo puede ser que unos jueces sentados atr\u00e1s del escritorio le quiten a las Fuerzas Armadas y a la Polic\u00eda las herramientas que necesitan\u201d, dir\u00eda el ministro de Defensa, Gianarlo Loffredo. Agregar\u00eda, enseguida, que la Corte \u201cno ha hecho m\u00e1s que ser una molestia y un estorbo para el bloque de seguridad\u201d.<\/p>\n<p>En esta ofensiva discursiva, Loffredo resumi\u00f3 lo que su gobierno cree: que la Corte Constitucional es un \u201cestorbo\u201d.<\/p>\n<p>Y ah\u00ed est\u00e1 el n\u00facleo del problema.<\/p>\n<p>Cuando se considera que el Estado de derecho entorpece, la tentaci\u00f3n de salt\u00e1rselo deja de ser una amenaza y se convierte en pol\u00edtica p\u00fablica.<\/p>\n<p>\u201cNo vamos a permitir que se nos paren, que el cambio se quede estancado por nueve personas que ni siquiera dan la cara, que buscan esconder sus nombres y sus caras ante el Ecuador\u201d, dijo Noboa en su discurso de menos de dos minutos.<\/p>\n<p>Este relato, que presenta al m\u00e1s alto tribunal como lento e ineficaz y al presidente como el protector que debe actuar sin amarras, conecta con un pa\u00eds harto de la violencia. Pero esa conexi\u00f3n emocional tiene un costo: socava la legitimidad de las instituciones y normaliza que el poder ejecutivo pueda estigmatizar a jueces y tribunales que ponen l\u00edmites a sus \u00ednfulas autoritarias.<\/p>\n<p>Los carteles con rostros y nombres de magistrados acus\u00e1ndolos de \u201crobar la paz\u201d no son un ejercicio de transparencia: son una forma de presi\u00f3n pol\u00edtica que socava la democracia y crea enemigos f\u00e1ciles de identificar.<\/p>\n<p>Al gobierno le resulta m\u00e1s sencillo construir un relato simplista contra la Corte Constitucional que presentar una pol\u00edtica p\u00fablica y una estrategia de seguridad integral cuyos resultados eventualmente se ver\u00e1n a largo plazo.<\/p>\n<p>Aprovecha, adem\u00e1s, para aleccionar: si una instituci\u00f3n act\u00faa contra el inter\u00e9s del gobierno, puede convertirse en objeto de escarnio p\u00fablico. El efecto es amedrentar a otras funciones del Estado, pero tambi\u00e9n desincentivar la cr\u00edtica y el escrutinio p\u00fablico hacia la labor del Ejecutivo.<\/p>\n<p>En el extremo joven de una presidencia sin rumbo claro, Noboa ha canalizado la indignaci\u00f3n colectiva contra la violencia hacia un blanco pol\u00edticamente fr\u00e1gil: la Corte Constitucional, el m\u00e1ximo tribunal encargado de velar por la vigencia de la Carta Magna. Lo hace con s\u00edmbolos simplistas y frases cortas que apelan a la emoci\u00f3n inmediata, pero que sacrifican el valor de la intermediaci\u00f3n democr\u00e1tica; esa que garantiza que, incluso en tiempos de crisis o confrontaci\u00f3n institucional, el gobierno se sustente en legitimidad y no solo en fuerza.<\/p>\n<p>Es grav\u00edsimo calificar a la Corte Constitucional como un \u201cestorbo\u201d, porque lo que estorba se elimina. Pero en una democracia no puede estorbar una instituci\u00f3n cuyo fin es proteger el Estado de derecho; si esa instituci\u00f3n desaparece, desaparece la democracia misma. <strong>Fuente: Primicias<\/strong><\/p>\n","protected":false},"excerpt":{"rendered":"<p>Mar\u00eda Sol Borja Periodista. Conductora del podcast Esto no es Pol\u00edtico. Ha sido editora pol\u00edtica, reportera de noticias, cronista y colaboradora en medios nacionales e internacionales como New York Times y Washington Post. En Ecuador, la \u00faltima semana ha dejado claro que para el gobierno de Daniel Noboa, la democracia no es un pilar fundamental e inquebrantable, sino un obst\u00e1culo inc\u00f3modo del que puede deshacerse cuando estorba. Una semana despu\u00e9s de que la ministra de Gobierno y el presidente de la Asamblea \u2014ambos representantes del oficialismo\u2014 aparecieran en cadena nacional, flanqueados por polic\u00edas y militares armados y encapuchados, para advertir a la Corte Constitucional, el ataque contra este organismo no se ha detenido: se ha intensificado. Con una marcha previamente anunciada, el presidente Daniel Noboa, junto a sus m\u00e1s obsecuentes ministros y legisladores, areng\u00f3 a cientos de personas a hacer lo impensable en democracia: marchar para mermar la institucionalidad de un organismo independiente, la Corte Constitucional. El escenario hab\u00eda sido cuidadosamente abonado. D\u00edas antes, Quito amaneci\u00f3 con vallas interactivas y pantallas en camiones \u2014atribuidas a un supuesto colectivo\u2014 que mostraban un conteo de muertes violentas desde que la Corte suspendi\u00f3 temporalmente art\u00edculos de las leyes de Inteligencia, Solidaridad e Integridad. El mensaje era tan claro como perverso: si hay violencia, la culpa no es de quien gobierna, sino de quienes le ponen l\u00edmites a los excesos incompatibles con una democracia. La ma\u00f1ana de la marcha, las nuevas vallas mostraban los rostros de los nueve jueces constitucionales. En grandes letras rojas, arriba y abajo de sus fotograf\u00edas, se le\u00eda el relato de una mentira: \u201cEstos son los jueces que nos est\u00e1n robando la paz. Firmaron contra leyes que nos proteg\u00edan\u201d. Esta estrategia visual y discursiva buscaba personificar el supuesto obst\u00e1culo a la seguridad, identificando p\u00fablicamente a los magistrados de la Corte Constitucional tergiversando una decisi\u00f3n que es parte de sus competencia \u2014 suspender temporalmente los art\u00edculos cuestionados\u2014, para posicionarlos como responsables directos de la violencia que azota al pa\u00eds. \u201cNo puede ser que unos jueces sentados atr\u00e1s del escritorio le quiten a las Fuerzas Armadas y a la Polic\u00eda las herramientas que necesitan\u201d, dir\u00eda el ministro de Defensa, Gianarlo Loffredo. Agregar\u00eda, enseguida, que la Corte \u201cno ha hecho m\u00e1s que ser una molestia y un estorbo para el bloque de seguridad\u201d. En esta ofensiva discursiva, Loffredo resumi\u00f3 lo que su gobierno cree: que la Corte Constitucional es un \u201cestorbo\u201d. Y ah\u00ed est\u00e1 el n\u00facleo del problema. Cuando se considera que el Estado de derecho entorpece, la tentaci\u00f3n de salt\u00e1rselo deja de ser una amenaza y se convierte en pol\u00edtica p\u00fablica. \u201cNo vamos a permitir que se nos paren, que el cambio se quede estancado por nueve personas que ni siquiera dan la cara, que buscan esconder sus nombres y sus caras ante el Ecuador\u201d, dijo Noboa en su discurso de menos de dos minutos. Este relato, que presenta al m\u00e1s alto tribunal como lento e ineficaz y al presidente como el protector que debe actuar sin amarras, conecta con un pa\u00eds harto de la violencia. Pero esa conexi\u00f3n emocional tiene un costo: socava la legitimidad de las instituciones y normaliza que el poder ejecutivo pueda estigmatizar a jueces y tribunales que ponen l\u00edmites a sus \u00ednfulas autoritarias. Los carteles con rostros y nombres de magistrados acus\u00e1ndolos de \u201crobar la paz\u201d no son un ejercicio de transparencia: son una forma de presi\u00f3n pol\u00edtica que socava la democracia y crea enemigos f\u00e1ciles de identificar. Al gobierno le resulta m\u00e1s sencillo construir un relato simplista contra la Corte Constitucional que presentar una pol\u00edtica p\u00fablica y una estrategia de seguridad integral cuyos resultados eventualmente se ver\u00e1n a largo plazo. Aprovecha, adem\u00e1s, para aleccionar: si una instituci\u00f3n act\u00faa contra el inter\u00e9s del gobierno, puede convertirse en objeto de escarnio p\u00fablico. El efecto es amedrentar a otras funciones del Estado, pero tambi\u00e9n desincentivar la cr\u00edtica y el escrutinio p\u00fablico hacia la labor del Ejecutivo. En el extremo joven de una presidencia sin rumbo claro, Noboa ha canalizado la indignaci\u00f3n colectiva contra la violencia hacia un blanco pol\u00edticamente fr\u00e1gil: la Corte Constitucional, el m\u00e1ximo tribunal encargado de velar por la vigencia de la Carta Magna. Lo hace con s\u00edmbolos simplistas y frases cortas que apelan a la emoci\u00f3n inmediata, pero que sacrifican el valor de la intermediaci\u00f3n democr\u00e1tica; esa que garantiza que, incluso en tiempos de crisis o confrontaci\u00f3n institucional, el gobierno se sustente en legitimidad y no solo en fuerza. Es grav\u00edsimo calificar a la Corte Constitucional como un \u201cestorbo\u201d, porque lo que estorba se elimina. Pero en una democracia no puede estorbar una instituci\u00f3n cuyo fin es proteger el Estado de derecho; si esa instituci\u00f3n desaparece, desaparece la democracia misma. Fuente: Primicias<\/p>\n","protected":false},"author":1,"featured_media":25568,"comment_status":"closed","ping_status":"closed","sticky":false,"template":"","format":"standard","meta":{"footnotes":""},"categories":[7],"tags":[],"class_list":["post-25567","post","type-post","status-publish","format-standard","has-post-thumbnail","hentry","category-opinion"],"_links":{"self":[{"href":"https:\/\/www.elamazonico.com\/portal\/wp-json\/wp\/v2\/posts\/25567","targetHints":{"allow":["GET"]}}],"collection":[{"href":"https:\/\/www.elamazonico.com\/portal\/wp-json\/wp\/v2\/posts"}],"about":[{"href":"https:\/\/www.elamazonico.com\/portal\/wp-json\/wp\/v2\/types\/post"}],"author":[{"embeddable":true,"href":"https:\/\/www.elamazonico.com\/portal\/wp-json\/wp\/v2\/users\/1"}],"replies":[{"embeddable":true,"href":"https:\/\/www.elamazonico.com\/portal\/wp-json\/wp\/v2\/comments?post=25567"}],"version-history":[{"count":1,"href":"https:\/\/www.elamazonico.com\/portal\/wp-json\/wp\/v2\/posts\/25567\/revisions"}],"predecessor-version":[{"id":25569,"href":"https:\/\/www.elamazonico.com\/portal\/wp-json\/wp\/v2\/posts\/25567\/revisions\/25569"}],"wp:featuredmedia":[{"embeddable":true,"href":"https:\/\/www.elamazonico.com\/portal\/wp-json\/wp\/v2\/media\/25568"}],"wp:attachment":[{"href":"https:\/\/www.elamazonico.com\/portal\/wp-json\/wp\/v2\/media?parent=25567"}],"wp:term":[{"taxonomy":"category","embeddable":true,"href":"https:\/\/www.elamazonico.com\/portal\/wp-json\/wp\/v2\/categories?post=25567"},{"taxonomy":"post_tag","embeddable":true,"href":"https:\/\/www.elamazonico.com\/portal\/wp-json\/wp\/v2\/tags?post=25567"}],"curies":[{"name":"wp","href":"https:\/\/api.w.org\/{rel}","templated":true}]}}