{"id":25564,"date":"2025-08-13T09:50:02","date_gmt":"2025-08-13T14:50:02","guid":{"rendered":"https:\/\/www.elamazonico.com\/portal\/?p=25564"},"modified":"2025-08-13T09:50:02","modified_gmt":"2025-08-13T14:50:02","slug":"asi-fue-la-primera-marcha-con-la-que-el-presidente-daniel-noboa-midio-la-capacidad-de-movilizacion-de-su-gobierno","status":"publish","type":"post","link":"https:\/\/www.elamazonico.com\/portal\/asi-fue-la-primera-marcha-con-la-que-el-presidente-daniel-noboa-midio-la-capacidad-de-movilizacion-de-su-gobierno\/","title":{"rendered":"As\u00ed fue la primera marcha con la que el presidente Daniel Noboa midi\u00f3 la capacidad de movilizaci\u00f3n de su gobierno"},"content":{"rendered":"<p>Al estilo de gobiernos anteriores, la movilizaci\u00f3n organizada por el oficialismo estuvo nutrida por personas que vinieron de otras provincias, que recibieron su s\u00e1nduche, banderita y las consignas que deb\u00edan gritar. Entre ellos hubo servidores p\u00fablicos, militantes de Acci\u00f3n Democr\u00e1tica Nacional (ADN) y otros ciudadanos en general.<\/p>\n<p>El Municipio de Quito registr\u00f3 el ingreso de, al menos, 733 autobuses con manifestantes.\u00a0As\u00ed, en el punto de partida, se concentraron miles para acompa\u00f1ar el &#8216;bautizo&#8217; del Primer Mandatario en las calles, con su primera protesta \u00abciudadana\u00bb.<\/p>\n<p>Entre ellos estuvieron varios miembros del gabinete presidencial, lejos de sus despachos. Acudieron vestidos de negro, sea para combinar con los chalecos antibalas o distinguirse de la multitud, a la que pidieron ir de amarillo.<\/p>\n<p>Miembros del gabinete ministerial en la marcha contra la Corte Constitucional, en Quito, el 12 de agosto de 2025.@zaidarovira<br \/>\nSin embargo, pese a la cantidad de organizaci\u00f3n, publicidad, propaganda y log\u00edstica que requiri\u00f3 la movilizaci\u00f3n, el Gobierno neg\u00f3 que se hayan utilizado recursos p\u00fablicos. La vocera de Carondelet, Carolina Jaramillo afirm\u00f3 que se trataba de una iniciativa ciudadana y que el Ejecutivo no era responsable de la campa\u00f1a desprestigio contra la Corte Constitucional que se hizo evidente con la colocaci\u00f3n de pancartas con las fotos de los jueces.<\/p>\n<p>Pero el movimiento ADN s\u00ed se adjudic\u00f3 la &#8216;exitosa&#8217; jornada, a la que el grupo sostiene que asistieron 50.000 personas de todo el pa\u00eds. Sin embargo, esa cifra no se reflej\u00f3 del todo en el recorrido. Y el mensaje tambi\u00e9n result\u00f3 difuso.<\/p>\n<p>As\u00ed como casi nadie pudo ver al Mandatario y l\u00edder de la manifestaci\u00f3n, fueron tambi\u00e9n pocos los que pudieron escuchar su cort\u00edsimo mensaje, despu\u00e9s de viajar entre cuatro y 12 horas para llegar a la capital y acompa\u00f1arlo.<\/p>\n<p>Frente al meg\u00e1fono, el presidente Noboa se limit\u00f3 a hablar en nombre del \u00abpueblo\u00bb y de las \u00abmiles de personas que exigen justicia, que piden que se apoye a nuestras fuerzas del orden\u00bb. Tambi\u00e9n repiti\u00f3 que\u00a0no va \u00aba permitir que el cambio se quede estancado por nueve personas que ni siquiera dan la cara, que buscan esconder sus nombres y sus caras ante la sociedad\u00bb.<\/p>\n<p>Una clara alusi\u00f3n a los nueve magistrados de la Corte, que ha sido parte clave del discurso gubernamental de las \u00faltimas dos semanas y que coincidi\u00f3 con el despliegue de vallas gigantes exponiendo los nombres y rostros de los jueces en las calles.<\/p>\n<p>Pero, como lo confirm\u00f3 tambi\u00e9n la vocera presidencial, el presidente Noboa no ten\u00eda previsto nada m\u00e1s que marchar pac\u00edficamente hacia la sede del m\u00e1ximo tribunal del pa\u00eds, no presentar\u00eda ning\u00fan escrito, ni las preguntas del anunciado referendo.<\/p>\n<p>Y justamente los mensajes a lo largo de la marcha reflejaron el desconocimiento de los manifestantes: muchos no sab\u00edan el objetivo de la movilizaci\u00f3n, otros desconoc\u00edan el trabajo de la Corte Constitucional y otros acusaban a los magistrados de liberar delincuentes, como si fuesen jueces ordinarios.<\/p>\n<p><strong>\u00bfC\u00f3mo fue el desarrollo de la marcha?<\/strong><br \/>\nLa marcha convocada y organizada por el Ejecutivo intent\u00f3 levantar el sentimiento patri\u00f3tico de los manifestantes, especialmente de los servidores p\u00fablicos. Desde el cruce de las avenidas Patria y 6 de Diciembre, estaban los encargados de regalar las banderas de Ecuador.<\/p>\n<p>Mientras tanto, los parlantes, ubicados en esquinas clave y en camionetas que acompa\u00f1aron la marcha, repitieron toda la ma\u00f1ana un extracto de la marcha militar que los uniformados acostumbran a entonar cuando ingresa el pabell\u00f3n a una ceremonia: \u201cLevantemos con fe la bandera, rutilante divisa de honor\u2026\u201d.<\/p>\n<p>Y seguido de ese extracto, adem\u00e1s, se escuch\u00f3 repetidamente la parte final del discurso que el expresidente Jaime Rold\u00f3s pronunci\u00f3 el 24 de mayo de 1981, horas antes de su muerte: \u201cEste Ecuador amaz\u00f3nico, desde siempre y hasta siempre. Viva la Patria\u201d. Incluso, los manifestantes gritaron a viva voz esa frase mientras marcharon.<\/p>\n<p>La mayor\u00eda us\u00f3 la camiseta de la Selecci\u00f3n Ecuatoriana de F\u00fatbol, con el caracter\u00edstico amarillo de la bandera nacional. Hubo personas que tambi\u00e9n llegaron con gorras y otras prendas moradas, color caracter\u00edstico de Acci\u00f3n Democr\u00e1tica Nacional (ADN), pero, militares y polic\u00edas, tambi\u00e9n con camisetas amarillas, se encargaron de pedir a las personas que se retiraran cualquier rastro de ese morado. No quer\u00edan \u201cuna marcha partidista\u201d.<\/p>\n<p>As\u00ed, en la avenida 10 de Agosto y calle Bogot\u00e1, frente a la Caja del Seguro Social, las miles de personas se apostaron desde las 08:00 para marchar. Cerca de las 10:00 empezaron a llegar autoridades. Los primeros fueron los ministros Gian Carlo Loffredo y John Reimberg, de Defensa y el Interior, respectivamente.<\/p>\n<p>Tambi\u00e9n arrib\u00f3 Gabriela Sommerfeld, actual Canciller. Y pasadas las 11:00, vestida totalmente de negro, lleg\u00f3 la vicepresidenta Mar\u00eda Jos\u00e9 Pinto. Entonces, militares y polic\u00edas, ordenaron a la marea de gente y la acordaron con una primera fila llena de agentes. Lograron ubicar en una especie de corral a las autoridades, por temas de seguridad.<\/p>\n<p>Finalmente, minutos antes de las 12.00, de un veh\u00edculo blindado descendieron el presidente Daniel Noboa y Michelle Sensi-Contugi, actual director del Centro Nacional de Inteligencia (CNI) y uno de sus funcionarios m\u00e1s cercanos. Sobre la marcha saludaron con sus colegas de Gabinete y arrancaron de inmediato.<\/p>\n<p>A la cabeza, Noboa, Pinto, Loffredo, Reimberg y Sensi-Contugi, la marcha avanz\u00f3 r\u00e1pidamente por las avenidas Patria y 6 de Diciembre, las calles Lizardo Garc\u00eda y Jos\u00e9 Tamayo, hasta llegar a la Corte Constitucional. El recorrido no tom\u00f3 m\u00e1s de 15 minutos, las autoridades pr\u00e1cticamente corrieron \u2014custodiados por polic\u00edas y militares\u2014 que tambi\u00e9n corrieron a su lado.<\/p>\n<p>Y en los exteriores de la Corte no fue diferente, Noboa subi\u00f3 al balde de una camioneta negra y con un meg\u00e1fono dio un discurso de poco m\u00e1s de dos minutos. Baj\u00f3 de la camioneta, subi\u00f3 al blindado y se fue. Los manifestantes permanecieron en ese sector, al menos, una hora m\u00e1s.<\/p>\n<p>Tan r\u00e1pido fue todo que, 40 minutos despu\u00e9s de que Noboa se fue de los exteriores de la Corte, reci\u00e9n llegaron Niels Olsen, presidente de la Asamblea; la legisladora Valentina Centeno, la ministra Alegr\u00eda Crespo (Educaci\u00f3n) y \u00c9dgar Lama von Buchwald (presidente del Directorio del IESS). <strong>Fuente: Primicias<\/strong><\/p>\n","protected":false},"excerpt":{"rendered":"<p>Al estilo de gobiernos anteriores, la movilizaci\u00f3n organizada por el oficialismo estuvo nutrida por personas que vinieron de otras provincias, que recibieron su s\u00e1nduche, banderita y las consignas que deb\u00edan gritar. Entre ellos hubo servidores p\u00fablicos, militantes de Acci\u00f3n Democr\u00e1tica Nacional (ADN) y otros ciudadanos en general. El Municipio de Quito registr\u00f3 el ingreso de, al menos, 733 autobuses con manifestantes.\u00a0As\u00ed, en el punto de partida, se concentraron miles para acompa\u00f1ar el &#8216;bautizo&#8217; del Primer Mandatario en las calles, con su primera protesta \u00abciudadana\u00bb. Entre ellos estuvieron varios miembros del gabinete presidencial, lejos de sus despachos. Acudieron vestidos de negro, sea para combinar con los chalecos antibalas o distinguirse de la multitud, a la que pidieron ir de amarillo. Miembros del gabinete ministerial en la marcha contra la Corte Constitucional, en Quito, el 12 de agosto de 2025.@zaidarovira Sin embargo, pese a la cantidad de organizaci\u00f3n, publicidad, propaganda y log\u00edstica que requiri\u00f3 la movilizaci\u00f3n, el Gobierno neg\u00f3 que se hayan utilizado recursos p\u00fablicos. La vocera de Carondelet, Carolina Jaramillo afirm\u00f3 que se trataba de una iniciativa ciudadana y que el Ejecutivo no era responsable de la campa\u00f1a desprestigio contra la Corte Constitucional que se hizo evidente con la colocaci\u00f3n de pancartas con las fotos de los jueces. Pero el movimiento ADN s\u00ed se adjudic\u00f3 la &#8216;exitosa&#8217; jornada, a la que el grupo sostiene que asistieron 50.000 personas de todo el pa\u00eds. Sin embargo, esa cifra no se reflej\u00f3 del todo en el recorrido. Y el mensaje tambi\u00e9n result\u00f3 difuso. As\u00ed como casi nadie pudo ver al Mandatario y l\u00edder de la manifestaci\u00f3n, fueron tambi\u00e9n pocos los que pudieron escuchar su cort\u00edsimo mensaje, despu\u00e9s de viajar entre cuatro y 12 horas para llegar a la capital y acompa\u00f1arlo. Frente al meg\u00e1fono, el presidente Noboa se limit\u00f3 a hablar en nombre del \u00abpueblo\u00bb y de las \u00abmiles de personas que exigen justicia, que piden que se apoye a nuestras fuerzas del orden\u00bb. Tambi\u00e9n repiti\u00f3 que\u00a0no va \u00aba permitir que el cambio se quede estancado por nueve personas que ni siquiera dan la cara, que buscan esconder sus nombres y sus caras ante la sociedad\u00bb. Una clara alusi\u00f3n a los nueve magistrados de la Corte, que ha sido parte clave del discurso gubernamental de las \u00faltimas dos semanas y que coincidi\u00f3 con el despliegue de vallas gigantes exponiendo los nombres y rostros de los jueces en las calles. Pero, como lo confirm\u00f3 tambi\u00e9n la vocera presidencial, el presidente Noboa no ten\u00eda previsto nada m\u00e1s que marchar pac\u00edficamente hacia la sede del m\u00e1ximo tribunal del pa\u00eds, no presentar\u00eda ning\u00fan escrito, ni las preguntas del anunciado referendo. Y justamente los mensajes a lo largo de la marcha reflejaron el desconocimiento de los manifestantes: muchos no sab\u00edan el objetivo de la movilizaci\u00f3n, otros desconoc\u00edan el trabajo de la Corte Constitucional y otros acusaban a los magistrados de liberar delincuentes, como si fuesen jueces ordinarios. \u00bfC\u00f3mo fue el desarrollo de la marcha? La marcha convocada y organizada por el Ejecutivo intent\u00f3 levantar el sentimiento patri\u00f3tico de los manifestantes, especialmente de los servidores p\u00fablicos. Desde el cruce de las avenidas Patria y 6 de Diciembre, estaban los encargados de regalar las banderas de Ecuador. Mientras tanto, los parlantes, ubicados en esquinas clave y en camionetas que acompa\u00f1aron la marcha, repitieron toda la ma\u00f1ana un extracto de la marcha militar que los uniformados acostumbran a entonar cuando ingresa el pabell\u00f3n a una ceremonia: \u201cLevantemos con fe la bandera, rutilante divisa de honor\u2026\u201d. Y seguido de ese extracto, adem\u00e1s, se escuch\u00f3 repetidamente la parte final del discurso que el expresidente Jaime Rold\u00f3s pronunci\u00f3 el 24 de mayo de 1981, horas antes de su muerte: \u201cEste Ecuador amaz\u00f3nico, desde siempre y hasta siempre. Viva la Patria\u201d. Incluso, los manifestantes gritaron a viva voz esa frase mientras marcharon. La mayor\u00eda us\u00f3 la camiseta de la Selecci\u00f3n Ecuatoriana de F\u00fatbol, con el caracter\u00edstico amarillo de la bandera nacional. Hubo personas que tambi\u00e9n llegaron con gorras y otras prendas moradas, color caracter\u00edstico de Acci\u00f3n Democr\u00e1tica Nacional (ADN), pero, militares y polic\u00edas, tambi\u00e9n con camisetas amarillas, se encargaron de pedir a las personas que se retiraran cualquier rastro de ese morado. No quer\u00edan \u201cuna marcha partidista\u201d. As\u00ed, en la avenida 10 de Agosto y calle Bogot\u00e1, frente a la Caja del Seguro Social, las miles de personas se apostaron desde las 08:00 para marchar. Cerca de las 10:00 empezaron a llegar autoridades. Los primeros fueron los ministros Gian Carlo Loffredo y John Reimberg, de Defensa y el Interior, respectivamente. Tambi\u00e9n arrib\u00f3 Gabriela Sommerfeld, actual Canciller. Y pasadas las 11:00, vestida totalmente de negro, lleg\u00f3 la vicepresidenta Mar\u00eda Jos\u00e9 Pinto. Entonces, militares y polic\u00edas, ordenaron a la marea de gente y la acordaron con una primera fila llena de agentes. Lograron ubicar en una especie de corral a las autoridades, por temas de seguridad. Finalmente, minutos antes de las 12.00, de un veh\u00edculo blindado descendieron el presidente Daniel Noboa y Michelle Sensi-Contugi, actual director del Centro Nacional de Inteligencia (CNI) y uno de sus funcionarios m\u00e1s cercanos. Sobre la marcha saludaron con sus colegas de Gabinete y arrancaron de inmediato. A la cabeza, Noboa, Pinto, Loffredo, Reimberg y Sensi-Contugi, la marcha avanz\u00f3 r\u00e1pidamente por las avenidas Patria y 6 de Diciembre, las calles Lizardo Garc\u00eda y Jos\u00e9 Tamayo, hasta llegar a la Corte Constitucional. El recorrido no tom\u00f3 m\u00e1s de 15 minutos, las autoridades pr\u00e1cticamente corrieron \u2014custodiados por polic\u00edas y militares\u2014 que tambi\u00e9n corrieron a su lado. Y en los exteriores de la Corte no fue diferente, Noboa subi\u00f3 al balde de una camioneta negra y con un meg\u00e1fono dio un discurso de poco m\u00e1s de dos minutos. Baj\u00f3 de la camioneta, subi\u00f3 al blindado y se fue. Los manifestantes permanecieron en ese sector, al menos, una hora m\u00e1s. Tan r\u00e1pido fue todo que, 40 minutos despu\u00e9s de que Noboa se fue de los exteriores de la Corte, reci\u00e9n llegaron Niels Olsen, presidente de la Asamblea; la legisladora Valentina Centeno, la ministra Alegr\u00eda Crespo (Educaci\u00f3n) y \u00c9dgar Lama von Buchwald (presidente del Directorio del IESS).<\/p>\n","protected":false},"author":1,"featured_media":25565,"comment_status":"closed","ping_status":"closed","sticky":false,"template":"","format":"standard","meta":{"footnotes":""},"categories":[268],"tags":[],"class_list":["post-25564","post","type-post","status-publish","format-standard","has-post-thumbnail","hentry","category-nacionales"],"_links":{"self":[{"href":"https:\/\/www.elamazonico.com\/portal\/wp-json\/wp\/v2\/posts\/25564","targetHints":{"allow":["GET"]}}],"collection":[{"href":"https:\/\/www.elamazonico.com\/portal\/wp-json\/wp\/v2\/posts"}],"about":[{"href":"https:\/\/www.elamazonico.com\/portal\/wp-json\/wp\/v2\/types\/post"}],"author":[{"embeddable":true,"href":"https:\/\/www.elamazonico.com\/portal\/wp-json\/wp\/v2\/users\/1"}],"replies":[{"embeddable":true,"href":"https:\/\/www.elamazonico.com\/portal\/wp-json\/wp\/v2\/comments?post=25564"}],"version-history":[{"count":1,"href":"https:\/\/www.elamazonico.com\/portal\/wp-json\/wp\/v2\/posts\/25564\/revisions"}],"predecessor-version":[{"id":25566,"href":"https:\/\/www.elamazonico.com\/portal\/wp-json\/wp\/v2\/posts\/25564\/revisions\/25566"}],"wp:featuredmedia":[{"embeddable":true,"href":"https:\/\/www.elamazonico.com\/portal\/wp-json\/wp\/v2\/media\/25565"}],"wp:attachment":[{"href":"https:\/\/www.elamazonico.com\/portal\/wp-json\/wp\/v2\/media?parent=25564"}],"wp:term":[{"taxonomy":"category","embeddable":true,"href":"https:\/\/www.elamazonico.com\/portal\/wp-json\/wp\/v2\/categories?post=25564"},{"taxonomy":"post_tag","embeddable":true,"href":"https:\/\/www.elamazonico.com\/portal\/wp-json\/wp\/v2\/tags?post=25564"}],"curies":[{"name":"wp","href":"https:\/\/api.w.org\/{rel}","templated":true}]}}