{"id":25561,"date":"2025-08-13T09:46:37","date_gmt":"2025-08-13T14:46:37","guid":{"rendered":"https:\/\/www.elamazonico.com\/portal\/?p=25561"},"modified":"2025-08-13T09:46:37","modified_gmt":"2025-08-13T14:46:37","slug":"solanda-goyes-vocal-del-consejo-de-la-judicatura-se-salva-de-la-censura-en-la-asamblea-asi-se-desarrollo-el-juicio-politico","status":"publish","type":"post","link":"https:\/\/www.elamazonico.com\/portal\/solanda-goyes-vocal-del-consejo-de-la-judicatura-se-salva-de-la-censura-en-la-asamblea-asi-se-desarrollo-el-juicio-politico\/","title":{"rendered":"Solanda Goyes, vocal del Consejo de la Judicatura, se salva de la censura en la Asamblea: as\u00ed se desarroll\u00f3 el juicio pol\u00edtico"},"content":{"rendered":"<p class=\"p_0\">La moci\u00f3n de\u00a0<b>censura\u00a0<\/b>y\u00a0<b>destituci\u00f3n\u00a0<\/b>contra\u00a0<b><a href=\"https:\/\/www.vistazo.com\/politica\/nacional\/2025-07-24-solanda-goyes-tres-jueces-favorecieron-wilman-teran-salvan-destitucion-YN9825098\" target=\"_blank\" rel=\"noopener noreferrer\">Solanda Goyes<\/a><\/b>, vocal del Consejo de la Judicatura (CJ), no fue aprobada por el Pleno de la Asamblea Nacional al alcanzar 75 votos afirmativos, lejos de los 101 requeridos para la mayor\u00eda calificada. El\u00a0<b>juicio pol\u00edtico<\/b>, impulsado por el asamble\u00edsta de Fernando Jaramillo (<b>ADN<\/b>), se desarroll\u00f3 este martes 12 de agosto.<\/p>\n<p class=\"p_2\">Durante su intervenci\u00f3n, Jaramillo argument\u00f3 que la vocal Goyes habr\u00eda\u00a0<b>incumplido\u00a0<\/b>funciones al\u00a0<b>ausentarse\u00a0<\/b>sin justificaci\u00f3n de una sesi\u00f3n clave del Consejo de la Judicatura. En dicha reuni\u00f3n se deb\u00eda aprobar el\u00a0<u>Reglamento para la creaci\u00f3n de judicaturas y jueces especializados en materia constitucional<\/u>, cuyo objetivo es frenar el uso indebido de garant\u00edas constitucionales, especialmente en casos relacionados con\u00a0<b>delincuencia organizada<\/b>. A\u00f1adi\u00f3 que Goyes no asisti\u00f3 a cuatro\u00a0<b>convocatorias\u00a0<\/b>consecutivas para reinstalar la sesi\u00f3n, lo que \u2014seg\u00fan se\u00f1al\u00f3\u2014 retras\u00f3 una resoluci\u00f3n de alto impacto para el sistema judicial, conforme al pronunciamiento popular en las urnas.<\/p>\n<p class=\"p_3\">Seg\u00fan Jaramillo, la ausencia<b>\u00a0de Goyes<\/b>\u00a0permiti\u00f3 el uso y el abuso de\u00a0<b>acciones de protecci\u00f3n<\/b> de las que se beneficiaron personas ligadas con la justicia para obtener su libertad con fallos favorables de jueces.<\/p>\n<p class=\"p_5\">Por su parte, la vocal Solanda Goyes defendi\u00f3 su gesti\u00f3n al frente del CJ, se\u00f1alando que su ausencia en la sesi\u00f3n mencionada permiti\u00f3 incorporar observaciones t\u00e9cnicas desde su despacho al reglamento en discusi\u00f3n.<\/p>\n<p class=\"p_6\">Subray\u00f3 que fue la primera en plantear la necesidad de evaluar a los\u00a0<b>jueces\u00a0<\/b>del pa\u00eds y destac\u00f3 que, en el a\u00f1o que lleva en funciones, se ha impulsado el control disciplinario y la depuraci\u00f3n institucional. \u201c<u>Hemos destituido m\u00e1s de 180 funcionarios, entre ellos un n\u00famero significativo de jueces y juezas<\/u>\u201d, puntualiz\u00f3.<\/p>\n<p class=\"p_7\">Adem\u00e1s, la vocal de la Judicatura se refiri\u00f3 a la\u00a0<b>crisis\u00a0<\/b>de infraestructura que atraviesa la justicia en Ecuador y cuestion\u00f3 que, a 485 d\u00edas de la Consulta Popular, todav\u00eda no se hayan implementado las unidades de Garant\u00edas Constitucionales Especializadas.<\/p>\n<p class=\"p_8\">Durante el debate, la asamble\u00edsta Janeth Bustos (Revoluci\u00f3n Ciudadana) expres\u00f3 que \u00abexisten temas de mayor trascendencia que deber\u00edan ser objeto de control pol\u00edtico\u00bb, al se\u00f1alar que la actuaci\u00f3n de la vocal Goyes no ameritaba una sanci\u00f3n de esta naturaleza.<\/p>\n<p class=\"p_9\">Con\u00a0<b>75 votos afirmativos,<\/b>\u00a0no fue aprobada la moci\u00f3n para la censura. Posteriormente, la legisladora corre\u00edsta Victoria Desintonio pidi\u00f3 la reconsideraci\u00f3n de la votaci\u00f3n y qued\u00f3 en firme lo votado.<\/p>\n<p class=\"p_10\">De esta manera, la Asamblea Nacional dio por concluido el juicio pol\u00edtico contra la vocal Solanda Goyes. <strong>Fuente: Vistazo<\/strong><\/p>\n","protected":false},"excerpt":{"rendered":"<p>La moci\u00f3n de\u00a0censura\u00a0y\u00a0destituci\u00f3n\u00a0contra\u00a0Solanda Goyes, vocal del Consejo de la Judicatura (CJ), no fue aprobada por el Pleno de la Asamblea Nacional al alcanzar 75 votos afirmativos, lejos de los 101 requeridos para la mayor\u00eda calificada. El\u00a0juicio pol\u00edtico, impulsado por el asamble\u00edsta de Fernando Jaramillo (ADN), se desarroll\u00f3 este martes 12 de agosto. Durante su intervenci\u00f3n, Jaramillo argument\u00f3 que la vocal Goyes habr\u00eda\u00a0incumplido\u00a0funciones al\u00a0ausentarse\u00a0sin justificaci\u00f3n de una sesi\u00f3n clave del Consejo de la Judicatura. En dicha reuni\u00f3n se deb\u00eda aprobar el\u00a0Reglamento para la creaci\u00f3n de judicaturas y jueces especializados en materia constitucional, cuyo objetivo es frenar el uso indebido de garant\u00edas constitucionales, especialmente en casos relacionados con\u00a0delincuencia organizada. A\u00f1adi\u00f3 que Goyes no asisti\u00f3 a cuatro\u00a0convocatorias\u00a0consecutivas para reinstalar la sesi\u00f3n, lo que \u2014seg\u00fan se\u00f1al\u00f3\u2014 retras\u00f3 una resoluci\u00f3n de alto impacto para el sistema judicial, conforme al pronunciamiento popular en las urnas. Seg\u00fan Jaramillo, la ausencia\u00a0de Goyes\u00a0permiti\u00f3 el uso y el abuso de\u00a0acciones de protecci\u00f3n de las que se beneficiaron personas ligadas con la justicia para obtener su libertad con fallos favorables de jueces. Por su parte, la vocal Solanda Goyes defendi\u00f3 su gesti\u00f3n al frente del CJ, se\u00f1alando que su ausencia en la sesi\u00f3n mencionada permiti\u00f3 incorporar observaciones t\u00e9cnicas desde su despacho al reglamento en discusi\u00f3n. Subray\u00f3 que fue la primera en plantear la necesidad de evaluar a los\u00a0jueces\u00a0del pa\u00eds y destac\u00f3 que, en el a\u00f1o que lleva en funciones, se ha impulsado el control disciplinario y la depuraci\u00f3n institucional. \u201cHemos destituido m\u00e1s de 180 funcionarios, entre ellos un n\u00famero significativo de jueces y juezas\u201d, puntualiz\u00f3. Adem\u00e1s, la vocal de la Judicatura se refiri\u00f3 a la\u00a0crisis\u00a0de infraestructura que atraviesa la justicia en Ecuador y cuestion\u00f3 que, a 485 d\u00edas de la Consulta Popular, todav\u00eda no se hayan implementado las unidades de Garant\u00edas Constitucionales Especializadas. Durante el debate, la asamble\u00edsta Janeth Bustos (Revoluci\u00f3n Ciudadana) expres\u00f3 que \u00abexisten temas de mayor trascendencia que deber\u00edan ser objeto de control pol\u00edtico\u00bb, al se\u00f1alar que la actuaci\u00f3n de la vocal Goyes no ameritaba una sanci\u00f3n de esta naturaleza. Con\u00a075 votos afirmativos,\u00a0no fue aprobada la moci\u00f3n para la censura. Posteriormente, la legisladora corre\u00edsta Victoria Desintonio pidi\u00f3 la reconsideraci\u00f3n de la votaci\u00f3n y qued\u00f3 en firme lo votado. De esta manera, la Asamblea Nacional dio por concluido el juicio pol\u00edtico contra la vocal Solanda Goyes. Fuente: Vistazo<\/p>\n","protected":false},"author":1,"featured_media":25562,"comment_status":"closed","ping_status":"closed","sticky":false,"template":"","format":"standard","meta":{"footnotes":""},"categories":[268],"tags":[],"class_list":["post-25561","post","type-post","status-publish","format-standard","has-post-thumbnail","hentry","category-nacionales"],"_links":{"self":[{"href":"https:\/\/www.elamazonico.com\/portal\/wp-json\/wp\/v2\/posts\/25561","targetHints":{"allow":["GET"]}}],"collection":[{"href":"https:\/\/www.elamazonico.com\/portal\/wp-json\/wp\/v2\/posts"}],"about":[{"href":"https:\/\/www.elamazonico.com\/portal\/wp-json\/wp\/v2\/types\/post"}],"author":[{"embeddable":true,"href":"https:\/\/www.elamazonico.com\/portal\/wp-json\/wp\/v2\/users\/1"}],"replies":[{"embeddable":true,"href":"https:\/\/www.elamazonico.com\/portal\/wp-json\/wp\/v2\/comments?post=25561"}],"version-history":[{"count":1,"href":"https:\/\/www.elamazonico.com\/portal\/wp-json\/wp\/v2\/posts\/25561\/revisions"}],"predecessor-version":[{"id":25563,"href":"https:\/\/www.elamazonico.com\/portal\/wp-json\/wp\/v2\/posts\/25561\/revisions\/25563"}],"wp:featuredmedia":[{"embeddable":true,"href":"https:\/\/www.elamazonico.com\/portal\/wp-json\/wp\/v2\/media\/25562"}],"wp:attachment":[{"href":"https:\/\/www.elamazonico.com\/portal\/wp-json\/wp\/v2\/media?parent=25561"}],"wp:term":[{"taxonomy":"category","embeddable":true,"href":"https:\/\/www.elamazonico.com\/portal\/wp-json\/wp\/v2\/categories?post=25561"},{"taxonomy":"post_tag","embeddable":true,"href":"https:\/\/www.elamazonico.com\/portal\/wp-json\/wp\/v2\/tags?post=25561"}],"curies":[{"name":"wp","href":"https:\/\/api.w.org\/{rel}","templated":true}]}}