{"id":25554,"date":"2025-08-12T16:53:23","date_gmt":"2025-08-12T21:53:23","guid":{"rendered":"https:\/\/www.elamazonico.com\/portal\/?p=25554"},"modified":"2025-08-12T16:53:23","modified_gmt":"2025-08-12T21:53:23","slug":"ministro-de-salud-confirma-12-muertes-neonatales-en-guayaquil-y-descarta-cifra-de-18-casos","status":"publish","type":"post","link":"https:\/\/www.elamazonico.com\/portal\/ministro-de-salud-confirma-12-muertes-neonatales-en-guayaquil-y-descarta-cifra-de-18-casos\/","title":{"rendered":"Ministro de salud confirma 12 muertes neonatales en Guayaquil y descarta cifra de 18 casos"},"content":{"rendered":"<p>El ministro de Salud, Jimmy Martin, inform\u00f3\u00a0que en julio se\u00a0<strong>registraron 12 muertes de reci\u00e9n nacidos en el Hospital Universitario de Guayaquil,<\/strong>\u00a0y no\u00a0<strong>18 como circul\u00f3 en redes sociales.<\/strong>\u00a0Se\u00f1al\u00f3 que las causas fueron diversas, en su mayor\u00eda asociadas a bajo peso al nacer, prematuridad o inmaturidad extrema, y precis\u00f3 que solo dos casos estuvieron vinculados a la\u00a0<strong>bacteria KPC.<\/strong><\/p>\n<p data-start=\"304\" data-end=\"625\">Seg\u00fan el funcionario, \u00a0esta informaci\u00f3n es\u00a0<strong>\u201calarmista y falsa\u201d\u00a0<\/strong>y los decesos respondieron a causas multifactoriales y no a un \u00fanico origen. Explic\u00f3 que los beb\u00e9s presentaban complicaciones graves, como\u00a0<strong>bajo peso al nacer, prematuridad o inmadurez extrema,<\/strong>\u00a0condiciones que comprometen de forma significativa su estabilidad cl\u00ednica desde los primeros d\u00edas de vida.<\/p>\n<p data-start=\"627\" data-end=\"902\">En dos de los casos, se\u00f1al\u00f3\u00a0<strong>Martin,<\/strong>\u00a0se detect\u00f3 la presencia de la\u00a0<strong>bacteria KPC<\/strong>. Ante esta situaci\u00f3n, en julio se emiti\u00f3 una alerta epidemiol\u00f3gica y se activaron de inmediato los protocolos de bioseguridad para evitar la propagaci\u00f3n de la bacteria en la unidad hospitalaria.<\/p>\n<p data-start=\"904\" data-end=\"1287\">El secretario de Estado tambi\u00e9n\u00a0<strong>rechaz\u00f3 categ\u00f3ricamente<\/strong>\u00a0las versiones que se\u00f1alaban la reutilizaci\u00f3n de c\u00e1nulas en la atenci\u00f3n de los neonatos. Aclar\u00f3 que los beb\u00e9s con inmadurez extrema o muy bajo peso al nacer requieren dispositivos espec\u00edficos de soporte ventilatorio, distintos a las c\u00e1nulas se\u00f1aladas en los rumores, y que estos equipos fueron provistos de forma adecuada por el hospital.<\/p>\n<p data-start=\"1289\" data-end=\"1582\">Respecto a los dos casos asociados con la bacteria, Martin asegur\u00f3 que ya se han tomado decisiones firmes para enfrentar la situaci\u00f3n y fortalecer las medidas de control.<\/p>\n<p data-start=\"1584\" data-end=\"1945\" data-is-last-node=\"\" data-is-only-node=\"\">\u201cEstamos decididos a enfrentar la realidad de nuestro sistema de salud con firmeza y decisi\u00f3n. No vamos a permitir que intereses ajenos a la ciudadan\u00eda interfieran en el objetivo de tener un servicio digno y confiable\u201d, enfatiz\u00f3 el ministro.<\/p>\n","protected":false},"excerpt":{"rendered":"<p>El ministro de Salud, Jimmy Martin, inform\u00f3\u00a0que en julio se\u00a0registraron 12 muertes de reci\u00e9n nacidos en el Hospital Universitario de Guayaquil,\u00a0y no\u00a018 como circul\u00f3 en redes sociales.\u00a0Se\u00f1al\u00f3 que las causas fueron diversas, en su mayor\u00eda asociadas a bajo peso al nacer, prematuridad o inmaturidad extrema, y precis\u00f3 que solo dos casos estuvieron vinculados a la\u00a0bacteria KPC. Seg\u00fan el funcionario, \u00a0esta informaci\u00f3n es\u00a0\u201calarmista y falsa\u201d\u00a0y los decesos respondieron a causas multifactoriales y no a un \u00fanico origen. Explic\u00f3 que los beb\u00e9s presentaban complicaciones graves, como\u00a0bajo peso al nacer, prematuridad o inmadurez extrema,\u00a0condiciones que comprometen de forma significativa su estabilidad cl\u00ednica desde los primeros d\u00edas de vida. En dos de los casos, se\u00f1al\u00f3\u00a0Martin,\u00a0se detect\u00f3 la presencia de la\u00a0bacteria KPC. Ante esta situaci\u00f3n, en julio se emiti\u00f3 una alerta epidemiol\u00f3gica y se activaron de inmediato los protocolos de bioseguridad para evitar la propagaci\u00f3n de la bacteria en la unidad hospitalaria. El secretario de Estado tambi\u00e9n\u00a0rechaz\u00f3 categ\u00f3ricamente\u00a0las versiones que se\u00f1alaban la reutilizaci\u00f3n de c\u00e1nulas en la atenci\u00f3n de los neonatos. Aclar\u00f3 que los beb\u00e9s con inmadurez extrema o muy bajo peso al nacer requieren dispositivos espec\u00edficos de soporte ventilatorio, distintos a las c\u00e1nulas se\u00f1aladas en los rumores, y que estos equipos fueron provistos de forma adecuada por el hospital. Respecto a los dos casos asociados con la bacteria, Martin asegur\u00f3 que ya se han tomado decisiones firmes para enfrentar la situaci\u00f3n y fortalecer las medidas de control. \u201cEstamos decididos a enfrentar la realidad de nuestro sistema de salud con firmeza y decisi\u00f3n. No vamos a permitir que intereses ajenos a la ciudadan\u00eda interfieran en el objetivo de tener un servicio digno y confiable\u201d, enfatiz\u00f3 el ministro.<\/p>\n","protected":false},"author":1,"featured_media":25555,"comment_status":"closed","ping_status":"closed","sticky":false,"template":"","format":"standard","meta":{"footnotes":""},"categories":[268],"tags":[],"class_list":["post-25554","post","type-post","status-publish","format-standard","has-post-thumbnail","hentry","category-nacionales"],"_links":{"self":[{"href":"https:\/\/www.elamazonico.com\/portal\/wp-json\/wp\/v2\/posts\/25554","targetHints":{"allow":["GET"]}}],"collection":[{"href":"https:\/\/www.elamazonico.com\/portal\/wp-json\/wp\/v2\/posts"}],"about":[{"href":"https:\/\/www.elamazonico.com\/portal\/wp-json\/wp\/v2\/types\/post"}],"author":[{"embeddable":true,"href":"https:\/\/www.elamazonico.com\/portal\/wp-json\/wp\/v2\/users\/1"}],"replies":[{"embeddable":true,"href":"https:\/\/www.elamazonico.com\/portal\/wp-json\/wp\/v2\/comments?post=25554"}],"version-history":[{"count":1,"href":"https:\/\/www.elamazonico.com\/portal\/wp-json\/wp\/v2\/posts\/25554\/revisions"}],"predecessor-version":[{"id":25556,"href":"https:\/\/www.elamazonico.com\/portal\/wp-json\/wp\/v2\/posts\/25554\/revisions\/25556"}],"wp:featuredmedia":[{"embeddable":true,"href":"https:\/\/www.elamazonico.com\/portal\/wp-json\/wp\/v2\/media\/25555"}],"wp:attachment":[{"href":"https:\/\/www.elamazonico.com\/portal\/wp-json\/wp\/v2\/media?parent=25554"}],"wp:term":[{"taxonomy":"category","embeddable":true,"href":"https:\/\/www.elamazonico.com\/portal\/wp-json\/wp\/v2\/categories?post=25554"},{"taxonomy":"post_tag","embeddable":true,"href":"https:\/\/www.elamazonico.com\/portal\/wp-json\/wp\/v2\/tags?post=25554"}],"curies":[{"name":"wp","href":"https:\/\/api.w.org\/{rel}","templated":true}]}}