{"id":25535,"date":"2025-08-12T12:04:10","date_gmt":"2025-08-12T17:04:10","guid":{"rendered":"https:\/\/www.elamazonico.com\/portal\/?p=25535"},"modified":"2025-08-12T12:04:10","modified_gmt":"2025-08-12T17:04:10","slug":"usuarios-del-servicio-de-dialisis-en-zamora-chinchipe-alertan-sobre-suspension-inminente-del-tratamiento-vital","status":"publish","type":"post","link":"https:\/\/www.elamazonico.com\/portal\/usuarios-del-servicio-de-dialisis-en-zamora-chinchipe-alertan-sobre-suspension-inminente-del-tratamiento-vital\/","title":{"rendered":"Usuarios del servicio de di\u00e1lisis en Zamora Chinchipe alertan sobre suspensi\u00f3n inminente del tratamiento vital"},"content":{"rendered":"<p>Pacientes del centro de di\u00e1lisis Palcodial Zamora manifestaron p\u00fablicamente su profunda preocupaci\u00f3n ante la notificaci\u00f3n recibida sobre la suspensi\u00f3n del servicio a partir del 16 de agosto de 2025, debido a la falta de pagos por parte de las entidades correspondientes. La medida afectar\u00eda directamente a entre 70 y 80 usuarios, incluidos pacientes afiliados al Instituto Ecuatoriano de Seguridad Social (IESS) y al Ministerio de Salud P\u00fablica (MSP), quienes dependen de este tratamiento para sobrevivir.<\/p>\n<p>En declaraciones a medios locales, C\u00e9sar Vallejo Cabrera, usuario del servicio, explic\u00f3 que la propietaria y directora m\u00e9dica del centro, Dra. Janeth Cuello, comunic\u00f3 la imposibilidad de continuar prestando la atenci\u00f3n debido a deudas acumuladas que ascienden a 14 meses de impago por parte del IESS y 19 meses por parte del MSP. Esta situaci\u00f3n, indic\u00f3, se ha puesto en conocimiento de las autoridades nacionales y provinciales, sin que hasta el momento se haya concretado una soluci\u00f3n.<\/p>\n<p>\u201cEl servicio de di\u00e1lisis es vital; lo recibimos tres veces por semana. Si se suspende, ser\u00e1 una cat\u00e1strofe y muchos compa\u00f1eros fallecer\u00e1n. No se trata de un lujo, sino de nuestra vida misma\u201d, expres\u00f3 Vallejo, se\u00f1alando que los pacientes sienten que han sido ignorados por las autoridades competentes.<\/p>\n<p>Otro usuario, Marcelo Mediana, ratific\u00f3 la denuncia y enfatiz\u00f3 que la Dra. Cuello ha agotado todos los recursos propios y gestiones institucionales posibles, acudiendo incluso a instancias ministeriales, donde, seg\u00fan inform\u00f3, le han indicado que \u201cno hay recursos disponibles\u201d para efectuar los pagos.<\/p>\n<p>Los pacientes hicieron un llamado urgente a la Gobernadora de Zamora Chinchipe, a los representantes legislativos, a la Prefecta provincial y a todas las autoridades competentes, recordando que se trata de un grupo altamente vulnerable cuya atenci\u00f3n es una obligaci\u00f3n del Estado.<\/p>\n<p><strong>Nosotros somos prioridad; no podemos esperar m\u00e1s.<\/strong> La vida de decenas de personas est\u00e1 en riesgo\u201d, concluyeron.<\/p>\n<p>De confirmarse la suspensi\u00f3n, Zamora Chinchipe enfrentar\u00eda un grave problema sanitario y humanitario, ya que no existe en la provincia otra unidad de di\u00e1lisis capaz de absorber la demanda actual.<\/p>\n","protected":false},"excerpt":{"rendered":"<p>Pacientes del centro de di\u00e1lisis Palcodial Zamora manifestaron p\u00fablicamente su profunda preocupaci\u00f3n ante la notificaci\u00f3n recibida sobre la suspensi\u00f3n del servicio a partir del 16 de agosto de 2025, debido a la falta de pagos por parte de las entidades correspondientes. La medida afectar\u00eda directamente a entre 70 y 80 usuarios, incluidos pacientes afiliados al Instituto Ecuatoriano de Seguridad Social (IESS) y al Ministerio de Salud P\u00fablica (MSP), quienes dependen de este tratamiento para sobrevivir. En declaraciones a medios locales, C\u00e9sar Vallejo Cabrera, usuario del servicio, explic\u00f3 que la propietaria y directora m\u00e9dica del centro, Dra. Janeth Cuello, comunic\u00f3 la imposibilidad de continuar prestando la atenci\u00f3n debido a deudas acumuladas que ascienden a 14 meses de impago por parte del IESS y 19 meses por parte del MSP. Esta situaci\u00f3n, indic\u00f3, se ha puesto en conocimiento de las autoridades nacionales y provinciales, sin que hasta el momento se haya concretado una soluci\u00f3n. \u201cEl servicio de di\u00e1lisis es vital; lo recibimos tres veces por semana. Si se suspende, ser\u00e1 una cat\u00e1strofe y muchos compa\u00f1eros fallecer\u00e1n. No se trata de un lujo, sino de nuestra vida misma\u201d, expres\u00f3 Vallejo, se\u00f1alando que los pacientes sienten que han sido ignorados por las autoridades competentes. Otro usuario, Marcelo Mediana, ratific\u00f3 la denuncia y enfatiz\u00f3 que la Dra. Cuello ha agotado todos los recursos propios y gestiones institucionales posibles, acudiendo incluso a instancias ministeriales, donde, seg\u00fan inform\u00f3, le han indicado que \u201cno hay recursos disponibles\u201d para efectuar los pagos. Los pacientes hicieron un llamado urgente a la Gobernadora de Zamora Chinchipe, a los representantes legislativos, a la Prefecta provincial y a todas las autoridades competentes, recordando que se trata de un grupo altamente vulnerable cuya atenci\u00f3n es una obligaci\u00f3n del Estado. Nosotros somos prioridad; no podemos esperar m\u00e1s. La vida de decenas de personas est\u00e1 en riesgo\u201d, concluyeron. De confirmarse la suspensi\u00f3n, Zamora Chinchipe enfrentar\u00eda un grave problema sanitario y humanitario, ya que no existe en la provincia otra unidad de di\u00e1lisis capaz de absorber la demanda actual.<\/p>\n","protected":false},"author":1,"featured_media":25536,"comment_status":"closed","ping_status":"closed","sticky":false,"template":"","format":"standard","meta":{"footnotes":""},"categories":[243],"tags":[],"class_list":["post-25535","post","type-post","status-publish","format-standard","has-post-thumbnail","hentry","category-noticias-zamora"],"_links":{"self":[{"href":"https:\/\/www.elamazonico.com\/portal\/wp-json\/wp\/v2\/posts\/25535","targetHints":{"allow":["GET"]}}],"collection":[{"href":"https:\/\/www.elamazonico.com\/portal\/wp-json\/wp\/v2\/posts"}],"about":[{"href":"https:\/\/www.elamazonico.com\/portal\/wp-json\/wp\/v2\/types\/post"}],"author":[{"embeddable":true,"href":"https:\/\/www.elamazonico.com\/portal\/wp-json\/wp\/v2\/users\/1"}],"replies":[{"embeddable":true,"href":"https:\/\/www.elamazonico.com\/portal\/wp-json\/wp\/v2\/comments?post=25535"}],"version-history":[{"count":1,"href":"https:\/\/www.elamazonico.com\/portal\/wp-json\/wp\/v2\/posts\/25535\/revisions"}],"predecessor-version":[{"id":25537,"href":"https:\/\/www.elamazonico.com\/portal\/wp-json\/wp\/v2\/posts\/25535\/revisions\/25537"}],"wp:featuredmedia":[{"embeddable":true,"href":"https:\/\/www.elamazonico.com\/portal\/wp-json\/wp\/v2\/media\/25536"}],"wp:attachment":[{"href":"https:\/\/www.elamazonico.com\/portal\/wp-json\/wp\/v2\/media?parent=25535"}],"wp:term":[{"taxonomy":"category","embeddable":true,"href":"https:\/\/www.elamazonico.com\/portal\/wp-json\/wp\/v2\/categories?post=25535"},{"taxonomy":"post_tag","embeddable":true,"href":"https:\/\/www.elamazonico.com\/portal\/wp-json\/wp\/v2\/tags?post=25535"}],"curies":[{"name":"wp","href":"https:\/\/api.w.org\/{rel}","templated":true}]}}