{"id":25532,"date":"2025-08-12T11:42:55","date_gmt":"2025-08-12T16:42:55","guid":{"rendered":"https:\/\/www.elamazonico.com\/portal\/?p=25532"},"modified":"2025-08-12T11:42:55","modified_gmt":"2025-08-12T16:42:55","slug":"gobierno-detalla-agenda-internacional-de-daniel-noboa-en-gira-por-brasil-uruguay-argentina-y-japon","status":"publish","type":"post","link":"https:\/\/www.elamazonico.com\/portal\/gobierno-detalla-agenda-internacional-de-daniel-noboa-en-gira-por-brasil-uruguay-argentina-y-japon\/","title":{"rendered":"Gobierno detalla agenda internacional de Daniel Noboa en gira por Brasil, Uruguay, Argentina y Jap\u00f3n"},"content":{"rendered":"<p class=\"p_0\">La vocera del Gobierno, Carolina Jaramillo, inform\u00f3 este martes 12 de agosto la agenda que el presidente de la Rep\u00fablica,\u00a0<b><a href=\"https:\/\/www.vistazo.com\/cronologia\/-\/meta\/daniel-noboa\" target=\"_blank\" rel=\"noopener noreferrer\">Daniel Noboa<\/a><\/b>, tendr\u00e1 como parte de una gira internacional durante el mes de agosto que incluir\u00e1 visitas a Brasil, Uruguay, Argentina y Jap\u00f3n.<\/p>\n<p class=\"p_2\">El Ejecutivo busca, con esta agenda, fortalecer las relaciones bilaterales de Ecuador en temas clave como la seguridad, el comercio y la integraci\u00f3n regional.<\/p>\n<p class=\"p_3\">En la rueda de prensa, Jaramillo dio detalles sobre el itinerario que cumplir\u00e1 Noboa en cada pa\u00eds.<\/p>\n<div class=\"Center2Display\">\n<div id=\"Center2\"><\/div>\n<\/div>\n<p class=\"p_4\">El 18 de agosto, Noboa estar\u00e1 en\u00a0<b>Brasil\u00a0<\/b>para reunirse con su hom\u00f3logo Luiz In\u00e1cio Lula da Silva y con Hugo Motta, presidente de la C\u00e1mara de Diputados.<\/p>\n<p class=\"p_5\">El objetivo es dar un nuevo impulso a la relaci\u00f3n bilateral, enfoc\u00e1ndose en cooperaci\u00f3n, educaci\u00f3n, inversiones y comercio. Adem\u00e1s, se espera concretar otras reuniones de relevancia.<\/p>\n<p class=\"p_7\">El 19 de agosto, el presidente se reunir\u00e1 con Yamand\u00fa Orsi, presidente de\u00a0<b>Uruguay<\/b>, para diversificar y ampliar el intercambio comercial. Se busca atraer inversiones a Ecuador, especialmente en sectores como servicios, inteligencia artificial, inmobiliario y puertos.<\/p>\n<p class=\"p_8\">Adem\u00e1s, participar\u00e1 en un foro organizado por la Asociaci\u00f3n Latinoamericana de Integraci\u00f3n (<b>ALADI<\/b>) y en un evento empresarial que congregar\u00e1 a cerca de 100\u00a0<b>empresarios<\/b>.<\/p>\n<p class=\"p_9\">Del 20 al 21 de agosto, Noboa estar\u00e1 en\u00a0<b>Argentina\u00a0<\/b>para fortalecer la cooperaci\u00f3n en sectores estrat\u00e9gicos como seguridad, comercio, miner\u00eda, energ\u00edas renovables y biotecnolog\u00eda.<\/p>\n<p class=\"p_10\">Mantendr\u00e1 un di\u00e1logo con el presidente\u00a0<b>Javier Milei<\/b>, se reunir\u00e1 con la C\u00e1mara de Diputados, y tendr\u00e1 encuentros con la comunidad de estudiantes y empresarios.<\/p>\n<p class=\"p_11\">Finalmente, del 24 al 30 de agosto, visitar\u00e1\u00a0<b>Jap\u00f3n<\/b>, donde se reunir\u00e1 con el primer ministro\u00a0<b>Ishiba Shigeru<\/b>.<\/p>\n<p class=\"p_12\">Seg\u00fan indic\u00f3 Jaramillo, esta visita representa una oportunidad estrat\u00e9gica para consolidar y fortalecer las relaciones diplom\u00e1ticas y comerciales entre ambos pa\u00edses, considerando que Jap\u00f3n es un socio clave para Ecuador en Asia.<strong> Fuente: Vistazo<\/strong><\/p>\n","protected":false},"excerpt":{"rendered":"<p>La vocera del Gobierno, Carolina Jaramillo, inform\u00f3 este martes 12 de agosto la agenda que el presidente de la Rep\u00fablica,\u00a0Daniel Noboa, tendr\u00e1 como parte de una gira internacional durante el mes de agosto que incluir\u00e1 visitas a Brasil, Uruguay, Argentina y Jap\u00f3n. El Ejecutivo busca, con esta agenda, fortalecer las relaciones bilaterales de Ecuador en temas clave como la seguridad, el comercio y la integraci\u00f3n regional. En la rueda de prensa, Jaramillo dio detalles sobre el itinerario que cumplir\u00e1 Noboa en cada pa\u00eds. El 18 de agosto, Noboa estar\u00e1 en\u00a0Brasil\u00a0para reunirse con su hom\u00f3logo Luiz In\u00e1cio Lula da Silva y con Hugo Motta, presidente de la C\u00e1mara de Diputados. El objetivo es dar un nuevo impulso a la relaci\u00f3n bilateral, enfoc\u00e1ndose en cooperaci\u00f3n, educaci\u00f3n, inversiones y comercio. Adem\u00e1s, se espera concretar otras reuniones de relevancia. El 19 de agosto, el presidente se reunir\u00e1 con Yamand\u00fa Orsi, presidente de\u00a0Uruguay, para diversificar y ampliar el intercambio comercial. Se busca atraer inversiones a Ecuador, especialmente en sectores como servicios, inteligencia artificial, inmobiliario y puertos. Adem\u00e1s, participar\u00e1 en un foro organizado por la Asociaci\u00f3n Latinoamericana de Integraci\u00f3n (ALADI) y en un evento empresarial que congregar\u00e1 a cerca de 100\u00a0empresarios. Del 20 al 21 de agosto, Noboa estar\u00e1 en\u00a0Argentina\u00a0para fortalecer la cooperaci\u00f3n en sectores estrat\u00e9gicos como seguridad, comercio, miner\u00eda, energ\u00edas renovables y biotecnolog\u00eda. Mantendr\u00e1 un di\u00e1logo con el presidente\u00a0Javier Milei, se reunir\u00e1 con la C\u00e1mara de Diputados, y tendr\u00e1 encuentros con la comunidad de estudiantes y empresarios. Finalmente, del 24 al 30 de agosto, visitar\u00e1\u00a0Jap\u00f3n, donde se reunir\u00e1 con el primer ministro\u00a0Ishiba Shigeru. Seg\u00fan indic\u00f3 Jaramillo, esta visita representa una oportunidad estrat\u00e9gica para consolidar y fortalecer las relaciones diplom\u00e1ticas y comerciales entre ambos pa\u00edses, considerando que Jap\u00f3n es un socio clave para Ecuador en Asia. Fuente: Vistazo<\/p>\n","protected":false},"author":1,"featured_media":25533,"comment_status":"closed","ping_status":"closed","sticky":false,"template":"","format":"standard","meta":{"footnotes":""},"categories":[268],"tags":[],"class_list":["post-25532","post","type-post","status-publish","format-standard","has-post-thumbnail","hentry","category-nacionales"],"_links":{"self":[{"href":"https:\/\/www.elamazonico.com\/portal\/wp-json\/wp\/v2\/posts\/25532","targetHints":{"allow":["GET"]}}],"collection":[{"href":"https:\/\/www.elamazonico.com\/portal\/wp-json\/wp\/v2\/posts"}],"about":[{"href":"https:\/\/www.elamazonico.com\/portal\/wp-json\/wp\/v2\/types\/post"}],"author":[{"embeddable":true,"href":"https:\/\/www.elamazonico.com\/portal\/wp-json\/wp\/v2\/users\/1"}],"replies":[{"embeddable":true,"href":"https:\/\/www.elamazonico.com\/portal\/wp-json\/wp\/v2\/comments?post=25532"}],"version-history":[{"count":1,"href":"https:\/\/www.elamazonico.com\/portal\/wp-json\/wp\/v2\/posts\/25532\/revisions"}],"predecessor-version":[{"id":25534,"href":"https:\/\/www.elamazonico.com\/portal\/wp-json\/wp\/v2\/posts\/25532\/revisions\/25534"}],"wp:featuredmedia":[{"embeddable":true,"href":"https:\/\/www.elamazonico.com\/portal\/wp-json\/wp\/v2\/media\/25533"}],"wp:attachment":[{"href":"https:\/\/www.elamazonico.com\/portal\/wp-json\/wp\/v2\/media?parent=25532"}],"wp:term":[{"taxonomy":"category","embeddable":true,"href":"https:\/\/www.elamazonico.com\/portal\/wp-json\/wp\/v2\/categories?post=25532"},{"taxonomy":"post_tag","embeddable":true,"href":"https:\/\/www.elamazonico.com\/portal\/wp-json\/wp\/v2\/tags?post=25532"}],"curies":[{"name":"wp","href":"https:\/\/api.w.org\/{rel}","templated":true}]}}