{"id":25526,"date":"2025-08-12T11:36:03","date_gmt":"2025-08-12T16:36:03","guid":{"rendered":"https:\/\/www.elamazonico.com\/portal\/?p=25526"},"modified":"2025-08-12T11:36:03","modified_gmt":"2025-08-12T16:36:03","slug":"daniel-noboa-salio-desde-carondelet-para-sumarse-a-la-marcha-hacia-la-corte-constitucional","status":"publish","type":"post","link":"https:\/\/www.elamazonico.com\/portal\/daniel-noboa-salio-desde-carondelet-para-sumarse-a-la-marcha-hacia-la-corte-constitucional\/","title":{"rendered":"Daniel Noboa sali\u00f3 desde Carondelet para sumarse a la marcha hacia la Corte Constitucional"},"content":{"rendered":"<p>El Gobierno de Daniel Noboa liderar\u00e1 una marcha contra la Corte Constitucional\u00a0del Ecuador este martes 12 de agosto de 2025, como respuesta al control del organismo a tres leyes impulsadas por el Ejecutivo, que fueron aprobadas recientemente en la Asamblea Nacional.<\/p>\n<p>El pasado 6 de agosto, despu\u00e9s de que la Corte admiti\u00f3 a tr\u00e1mite varias demandas contra las leyes y suspendi\u00f3 la aplicaci\u00f3n de varios art\u00edculos, Noboa llam\u00f3 a la ciudadan\u00eda a marchar de forma pac\u00edfica hacia la sede del organismo, en Quito.<\/p>\n<p>Daniel Noboa se suma a la lista de mandatarios que buscaron &#8216;mandar a la casa&#8217; a los jueces constitucionales<br \/>\nDesde entonces, Noboa y sus ministros hicieron varios llamados para que la ciudadan\u00eda se una a la marcha, incluso calificaron a la Corte Constitucional como un \u00abenemigo del pueblo\u00bb.<\/p>\n<p>Para garantizar la convocatoria, hasta las 08:30 de este martes han llegado a Quito 733 buses desde distintas provincias del pa\u00eds, seg\u00fan datos de la Agencia Metropolitana de Tr\u00e1nsito. Las unidades de transporte llegan con simpatizantes del Gobierno.<\/p>\n<p>\u00bfQu\u00e9 decidi\u00f3 la Corte Constitucional sobre 36 medidas pol\u00e9micas planteadas por Daniel Noboa?<\/p>\n<p>Adem\u00e1s, hay varias calles cerradas en la capital, seg\u00fan la informaci\u00f3n de la AMT.<\/p>\n<p>12\/08\/2025<\/p>\n<p>11:16<\/p>\n<p><strong>Corte Constitucional se pronuncia<\/strong><br \/>\nA trav\u00e9s de un comunicado, la Corte se pronunci\u00f3 sobre la marcha. \u00abLa protesta pac\u00edfica no puede vulnerar la seguridad, independencia y autonom\u00eda de la justicia constitucional\u00bb, dijo el organismo en sus redes sociales.<\/p>\n<p>12\/08\/2025<\/p>\n<p>10:51<\/p>\n<p><strong>Polic\u00eda coloca vallas en la Corte Constitucional<\/strong><br \/>\nMientras la concentraci\u00f3n de ciudadanos crece en la avenida 10 de Agosto, a la espera de la llegada del presidente Noboa, personal de la Polic\u00eda Nacional empez\u00f3 a vallar los exteriores de la Corte Constitucional.<\/p>\n<p>12\/08\/2025<\/p>\n<p>10:52<\/p>\n<p><strong>Llegan ministros y asamble\u00edstas a la concentraci\u00f3n<\/strong><br \/>\nGian Carlo Loffredo, ministro de Defensa, fue la primera autoridad que lleg\u00f3 a la avenida 10 de Agosto. Luego arribaron asamble\u00edstas, la canciller Gabriela Sommerfeld y otras autoridades del Ejecutivo.<\/p>\n<p>12\/08\/2025<\/p>\n<p>10:32<\/p>\n<p><strong>Daniel Noboa sali\u00f3 en caravana desde Carondelet<\/strong><br \/>\nEl ambiente en el Palacio de Carondelet es normal la ma\u00f1ana de este martes. Desde este lugar sali\u00f3 ya una caravana, aunque no se conoce si el primer mandatario ya est\u00e1 en camino al Puente del Guambra, en donde se reunir\u00e1 con sus simpatizantes.<\/p>\n<p>12\/08\/2025<\/p>\n<p>09:37<\/p>\n<p><strong>Manifestantes se concentran frente a la Caja del Seguro<\/strong><br \/>\nLos manifestantes empiezan a agruparse en la avenida 10 de Agosto, frente a la Caja del Seguro, en el sector del parque El Ejido. A las 11:00, desde este punto, saldr\u00e1 la marcha hacia la Corte Constitucional.<\/p>\n<p>09:23<\/p>\n<p><strong>Vocera dice que los carteles contra la Corte no son del Gobierno\u00a0<\/strong><br \/>\nLa vocera del Ejecutivo, Carolina Jaramillo, asegur\u00f3, desde el Palacio de Carondelet, que los carteles que aparecieron este 12 de agosto y en d\u00edas anteriores, contra la Corte Constitucional, \u00abno se trata de manifestaciones que vengan de parte del Gobierno nacional\u00bb.<\/p>\n<p>\u201cNo es una convocatoria que est\u00e9 pagada con fondos p\u00fablicos, asistir\u00e1n los ecuatorianos que est\u00e9n llamados a participar en esta marcha\u201d, explic\u00f3 la vocera.<\/p>\n<p>\u201cEl presidente ha convocado a los ciudadanos a una manifestaci\u00f3n pac\u00edfica y democr\u00e1tica\u201d\u00a0Carolina Jaramillo, vocera del Gobierno<br \/>\n12\/08\/2025<\/p>\n<p>09:17<\/p>\n<p><strong>Simpatizantes del Gobierno llegan a la Corte<\/strong><br \/>\nCon s\u00e1nduches y caf\u00e9 en mano, llegan los primeros simpatizantes del Gobierno a la Corte Constitucional. Adem\u00e1s, un veh\u00edculo blindado cobra se ubic\u00f3 en los exteriores el edificio.<\/p>\n<p>&nbsp;<\/p>\n<p><img decoding=\"async\" src=\"https:\/\/imagenes.primicias.ec\/files\/content_image_simple_414_238\/uploads\/2025\/08\/12\/689b4dc389f1d.jpeg\" alt=\"thumb\" \/><\/p>\n<p>08:17<\/p>\n<p><strong>Exponen rostros de los jueces constitucionales<\/strong><br \/>\nPrevio al inicio de la marcha, valles y carteles con los rostros de los nueve jueces constitucionales aparecieron en las calles de Quito.<\/p>\n<p>En la intersecci\u00f3n de las avenidas Patria y 6 de Diciembre, en el centro norte de Quito, se exhibe una lona con los rostros de los nueve jueces y la leyenda: \u00abEstos son los jueces que nos est\u00e1n robando la paz\u00bb.<\/p>\n<p>En un recorrido realizado por PRIMICIAS, se constat\u00f3 que tambi\u00e9n hay vallas con los rostros de los jueces en la avenida Patria y Juan Le\u00f3n Mera, en la 6 de diciembre y Lizardo Garc\u00eda.<\/p>\n<p>12\/08\/2025<\/p>\n<p>07:52<\/p>\n<p>Corte Constitucional con resguardo militar<br \/>\nUn centenar de militares resguarda el edificio de la Corte Constitucional, que no tuvo vallas met\u00e1licas como en protestas anteriores.<\/p>\n<p>Las actividades en la instituci\u00f3n se desarrollan con normalidad. El personal ingres\u00f3 a sus labores y, de acuerdo con una fuente policial, los jueces tambi\u00e9n lo har\u00e1n de forma presencial.<\/p>\n<p>La calle Jos\u00e9 Tamayo fue cerrada al tr\u00e1nsito desde dos cuadras antes del edificio.<\/p>\n<p><img decoding=\"async\" src=\"https:\/\/imagenes.primicias.ec\/files\/content_image_simple_414_238\/uploads\/2025\/08\/12\/689b38b8c60a6.jpeg\" alt=\"thumb\" \/><\/p>\n<p>07:47<\/p>\n<p><strong>Llegada masiva de buses con simpatizantes de Noboa<\/strong><br \/>\nPor la avenida Velasco Ibarra, desde la madrugada de este 12 de agosto de 2025, decenas de buses con simpatizantes del presidente Daniel Noboa llegan a Quito para participar en la marcha hacia la Corte Constitucional.<\/p>\n<blockquote class=\"twitter-tweet\" data-width=\"550\" data-dnt=\"true\">\n<p lang=\"es\" dir=\"ltr\">Este es el ambiente que hay en el sector del coliseo Rumi\u00f1ahui, en el centro norte de Quito, con la llegada masiva de buses de diferentes provincias con simpatizantes del Gobierno. <a href=\"https:\/\/t.co\/C81nBOiQAp\">https:\/\/t.co\/C81nBOiQAp<\/a> <a href=\"https:\/\/t.co\/lqn7kmwftD\">pic.twitter.com\/lqn7kmwftD<\/a><\/p>\n<p>&mdash; Primicias (@Primicias) <a href=\"https:\/\/twitter.com\/Primicias\/status\/1955255064391524414?ref_src=twsrc%5Etfw\">August 12, 2025<\/a><\/p><\/blockquote>\n<p><script async src=\"https:\/\/platform.twitter.com\/widgets.js\" charset=\"utf-8\"><\/script><\/p>\n<p>Los buses llegan desde diferentes provincias, seg\u00fan constat\u00f3 PRIMICIAS. La llegada masiva provoc\u00f3 congesti\u00f3n vehicular en la zona oriental de Quito.<\/p>\n<p>12\/08\/2025<\/p>\n<p><img decoding=\"async\" src=\"https:\/\/imagenes.primicias.ec\/files\/content_image_simple_414_238\/uploads\/2025\/08\/12\/689b3dad2d6e1.jpeg\" alt=\"thumb\" \/><\/p>\n<p>07:43<\/p>\n<p><strong>Manifestantes empiezan a llegar a la concentraci\u00f3n<\/strong><br \/>\nAlgunos manifestantes se concentran en El Ejido. Ciudadanos llevan banderas tricolores, que se ofrecen de forma gratuita por alto parlante. Mientras que personal de Protecci\u00f3n Civil de la Secretar\u00eda Nacional de Riegos se dirige hacia el centro de la capital. <strong>Fuente: Primicias<\/strong><\/p>\n","protected":false},"excerpt":{"rendered":"<p>El Gobierno de Daniel Noboa liderar\u00e1 una marcha contra la Corte Constitucional\u00a0del Ecuador este martes 12 de agosto de 2025, como respuesta al control del organismo a tres leyes impulsadas por el Ejecutivo, que fueron aprobadas recientemente en la Asamblea Nacional. El pasado 6 de agosto, despu\u00e9s de que la Corte admiti\u00f3 a tr\u00e1mite varias demandas contra las leyes y suspendi\u00f3 la aplicaci\u00f3n de varios art\u00edculos, Noboa llam\u00f3 a la ciudadan\u00eda a marchar de forma pac\u00edfica hacia la sede del organismo, en Quito. Daniel Noboa se suma a la lista de mandatarios que buscaron &#8216;mandar a la casa&#8217; a los jueces constitucionales Desde entonces, Noboa y sus ministros hicieron varios llamados para que la ciudadan\u00eda se una a la marcha, incluso calificaron a la Corte Constitucional como un \u00abenemigo del pueblo\u00bb. Para garantizar la convocatoria, hasta las 08:30 de este martes han llegado a Quito 733 buses desde distintas provincias del pa\u00eds, seg\u00fan datos de la Agencia Metropolitana de Tr\u00e1nsito. Las unidades de transporte llegan con simpatizantes del Gobierno. \u00bfQu\u00e9 decidi\u00f3 la Corte Constitucional sobre 36 medidas pol\u00e9micas planteadas por Daniel Noboa? Adem\u00e1s, hay varias calles cerradas en la capital, seg\u00fan la informaci\u00f3n de la AMT. 12\/08\/2025 11:16 Corte Constitucional se pronuncia A trav\u00e9s de un comunicado, la Corte se pronunci\u00f3 sobre la marcha. \u00abLa protesta pac\u00edfica no puede vulnerar la seguridad, independencia y autonom\u00eda de la justicia constitucional\u00bb, dijo el organismo en sus redes sociales. 12\/08\/2025 10:51 Polic\u00eda coloca vallas en la Corte Constitucional Mientras la concentraci\u00f3n de ciudadanos crece en la avenida 10 de Agosto, a la espera de la llegada del presidente Noboa, personal de la Polic\u00eda Nacional empez\u00f3 a vallar los exteriores de la Corte Constitucional. 12\/08\/2025 10:52 Llegan ministros y asamble\u00edstas a la concentraci\u00f3n Gian Carlo Loffredo, ministro de Defensa, fue la primera autoridad que lleg\u00f3 a la avenida 10 de Agosto. Luego arribaron asamble\u00edstas, la canciller Gabriela Sommerfeld y otras autoridades del Ejecutivo. 12\/08\/2025 10:32 Daniel Noboa sali\u00f3 en caravana desde Carondelet El ambiente en el Palacio de Carondelet es normal la ma\u00f1ana de este martes. Desde este lugar sali\u00f3 ya una caravana, aunque no se conoce si el primer mandatario ya est\u00e1 en camino al Puente del Guambra, en donde se reunir\u00e1 con sus simpatizantes. 12\/08\/2025 09:37 Manifestantes se concentran frente a la Caja del Seguro Los manifestantes empiezan a agruparse en la avenida 10 de Agosto, frente a la Caja del Seguro, en el sector del parque El Ejido. A las 11:00, desde este punto, saldr\u00e1 la marcha hacia la Corte Constitucional. 09:23 Vocera dice que los carteles contra la Corte no son del Gobierno\u00a0 La vocera del Ejecutivo, Carolina Jaramillo, asegur\u00f3, desde el Palacio de Carondelet, que los carteles que aparecieron este 12 de agosto y en d\u00edas anteriores, contra la Corte Constitucional, \u00abno se trata de manifestaciones que vengan de parte del Gobierno nacional\u00bb. \u201cNo es una convocatoria que est\u00e9 pagada con fondos p\u00fablicos, asistir\u00e1n los ecuatorianos que est\u00e9n llamados a participar en esta marcha\u201d, explic\u00f3 la vocera. \u201cEl presidente ha convocado a los ciudadanos a una manifestaci\u00f3n pac\u00edfica y democr\u00e1tica\u201d\u00a0Carolina Jaramillo, vocera del Gobierno 12\/08\/2025 09:17 Simpatizantes del Gobierno llegan a la Corte Con s\u00e1nduches y caf\u00e9 en mano, llegan los primeros simpatizantes del Gobierno a la Corte Constitucional. Adem\u00e1s, un veh\u00edculo blindado cobra se ubic\u00f3 en los exteriores el edificio. &nbsp; 08:17 Exponen rostros de los jueces constitucionales Previo al inicio de la marcha, valles y carteles con los rostros de los nueve jueces constitucionales aparecieron en las calles de Quito. En la intersecci\u00f3n de las avenidas Patria y 6 de Diciembre, en el centro norte de Quito, se exhibe una lona con los rostros de los nueve jueces y la leyenda: \u00abEstos son los jueces que nos est\u00e1n robando la paz\u00bb. En un recorrido realizado por PRIMICIAS, se constat\u00f3 que tambi\u00e9n hay vallas con los rostros de los jueces en la avenida Patria y Juan Le\u00f3n Mera, en la 6 de diciembre y Lizardo Garc\u00eda. 12\/08\/2025 07:52 Corte Constitucional con resguardo militar Un centenar de militares resguarda el edificio de la Corte Constitucional, que no tuvo vallas met\u00e1licas como en protestas anteriores. Las actividades en la instituci\u00f3n se desarrollan con normalidad. El personal ingres\u00f3 a sus labores y, de acuerdo con una fuente policial, los jueces tambi\u00e9n lo har\u00e1n de forma presencial. La calle Jos\u00e9 Tamayo fue cerrada al tr\u00e1nsito desde dos cuadras antes del edificio. 07:47 Llegada masiva de buses con simpatizantes de Noboa Por la avenida Velasco Ibarra, desde la madrugada de este 12 de agosto de 2025, decenas de buses con simpatizantes del presidente Daniel Noboa llegan a Quito para participar en la marcha hacia la Corte Constitucional. Este es el ambiente que hay en el sector del coliseo Rumi\u00f1ahui, en el centro norte de Quito, con la llegada masiva de buses de diferentes provincias con simpatizantes del Gobierno. https:\/\/t.co\/C81nBOiQAp pic.twitter.com\/lqn7kmwftD &mdash; Primicias (@Primicias) August 12, 2025 Los buses llegan desde diferentes provincias, seg\u00fan constat\u00f3 PRIMICIAS. La llegada masiva provoc\u00f3 congesti\u00f3n vehicular en la zona oriental de Quito. 12\/08\/2025 07:43 Manifestantes empiezan a llegar a la concentraci\u00f3n Algunos manifestantes se concentran en El Ejido. Ciudadanos llevan banderas tricolores, que se ofrecen de forma gratuita por alto parlante. Mientras que personal de Protecci\u00f3n Civil de la Secretar\u00eda Nacional de Riegos se dirige hacia el centro de la capital. Fuente: Primicias<\/p>\n","protected":false},"author":1,"featured_media":25527,"comment_status":"closed","ping_status":"closed","sticky":false,"template":"","format":"standard","meta":{"footnotes":""},"categories":[268],"tags":[],"class_list":["post-25526","post","type-post","status-publish","format-standard","has-post-thumbnail","hentry","category-nacionales"],"_links":{"self":[{"href":"https:\/\/www.elamazonico.com\/portal\/wp-json\/wp\/v2\/posts\/25526","targetHints":{"allow":["GET"]}}],"collection":[{"href":"https:\/\/www.elamazonico.com\/portal\/wp-json\/wp\/v2\/posts"}],"about":[{"href":"https:\/\/www.elamazonico.com\/portal\/wp-json\/wp\/v2\/types\/post"}],"author":[{"embeddable":true,"href":"https:\/\/www.elamazonico.com\/portal\/wp-json\/wp\/v2\/users\/1"}],"replies":[{"embeddable":true,"href":"https:\/\/www.elamazonico.com\/portal\/wp-json\/wp\/v2\/comments?post=25526"}],"version-history":[{"count":1,"href":"https:\/\/www.elamazonico.com\/portal\/wp-json\/wp\/v2\/posts\/25526\/revisions"}],"predecessor-version":[{"id":25528,"href":"https:\/\/www.elamazonico.com\/portal\/wp-json\/wp\/v2\/posts\/25526\/revisions\/25528"}],"wp:featuredmedia":[{"embeddable":true,"href":"https:\/\/www.elamazonico.com\/portal\/wp-json\/wp\/v2\/media\/25527"}],"wp:attachment":[{"href":"https:\/\/www.elamazonico.com\/portal\/wp-json\/wp\/v2\/media?parent=25526"}],"wp:term":[{"taxonomy":"category","embeddable":true,"href":"https:\/\/www.elamazonico.com\/portal\/wp-json\/wp\/v2\/categories?post=25526"},{"taxonomy":"post_tag","embeddable":true,"href":"https:\/\/www.elamazonico.com\/portal\/wp-json\/wp\/v2\/tags?post=25526"}],"curies":[{"name":"wp","href":"https:\/\/api.w.org\/{rel}","templated":true}]}}